
{"id":5779,"date":"2020-07-28T15:15:06","date_gmt":"2020-07-28T13:15:06","guid":{"rendered":"http:\/\/seryjni.blog.polityka.pl\/?p=5779"},"modified":"2020-07-28T18:35:04","modified_gmt":"2020-07-28T16:35:04","slug":"umbrella-academy-najlepszy-serial-komiksowy","status":"publish","type":"post","link":"https:\/\/blog.polityka.pl\/seryjni\/2020\/07\/28\/umbrella-academy-najlepszy-serial-komiksowy\/","title":{"rendered":"\u201eUmbrella Academy\u201d \u2013 najlepszy serial komiksowy?"},"content":{"rendered":"\n<figure class=\"wp-block-image\"><img loading=\"lazy\" decoding=\"async\" width=\"1024\" height=\"576\" src=\"\/wp-content\/uploads\/2020\/07\/the-umbrella-academy-season-2-netflix-1024x576.jpg\" alt=\"\" class=\"wp-image-5780\" srcset=\"\/seryjni\/wp-content\/uploads\/2020\/07\/the-umbrella-academy-season-2-netflix-1024x576.jpg 1024w, \/seryjni\/wp-content\/uploads\/2020\/07\/the-umbrella-academy-season-2-netflix-300x169.jpg 300w, \/seryjni\/wp-content\/uploads\/2020\/07\/the-umbrella-academy-season-2-netflix-768x432.jpg 768w, \/seryjni\/wp-content\/uploads\/2020\/07\/the-umbrella-academy-season-2-netflix.jpg 1280w\" sizes=\"(max-width: 1024px) 100vw, 1024px\" \/><\/figure>\n\n\n\n<p>Tak jak na wielkim ekranie, tak te\u017c w serialach superbohaterowie zaczynaj\u0105 wie\u015b\u0107 prym. W tym wypadku tw\u00f3rcy szukaj\u0105 jednak nowych, oryginalnych \u015bcie\u017cek. W ostatnich latach otrzymali\u015bmy wi\u0119c takie produkcje jak \u201eLegion\u201d, \u201eDoom Patrol\u201d, \u201eThe Boys\u201d, \u201eWatchmen\u201d czy \u201eUmbrella Academy\u201d \u2013 odwa\u017cne, czasem do szale\u0144stwa, zaskakuj\u0105ce i niedaj\u0105ce si\u0119 zamkn\u0105\u0107 w jakiejkolwiek szufladce.<\/p>\n\n\n\n<!--more-->\n\n\n\n<p>\u201eUmbrella Academy\u201d wed\u0142ug scenariusza Gerarda Waya to w\u0142a\u015bnie taka postsuperbohaterska fabu\u0142a &#8211; cho\u0107 jest to opowie\u015b\u0107 o herosach, wykorzystuj\u0105ca tropy znane z historii o Supermanie, Batmanie i sp\u00f3\u0142ce, to stara si\u0119 te motywy prze\u0142amywa\u0107, \u201eodbija\u0107 si\u0119\u201d od nich i eksplorowa\u0107 nowe \u015bcie\u017cki. Dostajemy wi\u0119c przede wszystkim opowie\u015b\u0107 o patchoworkowej rodzinie, na czele kt\u00f3rej stoi ekscentryczny i ozi\u0119b\u0142y miliarder. Za matk\u0119 robi robot, za \u201ewujka\u201d inteligentny szympans, a rodze\u0144stwo to grupa dzieci z r\u00f3\u017cnych rodzic\u00f3w, r\u00f3\u017cnych ras i narodowo\u015bci. \u0141\u0105czy je to, \u017ce maj\u0105 niezwyk\u0142e moce i s\u0105 narz\u0119dziami w r\u0119kach \u201etatusia\u201d.<\/p>\n\n\n\n<p>Sercem pierwszego sezonu by\u0142a dysfunkcjonalno\u015b\u0107 tej zbieraniny i dziwaczno\u015b\u0107 ca\u0142ej sytuacji. W sezonie drugim na pierwszym planie wci\u0105\u017c jest dziwaczno\u015b\u0107 (\u201eUmbrella\u2026\u201d ch\u0119tnie si\u0119 w niej p\u0142awi &#8211; przyk\u0142adem posta\u0107 AJa, inteligentnej z\u0142otej rybki z \u201eludzkim cia\u0142em\u201d), ale silniej dochodz\u0105 do g\u0142osu uczucia mi\u0119dzy rodze\u0144stwem, pokr\u0119cona mi\u0142o\u015b\u0107.<\/p>\n\n\n\n<figure class=\"wp-block-image\"><img loading=\"lazy\" decoding=\"async\" width=\"1024\" height=\"683\" src=\"\/wp-content\/uploads\/2020\/07\/UA-1024x683.jpeg\" alt=\"\" class=\"wp-image-5781\" srcset=\"\/seryjni\/wp-content\/uploads\/2020\/07\/UA-1024x683.jpeg 1024w, \/seryjni\/wp-content\/uploads\/2020\/07\/UA-300x200.jpeg 300w, \/seryjni\/wp-content\/uploads\/2020\/07\/UA-768x512.jpeg 768w\" sizes=\"(max-width: 1024px) 100vw, 1024px\" \/><\/figure>\n\n\n\n<p>Og\u00f3lnie wida\u0107 post\u0119p na prawie wszystkich poziomach. Prym wiod\u0105 bohaterowie i bohaterki, rozwijani na fundamentach pierwszego sezonu. Rozkwitaj\u0105 (obsada czuje si\u0119 du\u017co swobodniej), prezentuj\u0105c si\u0119 w pe\u0142ni swej unikatowo\u015bci. Cho\u0107 ulubie\u0144cami widowni z pewno\u015bci\u0105 pozostan\u0105 Numer Pi\u0119\u0107 (doros\u0142y m\u0119\u017cczyzna uwi\u0119ziony w ciele dziecka; jeden z najlepszych p\u0142atnych morderc\u00f3w w historii) czy Klaus (\u201ehipis\u201d potrafi\u0105cy komunikowa\u0107 si\u0119 ze zmar\u0142ymi), trudno nie doceni\u0107 niezwyk\u0142ej z\u0142o\u017cono\u015bci twardziela Diego, rozwoju emocjonalnego Luthera czy w\u0105tku Allison, kt\u00f3ra \u2013 trafiaj\u0105c, jak ca\u0142a rodzina, w lata 60. \u2013 musi odnale\u017a\u0107 si\u0119 na nowo jako kobieta i osoba czarnosk\u00f3ra.<\/p>\n\n\n\n<figure class=\"wp-block-image\"><img loading=\"lazy\" decoding=\"async\" width=\"1024\" height=\"683\" src=\"\/wp-content\/uploads\/2020\/07\/umbrella-academy-season-2-1024x683.jpg\" alt=\"\" class=\"wp-image-5782\" srcset=\"\/seryjni\/wp-content\/uploads\/2020\/07\/umbrella-academy-season-2-1024x683.jpg 1024w, \/seryjni\/wp-content\/uploads\/2020\/07\/umbrella-academy-season-2-300x200.jpg 300w, \/seryjni\/wp-content\/uploads\/2020\/07\/umbrella-academy-season-2-768x512.jpg 768w\" sizes=\"(max-width: 1024px) 100vw, 1024px\" \/><\/figure>\n\n\n\n<p>W\u0142a\u015bnie, lata 60. \u2013 nowy sezon czerpie cz\u0119\u015bciowo z komiksu \u201eDallas\u201d, podobnie za punkt wyj\u015bcia bior\u0105c 22 listopada 1963 r., czyli dzie\u0144 \u015bmierci Kennedy\u2019ego. Adaptacja idzie jednak innymi \u015bcie\u017ckami, na elementach orygina\u0142u buduje nowe konstrukcje, wprowadza nowych bohater\u00f3w \u2013 wyr\u00f3\u017cni\u0107 trzeba Lil\u0119 (Ritu Arya), kt\u00f3ra \u2013 jak Hazel w pierwszym sezonie \u2013 stanowi wk\u0142ad autor\u00f3w serialu i doskonale wpasowuje si\u0119 w ca\u0142o\u015b\u0107.<\/p>\n\n\n\n<p>Lilia to te\u017c istota podej\u015bcia Steve\u2019a Blackmana, showrunnera serialu, do komiksu Waya \u2013 doskonale zrozumia\u0142 intencje autora orygina\u0142u, \u201ewyczu\u0142\u201d jego styl i umie wprowadza\u0107 do tego unikanego \u015bwiata elementy ca\u0142kiem nowe, cz\u0119sto niemaj\u0105ce \u017cadnego oparcia w komiksach. A jednak pasuj\u0105ce do ca\u0142o\u015bci tak idealnie, \u017ce trudno uwierzy\u0107, i\u017c nie sta\u0142 za tym sam autor.<\/p>\n\n\n\n<figure class=\"wp-block-image\"><img loading=\"lazy\" decoding=\"async\" width=\"1024\" height=\"683\" src=\"\/wp-content\/uploads\/2020\/07\/The-Umbrella-Academy-Season-2-1-1024x683.jpg\" alt=\"\" class=\"wp-image-5783\" srcset=\"\/seryjni\/wp-content\/uploads\/2020\/07\/The-Umbrella-Academy-Season-2-1-1024x683.jpg 1024w, \/seryjni\/wp-content\/uploads\/2020\/07\/The-Umbrella-Academy-Season-2-1-300x200.jpg 300w, \/seryjni\/wp-content\/uploads\/2020\/07\/The-Umbrella-Academy-Season-2-1-768x512.jpg 768w, \/seryjni\/wp-content\/uploads\/2020\/07\/The-Umbrella-Academy-Season-2-1.jpg 1920w\" sizes=\"(max-width: 1024px) 100vw, 1024px\" \/><\/figure>\n\n\n\n<p>\u201eUmbrella Academy\u201d to doskona\u0142y przyk\u0142ad tw\u00f3rczej adaptacji, \u0142\u0105cz\u0105cej wierno\u015b\u0107 orygina\u0142owi z niewierno\u015bci\u0105 fabularn\u0105. Abstrahuj\u0105c od relacji serial-komiks: to \u015bwietna rozrywkowa pozycja, pe\u0142na fajerwerk\u00f3w, a jednak oparta na autentycznych emocjach i bohaterach, kt\u00f3rzy \u2013 mimo \u201esuperbohaterstwa\u201d \u2013 naszkicowani s\u0105 bardzo realistycznie.<\/p>\n\n\n\n<p>Sezon drugi jest jeszcze lepszy od \u015bwietnego sezonu pierwszego.<\/p>\n\n\n\n<p><em>W Polsce \u201eUmbrella Academy\u201d mo\u017cna ogl\u0105da\u0107 w serwisie Netflix. Premiera drugiego sezonu 31 lipca.<\/em><\/p>\n","protected":false},"excerpt":{"rendered":"<p>Tak jak na wielkim ekranie, tak te\u017c w serialach superbohaterowie zaczynaj\u0105 wie\u015b\u0107 prym. W tym wypadku tw\u00f3rcy szukaj\u0105 jednak nowych, oryginalnych \u015bcie\u017cek. W ostatnich latach otrzymali\u015bmy wi\u0119c takie produkcje jak \u201eLegion\u201d, \u201eDoom Patrol\u201d, \u201eThe Boys\u201d, \u201eWatchmen\u201d czy \u201eUmbrella Academy\u201d \u2013 odwa\u017cne, czasem do szale\u0144stwa, zaskakuj\u0105ce i niedaj\u0105ce si\u0119 zamkn\u0105\u0107 w jakiejkolwiek szufladce.<\/p>\n","protected":false},"author":7,"featured_media":5797,"comment_status":"open","ping_status":"closed","sticky":false,"template":"","format":"standard","meta":{"footnotes":""},"categories":[7,9,13,27],"tags":[1134,655,600,197,1133],"_links":{"self":[{"href":"https:\/\/blog.polityka.pl\/seryjni\/wp-json\/wp\/v2\/posts\/5779"}],"collection":[{"href":"https:\/\/blog.polityka.pl\/seryjni\/wp-json\/wp\/v2\/posts"}],"about":[{"href":"https:\/\/blog.polityka.pl\/seryjni\/wp-json\/wp\/v2\/types\/post"}],"author":[{"embeddable":true,"href":"https:\/\/blog.polityka.pl\/seryjni\/wp-json\/wp\/v2\/users\/7"}],"replies":[{"embeddable":true,"href":"https:\/\/blog.polityka.pl\/seryjni\/wp-json\/wp\/v2\/comments?post=5779"}],"version-history":[{"count":13,"href":"https:\/\/blog.polityka.pl\/seryjni\/wp-json\/wp\/v2\/posts\/5779\/revisions"}],"predecessor-version":[{"id":5798,"href":"https:\/\/blog.polityka.pl\/seryjni\/wp-json\/wp\/v2\/posts\/5779\/revisions\/5798"}],"wp:featuredmedia":[{"embeddable":true,"href":"https:\/\/blog.polityka.pl\/seryjni\/wp-json\/wp\/v2\/media\/5797"}],"wp:attachment":[{"href":"https:\/\/blog.polityka.pl\/seryjni\/wp-json\/wp\/v2\/media?parent=5779"}],"wp:term":[{"taxonomy":"category","embeddable":true,"href":"https:\/\/blog.polityka.pl\/seryjni\/wp-json\/wp\/v2\/categories?post=5779"},{"taxonomy":"post_tag","embeddable":true,"href":"https:\/\/blog.polityka.pl\/seryjni\/wp-json\/wp\/v2\/tags?post=5779"}],"curies":[{"name":"wp","href":"https:\/\/api.w.org\/{rel}","templated":true}]}}