
{"id":5863,"date":"2020-08-17T17:51:31","date_gmt":"2020-08-17T15:51:31","guid":{"rendered":"http:\/\/seryjni.blog.polityka.pl\/?p=5863"},"modified":"2020-08-17T18:56:36","modified_gmt":"2020-08-17T16:56:36","slug":"prawdziwy-horror-w-krainie-lovecrafta","status":"publish","type":"post","link":"https:\/\/blog.polityka.pl\/seryjni\/2020\/08\/17\/prawdziwy-horror-w-krainie-lovecrafta\/","title":{"rendered":"Prawdziwy horror w \u201eKrainie Lovecrafta\u201d"},"content":{"rendered":"\n<figure class=\"wp-block-image\"><img loading=\"lazy\" decoding=\"async\" width=\"1024\" height=\"576\" src=\"\/wp-content\/uploads\/2020\/08\/lovecraft-country-1-1024x576.jpg\" alt=\"\" class=\"wp-image-5864\" srcset=\"\/seryjni\/wp-content\/uploads\/2020\/08\/lovecraft-country-1-1024x576.jpg 1024w, \/seryjni\/wp-content\/uploads\/2020\/08\/lovecraft-country-1-300x169.jpg 300w, \/seryjni\/wp-content\/uploads\/2020\/08\/lovecraft-country-1-768x432.jpg 768w, \/seryjni\/wp-content\/uploads\/2020\/08\/lovecraft-country-1.jpg 1800w\" sizes=\"(max-width: 1024px) 100vw, 1024px\" \/><\/figure>\n\n\n\n<p>Wbrew tytu\u0142owi serial HBO ma niewiele wsp\u00f3lnego z H.P. Lovecraftem &#8211; bazuje na powie\u015bci Matta Ruffa o tym samym tytule. Tw\u00f3rczo\u015b\u0107 Samotnika z Providence stanowi w niej punkt wyj\u015bcia do opowie\u015bci o USA po\u0142owy XX w., a sam Lovecraft rozliczany jest z rasistowskich pogl\u0105d\u00f3w.<\/p>\n\n\n\n<!--more-->\n\n\n\n<p>Ruff, kt\u00f3ry wyda\u0142 \u201eKrain\u0119\u2026\u201d\u00a0w 2016 r., w pewien spos\u00f3b przewidzia\u0142 to, co rok p\u00f3\u017aniej zrobi\u0142 Jordan Peele. Popularny komik, obecnie jeden z najwa\u017cniejszych tw\u00f3rc\u00f3w horror\u00f3w, zaskoczy\u0142 \u015bwietnym \u201eUciekaj!\u201d (Oscar za najlepszy scenariusz oryginalny), podejmuj\u0105c temat rasizmu w j\u0119zyku kina grozy. W \u201eTo my\u201d, zn\u00f3w horrorze, opowiedzia\u0142 o podzia\u0142ach w USA, daj\u0105c po\u017cywk\u0119 tym, kt\u00f3rzy jego dzie\u0142a chc\u0105 odczytywa\u0107 jako komentarze do obecnej sytuacji w Ameryce. \u201eKraina Lovecrafta\u201d to rzecz dla Peele\u2019a wr\u0119cz idealna: horror, kt\u00f3ry ani na chwil\u0119 nie zapomina o tym, \u017ce jest horrorem i ma by\u0107 straszny. Groza nadnaturalna zestawiana jest z koszmarem podzia\u0142\u00f3w rasowych.<\/p>\n\n\n\n<figure class=\"wp-block-image\"><img loading=\"lazy\" decoding=\"async\" width=\"1024\" height=\"683\" src=\"\/wp-content\/uploads\/2020\/08\/Ep_1___Jonathan_Majors___Elizabeth_Morris-1024x683.jpg\" alt=\"\" class=\"wp-image-5865\" srcset=\"\/seryjni\/wp-content\/uploads\/2020\/08\/Ep_1___Jonathan_Majors___Elizabeth_Morris-1024x683.jpg 1024w, \/seryjni\/wp-content\/uploads\/2020\/08\/Ep_1___Jonathan_Majors___Elizabeth_Morris-300x200.jpg 300w, \/seryjni\/wp-content\/uploads\/2020\/08\/Ep_1___Jonathan_Majors___Elizabeth_Morris-768x512.jpg 768w, \/seryjni\/wp-content\/uploads\/2020\/08\/Ep_1___Jonathan_Majors___Elizabeth_Morris.jpg 1200w\" sizes=\"(max-width: 1024px) 100vw, 1024px\" \/><\/figure>\n\n\n\n<p>Peele i Misaha Green przenie\u015bli powie\u015b\u0107 na ekran do\u015b\u0107 wiernie. To zreszt\u0105 tak naprawd\u0119 zbi\u00f3r opowiada\u0144 \u2013 historie z\u0142\u0105czone grup\u0105 bohater\u00f3w, og\u00f3lnymi w\u0105tkami, stanowi\u0105 w zasadzie samodzielne epizody i eksploruj\u0105 r\u00f3\u017cne tropy literatury grozy. Ruff konfrontuje bohater\u00f3w z nawiedzonymi domami, stworami rodem z mitologii Cthulhu Lovecrafta, eksperymentami szalonych naukowc\u00f3w. A wszystko rozgrywa si\u0119 w USA lat 50.: \u017ceby podr\u00f3\u017cowa\u0107, czarnosk\u00f3rzy zaopatrywali si\u0119 w przewodnik wskazuj\u0105cy miejsca bezpieczne, a w wybranych hrabstwach policja mordowa\u0142a tych, kt\u00f3rych z\u0142apa\u0142a po zachodzie s\u0142o\u0144ca. W ksi\u0105\u017cce i serialu nieustannie si\u0119 zastanawiamy, kto jest straszniejszy: stwory czy ludzie.<\/p>\n\n\n\n<figure class=\"wp-block-image\"><img loading=\"lazy\" decoding=\"async\" width=\"1024\" height=\"683\" src=\"\/wp-content\/uploads\/2020\/08\/200813-lovecraft-country-se-347p_a0ca136d4156bfd9de98deb20c80c656-1024x683.jpg\" alt=\"\" class=\"wp-image-5866\" srcset=\"\/seryjni\/wp-content\/uploads\/2020\/08\/200813-lovecraft-country-se-347p_a0ca136d4156bfd9de98deb20c80c656-1024x683.jpg 1024w, \/seryjni\/wp-content\/uploads\/2020\/08\/200813-lovecraft-country-se-347p_a0ca136d4156bfd9de98deb20c80c656-300x200.jpg 300w, \/seryjni\/wp-content\/uploads\/2020\/08\/200813-lovecraft-country-se-347p_a0ca136d4156bfd9de98deb20c80c656-768x512.jpg 768w, \/seryjni\/wp-content\/uploads\/2020\/08\/200813-lovecraft-country-se-347p_a0ca136d4156bfd9de98deb20c80c656.jpg 1920w\" sizes=\"(max-width: 1024px) 100vw, 1024px\" \/><\/figure>\n\n\n\n<p>\u201eKraina Lovecrafta\u201d to \u015bwietnie zrealizowana antologia grozy. Mi\u0142o\u015bnicy i mi\u0142o\u015bniczki horroru dostaj\u0105 \u201eprzegl\u0105d\u201d klasyki gatunku, a szersza widownia odnajdzie w serialu uniwersalne, niepokoj\u0105co aktualne historie. Niezale\u017cnie od stopnia uwielbienia dla horroru wszystkich najpewniej zachwyci \u015bwietna gra Jurnee Smollett-Bell oraz Jonathana Majorsa.<\/p>\n\n\n\n<p><em>W Polsce \u201eKrain\u0119 Lovecrafta\u201d mo\u017cna ogl\u0105da\u0107 na HBO i HBO GO.<\/em><\/p>\n","protected":false},"excerpt":{"rendered":"<p>Wbrew tytu\u0142owi serial HBO ma niewiele wsp\u00f3lnego z H.P. Lovecraftem &#8211; bazuje na powie\u015bci Matta Ruffa o tym samym tytule. Tw\u00f3rczo\u015b\u0107 Samotnika z Providence stanowi w niej punkt wyj\u015bcia do opowie\u015bci o USA po\u0142owy XX w., a sam Lovecraft rozliczany jest z rasistowskich pogl\u0105d\u00f3w.<\/p>\n","protected":false},"author":7,"featured_media":5877,"comment_status":"open","ping_status":"closed","sticky":false,"template":"","format":"standard","meta":{"footnotes":""},"categories":[448,7,9,13],"tags":[34,1318,1317,1316,600],"_links":{"self":[{"href":"https:\/\/blog.polityka.pl\/seryjni\/wp-json\/wp\/v2\/posts\/5863"}],"collection":[{"href":"https:\/\/blog.polityka.pl\/seryjni\/wp-json\/wp\/v2\/posts"}],"about":[{"href":"https:\/\/blog.polityka.pl\/seryjni\/wp-json\/wp\/v2\/types\/post"}],"author":[{"embeddable":true,"href":"https:\/\/blog.polityka.pl\/seryjni\/wp-json\/wp\/v2\/users\/7"}],"replies":[{"embeddable":true,"href":"https:\/\/blog.polityka.pl\/seryjni\/wp-json\/wp\/v2\/comments?post=5863"}],"version-history":[{"count":10,"href":"https:\/\/blog.polityka.pl\/seryjni\/wp-json\/wp\/v2\/posts\/5863\/revisions"}],"predecessor-version":[{"id":5878,"href":"https:\/\/blog.polityka.pl\/seryjni\/wp-json\/wp\/v2\/posts\/5863\/revisions\/5878"}],"wp:featuredmedia":[{"embeddable":true,"href":"https:\/\/blog.polityka.pl\/seryjni\/wp-json\/wp\/v2\/media\/5877"}],"wp:attachment":[{"href":"https:\/\/blog.polityka.pl\/seryjni\/wp-json\/wp\/v2\/media?parent=5863"}],"wp:term":[{"taxonomy":"category","embeddable":true,"href":"https:\/\/blog.polityka.pl\/seryjni\/wp-json\/wp\/v2\/categories?post=5863"},{"taxonomy":"post_tag","embeddable":true,"href":"https:\/\/blog.polityka.pl\/seryjni\/wp-json\/wp\/v2\/tags?post=5863"}],"curies":[{"name":"wp","href":"https:\/\/api.w.org\/{rel}","templated":true}]}}