
{"id":6111,"date":"2021-02-22T11:50:48","date_gmt":"2021-02-22T10:50:48","guid":{"rendered":"http:\/\/seryjni.blog.polityka.pl\/?p=6111"},"modified":"2021-02-22T16:17:16","modified_gmt":"2021-02-22T15:17:16","slug":"strych-i-okolice-o-dokumencie-allen-kontra-farrow","status":"publish","type":"post","link":"https:\/\/blog.polityka.pl\/seryjni\/2021\/02\/22\/strych-i-okolice-o-dokumencie-allen-kontra-farrow\/","title":{"rendered":"Strych i okolice &#8211; o dokumencie &#8222;Allen kontra Farrow&#8221;"},"content":{"rendered":"\n<figure class=\"wp-block-image\"><img loading=\"lazy\" decoding=\"async\" width=\"1024\" height=\"576\" src=\"\/wp-content\/uploads\/2021\/02\/1b96d0cd66a700494a672562f57164f4-1024x576.jpeg\" alt=\"\" class=\"wp-image-6120\" srcset=\"\/seryjni\/wp-content\/uploads\/2021\/02\/1b96d0cd66a700494a672562f57164f4-1024x576.jpeg 1024w, \/seryjni\/wp-content\/uploads\/2021\/02\/1b96d0cd66a700494a672562f57164f4-300x169.jpeg 300w, \/seryjni\/wp-content\/uploads\/2021\/02\/1b96d0cd66a700494a672562f57164f4-768x432.jpeg 768w, \/seryjni\/wp-content\/uploads\/2021\/02\/1b96d0cd66a700494a672562f57164f4.jpeg 1280w\" sizes=\"(max-width: 1024px) 100vw, 1024px\" \/><\/figure>\n\n\n\n<p>Kirby Dick i Amy Ziering maj\u0105 na koncie dokumenty nie tylko nagradzane, ale te\u017c maj\u0105ce wp\u0142yw na zmiany w ameryka\u0144skim prawie i debacie publicznej. W czteroodcinkowym &#8222;Allen kontra Farrow&#8221; wracaj\u0105 do g\u0142o\u015bnej, ci\u0105gn\u0105cej si\u0119 od 1992 r. sprawy oskar\u017cenia Woody&#8217;ego Allena o molestowanie seksualne siedmioletniej, adoptowanej c\u00f3rki Dylan. Ale patrz\u0105 szerzej.<\/p>\n\n\n\n<!--more-->\n\n\n\n<p>Po dokumentach o nadu\u017cyciach seksualnych w ameryka\u0144skiej armii, na kampusach uczelnianych i zrealizowanym w ubieg\u0142ym roku \u201eOn the Record\u201d (&#8222;Mamy to na ta\u015bmie&#8221;, do obejrzenia w HBO GO), daj\u0105cym g\u0142os ofiarom Russella Simmonsa, bonza z bran\u017cy hiphopowej Dick i Ziering wracaj\u0105 do sprawy Allena. Szeroko ostatnio dyskutowanej &#8211; na nowo &#8211; w \u015bwietle akcji #MeToo i Time&#8217;s Up, artyku\u0142\u00f3w i ksi\u0105\u017cki Ronana Farrowa, w kt\u00f3rych Allen, biologiczny ojciec dziennikarza, pojawia si\u0119 obok m.in. Harveya Weinsteina.<\/p>\n\n\n\n<p>Dokument, nad kt\u00f3rym Dick i Ziering pracowali trzy lata, potwierdza, \u017ce por\u00f3wnania Farrowa nie s\u0105 naci\u0105gane. Bo to nie tylko poruszaj\u0105ca opowie\u015b\u0107 Dylan Farrow, dzi\u015b 35-letniej, kt\u00f3ra nigdy nie wycofa\u0142a zarzut\u00f3w. I prezentowane po raz pierwszy publicznie s\u0142ynne nagranie wideo autorstwa Mii Farrow, w kt\u00f3rym siedmiolatka opowiada matce, co tatu\u015b zrobi\u0142 jej na strychu domu Farrow w Connecticut. Allen przez dekady utrzymywa\u0142, \u017ce dziecko by\u0142o &#8222;szkolone&#8221; przez matk\u0119, kt\u00f3ra wykorzysta\u0142a je w ten spos\u00f3b, by zem\u015bci\u0107 si\u0119 na by\u0142ym partnerze za zdrad\u0119. W grudniu 1991 r. Farrow odkry\u0142a nagie i erotyczne zdj\u0119cia zrobione przez Allena innej adoptowanej c\u00f3rce Farrow, 20-letniej wtedy Soon-Yi. Allen przyzna\u0142 si\u0119 do romansu, cho\u0107 t\u0142umaczenia by\u0142y pokr\u0119tne, ostatecznie w 1997 r. si\u0119 z Soon-Yi o\u017ceni\u0142.<\/p>\n\n\n\n<p>W dokumencie &#8222;Allen kontra Farrow&#8221; tw\u00f3rcy zagl\u0105daj\u0105 za kulisy zwi\u0105zku Allena i Farrow, trwaj\u0105cego 12 lat i opiewaj\u0105cego na 13 film\u00f3w. Ale r\u00f3wnie wa\u017cna i mocna jest cz\u0119\u015b\u0107 s\u0105dowa &#8211; zagl\u0105danie za kulisy kolejnych rozpraw i dzia\u0142ania rozmaitych s\u0142u\u017cb, gdy w gr\u0119 wchodz\u0105 oskar\u017cenia wobec pot\u0119\u017cnego i publicznego cz\u0142owieka, kt\u00f3ry od dekad, kr\u0119c\u0105c filmy w i o Nowym Jorku, reklamuje miasto, co przek\u0142ada si\u0119 na bardzo konkretne przychody m.in. z turystyki. Siedmioletnia Dylan by\u0142a przes\u0142uchiwana&#8230; dziewi\u0119ciokrotnie. Notatki z tych przes\u0142ucha\u0144 dziwnym trafem zosta\u0142y zniszczone, a zamiast przes\u0142uchuj\u0105cych j\u0105 urz\u0119dniczek zeznawa\u0142 ich szef. Potem zwolniono urz\u0119dnika, kt\u00f3ry wyda\u0142 niekorzystn\u0105 dla Allena opini\u0119.<\/p>\n\n\n\n<figure class=\"wp-block-image\"><img loading=\"lazy\" decoding=\"async\" width=\"1024\" height=\"579\" src=\"\/wp-content\/uploads\/2021\/02\/Allen-kontra-Farrow-serial-dokumentalny-HBO-1-1024x579.jpg\" alt=\"\" class=\"wp-image-6115\" srcset=\"\/seryjni\/wp-content\/uploads\/2021\/02\/Allen-kontra-Farrow-serial-dokumentalny-HBO-1-1024x579.jpg 1024w, \/seryjni\/wp-content\/uploads\/2021\/02\/Allen-kontra-Farrow-serial-dokumentalny-HBO-1-300x170.jpg 300w, \/seryjni\/wp-content\/uploads\/2021\/02\/Allen-kontra-Farrow-serial-dokumentalny-HBO-1-768x434.jpg 768w\" sizes=\"(max-width: 1024px) 100vw, 1024px\" \/><\/figure>\n\n\n\n<p>Jak si\u0119 dowiadujemy, procesu o molestowanie w 1992 r. ostatecznie nie wszcz\u0119to nie dlatego, \u017ce nie by\u0142o do tego podstaw, czy \u017ce prokuratura uzna\u0142a nagranie Farrow za zmanipulowane, tylko dlatego, \u017ce zmaltretowana wcze\u015bniejszymi przes\u0142uchaniami Dylan odm\u00f3wi\u0142a wsp\u00f3\u0142pracy. Prokuratura uzna\u0142a, \u017ce ze wzgl\u0119du na dobro dziecka nie b\u0119dzie kontynuowa\u0107 dzia\u0142a\u0144. Mia Farrow z tych samych wzgl\u0119d\u00f3w nie naciska\u0142a. A potem Allen wytoczy\u0142 jej proces o odebranie praw do opieki nad pozosta\u0142ymi dzie\u0107mi&#8230;<\/p>\n\n\n\n<p>Dokument pokazuje, \u017ce dzia\u0142ania Allena i jego armii prawnik\u00f3w i piarowc\u00f3w nie odbiegaj\u0105 od tych u\u017cywanych przez Harveya Weinsteina: zastraszanie ofiar, manipulowanie mediami, wykorzystywanie pozycji, wp\u0142ywanie na urz\u0119dnik\u00f3w.<\/p>\n\n\n\n<p>Ale te\u017c mo\u017ce co\u015b gorszego &#8211; powo\u0142ywanie si\u0119 na skompromitowanych ekspert\u00f3w, wynoszenie fa\u0142szywych teorii do rangi naukowych fakt\u00f3w, z pomoc\u0105 kt\u00f3rych walczy si\u0119 nie tylko w konkretnej sprawie, ale ustanawia rodzaj zasady obowi\u0105zuj\u0105cej potem w tysi\u0105cach kolejnych proces\u00f3w i maj\u0105cej wp\u0142yw na \u017cycie tysi\u0119cy zwyk\u0142ych ludzi.<\/p>\n\n\n\n<p>Wed\u0142ug Dicka i Ziering podnoszona podczas proces\u00f3w Allena i Farrow przez prawnik\u00f3w tego pierwszego teoria o fa\u0142szywych oskar\u017ceniach o pedofili\u0119 wysuwanych rzekomo masowo przeciw ojcom przez \u017cony czy partnerki w akcie zemsty &#8211; sta\u0142a si\u0119 potem szeroko u\u017cywana w podobnych bataliach s\u0105dowych w USA. W rzeczywisto\u015bci badania pokazuj\u0105, \u017ce fa\u0142szywych jest kilka procent takich oskar\u017ce\u0144, reszta ma uzasadnienie, ale w wyniku nag\u0142a\u015bniania tej teorii przez Allena w mediach opinia publiczna i s\u0105dy przewa\u017cnie stawa\u0142y po stronie oskar\u017conych, co prze\u0142o\u017cy\u0142o si\u0119 na dalsze cierpienie ofiar, zamkni\u0119tych w pedofilskim koszmarze.<\/p>\n\n\n\n<p>Dokument podnosi te\u017c temat sterowania opini\u0105 publiczn\u0105, kszta\u0142towania wizerunku, rozk\u0142adu si\u0142 w debacie publicznej. Tak\u017ce odbioru film\u00f3w Allena. W latach 90. XX w. i dzi\u015b. Wypowiadaj\u0105 si\u0119 tu &#8211; obok Dylan, Mii Farrow, cz\u0142onk\u00f3w rodziny, przyjaci\u00f3\u0142, prokuratora, psycholog\u00f3w itd. &#8211; tak\u017ce dziennikarze i krytycy filmowi.<\/p>\n\n\n<p><iframe loading=\"lazy\" width=\"560\" height=\"315\" src=\"https:\/\/www.youtube.com\/embed\/1G4ldhIf9s0\" frameborder=\"0\" allow=\"accelerometer; autoplay; clipboard-write; encrypted-media; gyroscope; picture-in-picture\" allowfullscreen=\"\"><\/iframe><\/p>\n\n\n<p>A na ko\u0144cu to my, widzowie, musimy si\u0119 wypowiedzie\u0107. Si\u0119ga\u0107 po kiedy\u015b przecie\u017c ukochane &#8222;Manhattan&#8221;, &#8222;Annie Hall&#8221;, &#8222;Hannah i jej siostry&#8221;?<\/p>\n\n\n\n<p>Woody Allen nie skorzysta\u0142 ze z\u0142o\u017conej mu przez tw\u00f3rc\u00f3w propozycji odpowiedzi na konkretne zarzuty. Jego perspektywa pojawia si\u0119 w postaci cytat\u00f3w z najnowszej autobiografii.<\/p>\n\n\n\n<p><strong>Allen konta Farrow (Allen v. Farrow<\/strong>), re\u017c. Kirby Dick, Amy Ziering, HBO GO, od 22 lutego, 4 odc.<\/p>\n","protected":false},"excerpt":{"rendered":"<p>Kirby Dick i Amy Ziering maj\u0105 na koncie dokumenty nie tylko nagradzane, ale te\u017c maj\u0105ce wp\u0142yw na zmiany w ameryka\u0144skim prawie i debacie publicznej. W czteroodcinkowym &#8222;Allen kontra Farrow&#8221; wracaj\u0105 do g\u0142o\u015bnej, ci\u0105gn\u0105cej si\u0119 od 1992 r. sprawy oskar\u017cenia Woody&#8217;ego Allena o molestowanie seksualne siedmioletniej, adoptowanej c\u00f3rki Dylan. Ale patrz\u0105 szerzej.<\/p>\n","protected":false},"author":4,"featured_media":6126,"comment_status":"open","ping_status":"closed","sticky":false,"template":"","format":"standard","meta":{"footnotes":""},"categories":[1,996],"tags":[1345,1346,840,1347],"_links":{"self":[{"href":"https:\/\/blog.polityka.pl\/seryjni\/wp-json\/wp\/v2\/posts\/6111"}],"collection":[{"href":"https:\/\/blog.polityka.pl\/seryjni\/wp-json\/wp\/v2\/posts"}],"about":[{"href":"https:\/\/blog.polityka.pl\/seryjni\/wp-json\/wp\/v2\/types\/post"}],"author":[{"embeddable":true,"href":"https:\/\/blog.polityka.pl\/seryjni\/wp-json\/wp\/v2\/users\/4"}],"replies":[{"embeddable":true,"href":"https:\/\/blog.polityka.pl\/seryjni\/wp-json\/wp\/v2\/comments?post=6111"}],"version-history":[{"count":8,"href":"https:\/\/blog.polityka.pl\/seryjni\/wp-json\/wp\/v2\/posts\/6111\/revisions"}],"predecessor-version":[{"id":6127,"href":"https:\/\/blog.polityka.pl\/seryjni\/wp-json\/wp\/v2\/posts\/6111\/revisions\/6127"}],"wp:featuredmedia":[{"embeddable":true,"href":"https:\/\/blog.polityka.pl\/seryjni\/wp-json\/wp\/v2\/media\/6126"}],"wp:attachment":[{"href":"https:\/\/blog.polityka.pl\/seryjni\/wp-json\/wp\/v2\/media?parent=6111"}],"wp:term":[{"taxonomy":"category","embeddable":true,"href":"https:\/\/blog.polityka.pl\/seryjni\/wp-json\/wp\/v2\/categories?post=6111"},{"taxonomy":"post_tag","embeddable":true,"href":"https:\/\/blog.polityka.pl\/seryjni\/wp-json\/wp\/v2\/tags?post=6111"}],"curies":[{"name":"wp","href":"https:\/\/api.w.org\/{rel}","templated":true}]}}