
{"id":295,"date":"2013-06-07T22:11:47","date_gmt":"2013-06-07T22:11:47","guid":{"rendered":"http:\/\/sport.blog.polityka.pl\/?p=295"},"modified":"2013-09-10T09:18:05","modified_gmt":"2013-09-10T09:18:05","slug":"szczesliwy-remis-z-moldawia","status":"publish","type":"post","link":"https:\/\/blog.polityka.pl\/sport\/2013\/06\/07\/szczesliwy-remis-z-moldawia\/","title":{"rendered":"Szcz\u0119\u015bliwy remis z Mo\u0142dawi\u0105"},"content":{"rendered":"<p>Okazuje si\u0119\u00a0 , \u017ce polska reprezentacja pojecha\u0142a do Kiszyniowa po to, by udowodni\u0107 niedowiarkom z Mo\u0142dawii prawdziwo\u015b\u0107 z\u0142otej my\u015bli wielu znawc\u00f3w &#8211; pi\u0142ka jest nieprzewidywalna. Po pi\u0105tkowym remisie jeden do jednego w przysz\u0142ym roku na mistrzostwa do Brazylii mog\u0105 pojecha\u0107 tylko maj\u0119tni polscy kibice. Dodajmy jeszcze, \u017ce remis by\u0142 do\u015b\u0107 szcz\u0119\u015bliwy dla Polak\u00f3w. <!--more-->Nie jestem wolny od kibicowskiej interpretacji wszystkich zdarze\u0144 na boisku, czyli : widzimy \u00a0regulaminowe uchybienia przeciwnik\u00f3w (cz\u0119sto nawet dostrzegamy co\u015b, czego w rzeczywisto\u015bci nie by\u0142o), rozgrzeszamy naszych. Jednak resztki przyzwoito\u015bci w cz\u0142owieku si\u0119 ko\u0142acz\u0105. I do teraz si\u0119 dziwi\u0119, \u017ce s\u0119dzia z Hiszpanii nie gwizdn\u0105\u0142 karnego przeciwko Borucowi w pierwszej po\u0142owie. By\u0142oby pewnie dwa do jednego i udowodnienie tezy o futbolowej nieprzewidywalno\u015bci by\u0142oby jeszcze efektowniejsze.<\/p>\n<p>Tak, tak to prawda, \u017ce na pocz\u0105tku \u00a0Polacy ruszali si\u0119 \u017cwawo. Podanie Lewandowskiego do B\u0142aszczykowskiego i jego gol w pierwszych minutach to by\u0142o w\u0142a\u015bnie to czego nie tylko ja oczekiwa\u0142em. Potem jeszcze kilka szans nastraja\u0142o optymistycznie, chocia\u017c obro\u0144cy robili co mogli, \u017ceby \u201ezrobi\u0107\u201d mi ci\u015bnienie. Im dalej, tym gorzej. Nie mam jako\u015b krwio\u017cerczego nastroju i nie b\u0119d\u0119 si\u0119 pastwi\u0142 nad niekt\u00f3rymi naszymi mistrzami kopanej i ich trenerem. Chcia\u0142bym za to przypomnie\u0107, \u017ce r\u00f3wno rok temu rozpoczyna\u0142y si\u0119 w Warszawie mistrzostwa Europy, a polska reprezentacja kierowana przez Franciszka Smud\u0119 zaczyna\u0142a je remisowym meczem z Grecj\u0105.<\/p>\n<p>Poza Smud\u0105, kt\u00f3ry og\u00f3lnie rzecz bior\u0105c by\u0142 zadowolony i przekonywa\u0142, \u017ce o \u017cadnych b\u0142\u0119dach nie mo\u017ce by\u0107 mowy, prawie wszyscy uznali, \u017ce na pi\u0119knych stadionach dali\u015bmy cia\u0142a. W efekcie polecia\u0142a g\u0142owa nie tylko trenera, ale tak\u017ce prezesa Laty i kilku jego kole\u017ck\u00f3w.<\/p>\n<p>Dzi\u015b po roku reprezentacja jest r\u00f3wnie s\u0142aba. Marna to przecie\u017c pociecha, \u017ce warto\u015b\u0107 naszego asa Roberta Lewandowskiego liczona w euro jest wy\u017csza ni\u017c ca\u0142ej dru\u017cyny mo\u0142dawskiej wraz z rezerwowymi. Na boisku m\u0119czymy si\u0119 z ka\u017cdym przeciwnikiem.<\/p>\n<p>Wydaje si\u0119, \u017ce w ostatnim czasie pojawi\u0142o si\u0119 sporo ciekawych ch\u0142opak\u00f3w, powoli wracamy do szkolenia od podstaw, a nie tylko kupowania p\u00f3\u0142amator\u00f3w ze \u015bwiata. Je\u015bli nie uporali\u015bmy si\u0119 z korupcj\u0105, to jednak j\u0105 ograniczyli\u015bmy. Mamy stadiony. I co ? I nic. Po zaci\u0119tej walce remisujemy z Mo\u0142dawi\u0105.<\/p>\n","protected":false},"excerpt":{"rendered":"<p>Okazuje si\u0119\u00a0 , \u017ce polska reprezentacja pojecha\u0142a do Kiszyniowa po to, by udowodni\u0107 niedowiarkom z Mo\u0142dawii prawdziwo\u015b\u0107 z\u0142otej my\u015bli wielu znawc\u00f3w &#8211; pi\u0142ka jest nieprzewidywalna. Po pi\u0105tkowym remisie jeden do jednego w przysz\u0142ym roku na mistrzostwa do Brazylii mog\u0105 pojecha\u0107 tylko maj\u0119tni polscy kibice. Dodajmy jeszcze, \u017ce remis by\u0142 do\u015b\u0107 szcz\u0119\u015bliwy dla Polak\u00f3w.<\/p>\n","protected":false},"author":3,"featured_media":0,"comment_status":"open","ping_status":"open","sticky":false,"template":"","format":"standard","meta":{"footnotes":""},"categories":[1],"tags":[],"_links":{"self":[{"href":"https:\/\/blog.polityka.pl\/sport\/wp-json\/wp\/v2\/posts\/295"}],"collection":[{"href":"https:\/\/blog.polityka.pl\/sport\/wp-json\/wp\/v2\/posts"}],"about":[{"href":"https:\/\/blog.polityka.pl\/sport\/wp-json\/wp\/v2\/types\/post"}],"author":[{"embeddable":true,"href":"https:\/\/blog.polityka.pl\/sport\/wp-json\/wp\/v2\/users\/3"}],"replies":[{"embeddable":true,"href":"https:\/\/blog.polityka.pl\/sport\/wp-json\/wp\/v2\/comments?post=295"}],"version-history":[{"count":1,"href":"https:\/\/blog.polityka.pl\/sport\/wp-json\/wp\/v2\/posts\/295\/revisions"}],"predecessor-version":[{"id":296,"href":"https:\/\/blog.polityka.pl\/sport\/wp-json\/wp\/v2\/posts\/295\/revisions\/296"}],"wp:attachment":[{"href":"https:\/\/blog.polityka.pl\/sport\/wp-json\/wp\/v2\/media?parent=295"}],"wp:term":[{"taxonomy":"category","embeddable":true,"href":"https:\/\/blog.polityka.pl\/sport\/wp-json\/wp\/v2\/categories?post=295"},{"taxonomy":"post_tag","embeddable":true,"href":"https:\/\/blog.polityka.pl\/sport\/wp-json\/wp\/v2\/tags?post=295"}],"curies":[{"name":"wp","href":"https:\/\/api.w.org\/{rel}","templated":true}]}}