
{"id":514,"date":"2014-08-08T10:40:42","date_gmt":"2014-08-08T10:40:42","guid":{"rendered":"http:\/\/sport.blog.polityka.pl\/?p=514"},"modified":"2014-08-08T10:47:57","modified_gmt":"2014-08-08T10:47:57","slug":"legia-nie-umie-liczyc-do-trzech","status":"publish","type":"post","link":"https:\/\/blog.polityka.pl\/sport\/2014\/08\/08\/legia-nie-umie-liczyc-do-trzech\/","title":{"rendered":"Legia nie umie liczy\u0107 do trzech"},"content":{"rendered":"<p>Zerowy profesjonalizm najbardziej profesjonalnego klubu w Polsce. Nie wystarczy roznie\u015b\u0107 na boisku Celticu, trzeba jeszcze mie\u0107 dzia\u0142acza, kt\u00f3ry umie liczy\u0107 do trzech. W\u0142a\u015bnie UEFA bole\u015bnie o tym przypomnia\u0142a i wyrzuci\u0142a Legi\u0119 z eliminacji do Ligi Mistrz\u00f3w.<br \/>\n<!--more--><br \/>\nPodobno ma by\u0107 jeszcze jakie\u015b odwo\u0142anie, skamlenie o kar\u0119 finansow\u0105, ale to odruch rozpaczy. To si\u0119 wydaje niemo\u017cliwe, a jednak w Legii zabrak\u0142o kogo\u015b, kto zwr\u00f3ci\u0142by uwag\u0119, \u017ce Bartosz Bereszy\u0144ski nie mo\u017ce wej\u015b\u0107 na boisko w Edynburgu nawet na kilka minut z powodu czerwonej kartki w ubieg\u0142ym sezonie i zakazu pokazywania si\u0119 na boisku w trzech europejskich meczach.<\/p>\n<p>\u017bal mi Radovicia, \u017byry, Kuciaka i ich koleg\u00f3w. Zagrali wreszcie tak, jak od nich oczekiwali\u015bmy. Henning Berg zacz\u0105\u0142 wyrasta\u0107 na m\u0119\u017ca opatrzno\u015bciowego. Dziennikarze mno\u017cyli zarobione miliony euro. No i jeste\u015bmy w punkcie wyj\u015bcia.<\/p>\n<p>Nie zazdroszcz\u0119 prezesowi Le\u015bnodorskiemu, trenerowi i zawodnikom. Z przedsionka Ligi Mistrz\u00f3w musz\u0105 wr\u00f3ci\u0107 do eliminacji do Ligi Europejskiej. Teraz pytanie brzmi: jak wykrzesa\u0107 z siebie ch\u0119\u0107 do przebijania si\u0119 wy\u0142\u0105cznie do rozgrywek pocieszenia?<\/p>\n","protected":false},"excerpt":{"rendered":"<p>Zerowy profesjonalizm najbardziej profesjonalnego klubu w Polsce. Nie wystarczy roznie\u015b\u0107 na boisku Celticu, trzeba jeszcze mie\u0107 dzia\u0142acza, kt\u00f3ry umie liczy\u0107 do trzech. W\u0142a\u015bnie UEFA bole\u015bnie o tym przypomnia\u0142a i wyrzuci\u0142a Legi\u0119 z eliminacji do Ligi Mistrz\u00f3w.<\/p>\n","protected":false},"author":3,"featured_media":0,"comment_status":"open","ping_status":"open","sticky":false,"template":"","format":"standard","meta":{"footnotes":""},"categories":[1],"tags":[],"_links":{"self":[{"href":"https:\/\/blog.polityka.pl\/sport\/wp-json\/wp\/v2\/posts\/514"}],"collection":[{"href":"https:\/\/blog.polityka.pl\/sport\/wp-json\/wp\/v2\/posts"}],"about":[{"href":"https:\/\/blog.polityka.pl\/sport\/wp-json\/wp\/v2\/types\/post"}],"author":[{"embeddable":true,"href":"https:\/\/blog.polityka.pl\/sport\/wp-json\/wp\/v2\/users\/3"}],"replies":[{"embeddable":true,"href":"https:\/\/blog.polityka.pl\/sport\/wp-json\/wp\/v2\/comments?post=514"}],"version-history":[{"count":2,"href":"https:\/\/blog.polityka.pl\/sport\/wp-json\/wp\/v2\/posts\/514\/revisions"}],"predecessor-version":[{"id":517,"href":"https:\/\/blog.polityka.pl\/sport\/wp-json\/wp\/v2\/posts\/514\/revisions\/517"}],"wp:attachment":[{"href":"https:\/\/blog.polityka.pl\/sport\/wp-json\/wp\/v2\/media?parent=514"}],"wp:term":[{"taxonomy":"category","embeddable":true,"href":"https:\/\/blog.polityka.pl\/sport\/wp-json\/wp\/v2\/categories?post=514"},{"taxonomy":"post_tag","embeddable":true,"href":"https:\/\/blog.polityka.pl\/sport\/wp-json\/wp\/v2\/tags?post=514"}],"curies":[{"name":"wp","href":"https:\/\/api.w.org\/{rel}","templated":true}]}}