
{"id":973,"date":"2015-11-17T22:55:24","date_gmt":"2015-11-17T22:55:24","guid":{"rendered":"http:\/\/sport.blog.polityka.pl\/?p=973"},"modified":"2015-11-17T23:53:25","modified_gmt":"2015-11-17T23:53:25","slug":"troche-gorzko-troche-radosnie","status":"publish","type":"post","link":"https:\/\/blog.polityka.pl\/sport\/2015\/11\/17\/troche-gorzko-troche-radosnie\/","title":{"rendered":"Troch\u0119 gorzko, troch\u0119 rado\u015bnie"},"content":{"rendered":"<p>Gdyby nie wydarzenia ostatnich dni, rado\u015b\u0107 by\u0142aby pe\u0142na. Polakom najwyra\u017aniej spodoba\u0142o si\u0119 wygrywanie. We wtorek we Wroc\u0142awiu z Czechami by\u0142o trzy do jednego.<br \/>\n<!--more--><br \/>\nA jednak nie spos\u00f3b zapomnie\u0107 o tym, co dzia\u0142o si\u0119 w pi\u0105tkowy wiecz\u00f3r w Pary\u017cu, tak\u017ce na stadionie, na kt\u00f3rym grali Francuzi z Anglikami. Mo\u017cna i trzeba m\u00f3wi\u0107, \u017ce nie poddamy si\u0119 terrorystom z Pa\u0144stwa Islamskiego i \u017ce francuskie Euro 2016 nie jest zagro\u017cone. Z drugiej strony \u2013 czy jeste\u015bmy tego pewni? Przecie\u017c nie bez powodu odwo\u0142ano wczoraj towarzysk\u0105 gr\u0119 Belg\u00f3w z Hiszpanami. Na boisko nie wybiegli te\u017c Niemcy i Holendrzy w Hanowerze. Pod stadionem znalaz\u0142a si\u0119 karetka wype\u0142niona materia\u0142ami wybuchowymi.<\/p>\n<p>Niepewno\u015b\u0107 zosta\u0142a zasiana. Mocno wierz\u0119, \u017ce przysz\u0142orocznym mistrzostwom Francuzi zapewni\u0105 bezpiecze\u0144stwo, ale czy b\u0119dzie to tylko radosne \u015bwi\u0119to futbolu? Na beztrosk\u0119 raczej nikt sobie nie pozwoli. I w tym sensie terrory\u015bci osi\u0105gn\u0119li ju\u017c sw\u00f3j cel.<\/p>\n<p>Tymczasem Polacy na tych zawodach maj\u0105 wreszcie olbrzymi\u0105 szans\u0119 na odegranie roli powa\u017cniejszej od dotychczasowego statystowania. Nasza dru\u017cyna ro\u015bnie z meczu na mecz. Z wysoko notowanymi Czechami i do tego bez Lewandowskiego i Krychowiaka pokaza\u0142a, \u017ce nie opiera si\u0119 wy\u0142\u0105cznie na gwiazdach. Na pewno umiemy zdobywa\u0107 gole. M\u0142odziak z Cracovii Bartosz Kapustka w trzeciej minucie najpierw odbiera pi\u0142k\u0119 przeciwnikowi, a potem po profesorsku podaje Arkowi Milikowi i s\u0142ynny Petr Cech w bramce nie mo\u017ce nic sensownego zrobi\u0107. <\/p>\n<p>Przeb\u0142yski reprezentacyjnej formy mieli chyba wszyscy podstawowi gracze. Nawet obrona, tym razem z Micha\u0142em Pazdanem, a nie \u0141ukaszem Szuka\u0142\u0105, zachowywa\u0142a si\u0119 przyzwoicie. Ci, kt\u00f3rzy nie s\u0105 jeszcze pewni wyjazdu na fina\u0142y, r\u00f3wnaj\u0105 do tych, kt\u00f3rych uwa\u017camy za pewniak\u00f3w. Karol Linetty, Krzysztof M\u0105czy\u0144ski, Maciej Rybus, Piotr Zieli\u0144ski (z Islandczykami), oczywi\u015bcie Bartosz Kapustka, a nawet Kamil Grosicki r\u00f3wnaj\u0105 w g\u00f3r\u0119. <\/p>\n<p>Po zwyci\u0119stwie nad Czechami jestem znacznie spokojniejszy o form\u0119 reprezentacji na wiosn\u0119 ni\u017c po pi\u0105tkowej potyczce z Islandczykami.<\/p>\n","protected":false},"excerpt":{"rendered":"<p>Gdyby nie wydarzenia ostatnich dni, rado\u015b\u0107 by\u0142aby pe\u0142na. Polakom najwyra\u017aniej spodoba\u0142o si\u0119 wygrywanie. We wtorek we Wroc\u0142awiu z Czechami by\u0142o trzy do jednego.<\/p>\n","protected":false},"author":3,"featured_media":0,"comment_status":"open","ping_status":"closed","sticky":false,"template":"","format":"standard","meta":{"footnotes":""},"categories":[1],"tags":[],"_links":{"self":[{"href":"https:\/\/blog.polityka.pl\/sport\/wp-json\/wp\/v2\/posts\/973"}],"collection":[{"href":"https:\/\/blog.polityka.pl\/sport\/wp-json\/wp\/v2\/posts"}],"about":[{"href":"https:\/\/blog.polityka.pl\/sport\/wp-json\/wp\/v2\/types\/post"}],"author":[{"embeddable":true,"href":"https:\/\/blog.polityka.pl\/sport\/wp-json\/wp\/v2\/users\/3"}],"replies":[{"embeddable":true,"href":"https:\/\/blog.polityka.pl\/sport\/wp-json\/wp\/v2\/comments?post=973"}],"version-history":[{"count":3,"href":"https:\/\/blog.polityka.pl\/sport\/wp-json\/wp\/v2\/posts\/973\/revisions"}],"predecessor-version":[{"id":981,"href":"https:\/\/blog.polityka.pl\/sport\/wp-json\/wp\/v2\/posts\/973\/revisions\/981"}],"wp:attachment":[{"href":"https:\/\/blog.polityka.pl\/sport\/wp-json\/wp\/v2\/media?parent=973"}],"wp:term":[{"taxonomy":"category","embeddable":true,"href":"https:\/\/blog.polityka.pl\/sport\/wp-json\/wp\/v2\/categories?post=973"},{"taxonomy":"post_tag","embeddable":true,"href":"https:\/\/blog.polityka.pl\/sport\/wp-json\/wp\/v2\/tags?post=973"}],"curies":[{"name":"wp","href":"https:\/\/api.w.org\/{rel}","templated":true}]}}