
{"id":10479,"date":"2020-05-26T08:10:31","date_gmt":"2020-05-26T06:10:31","guid":{"rendered":"http:\/\/szostkiewicz.blog.polityka.pl\/?p=10479"},"modified":"2020-05-27T12:15:11","modified_gmt":"2020-05-27T10:15:11","slug":"buduja-szafot-dla-demokracji","status":"publish","type":"post","link":"https:\/\/blog.polityka.pl\/szostkiewicz\/2020\/05\/26\/buduja-szafot-dla-demokracji\/","title":{"rendered":"Buduj\u0105 szafot dla demokracji"},"content":{"rendered":"\n<p>Je\u015bli nie ma demokracji, nie ma wolnych wybor\u00f3w. A ustrojowo demokracji ju\u017c nie mamy. Pierwszym i decyduj\u0105cym aktem jej obezw\u0142adnienia by\u0142o przej\u0119cie kontroli nad Trybuna\u0142em Konstytucyjnym przez funkcjonariuszk\u0119 PiS. Aktem finalnym jest przej\u0119cie przez inn\u0105 funkcjonariuszk\u0119 PiS kontroli nad S\u0105dem Najwy\u017cszym.<\/p>\n\n\n\n<!--more-->\n\n\n\n<p>Trybuna\u0142 uzale\u017cniony od w\u0142adzy politycznej nie b\u0119dzie wykonywa\u0142 uczciwie swego zadania, czyli kontroli praw stanowionych przez parti\u0119 rz\u0105dz\u0105c\u0105 pod k\u0105tem ich zgodno\u015bci z konstytucj\u0105. S\u0105d Najwy\u017cszy uzale\u017cniony od w\u0142adzy politycznej nie b\u0119dzie strzeg\u0142 praworz\u0105dno\u015bci, w tym praworz\u0105dno\u015bci wybor\u00f3w, tylko b\u0119dzie strzeg\u0142 prawnego interesu partii rz\u0105dz\u0105cej. \u017badnych z\u0142udze\u0144. Koniec i kropka.<\/p>\n\n\n\n<p>W dramatycznej chwili historycznej troch\u0119 poetyckiego patosu nie zaszkodzi. Cytat z &#8222;Fausta&#8221; Goethego ma walor ponadczasowy i uniwersalny, a wi\u0119c mo\u017cna go podpi\u0105\u0107 i pod nasz\u0105 obecn\u0105 sytuacj\u0119. Pisze poeta: &#8222;Gdzie spojrze\u0107, tam parweniusz w nowym domu:\/ I ani mu si\u0119 \u015bni podlega\u0107 komu\/ Rz\u0105dzi si\u0119, puszy si\u0119 jak paw!\/ Wyzbyli\u015bmy si\u0119 tylu praw\/ \u017be ju\u017c niewiele dla nas pozostanie.\/ Trudno pok\u0142ada\u0107 te\u017c nadziej\u0119\/ W partiach, cokolwiek maj\u0105 w godle.\/ Ani nas zi\u0119bi, ani grzeje\/ Czy chwal\u0105 si\u0119, czy l\u017c\u0105 si\u0119 podle&#8221;.<\/p>\n\n\n\n<p>Ha! Lecz w naszych kr\u0119gach politycznych nadzieja umiera ostatnia, a l\u017cenie trwa w najlepsze. Zasad i terminu wybor\u00f3w prezydenckich nie znamy, ostrze\u017ce\u0144 nie brakuje, a jednak opozycja i koalicja rz\u0105dz\u0105ca szykuj\u0105 si\u0119 do nich. Opozycja w nadziei, \u017ce b\u0119dzie cud i Duda przegra, koalicja &#8211; \u017ce b\u0119dzie cud i wygra. A karty rozdaje Kaczy\u0144ski. I nawet najwi\u0119ksi optymi\u015bci, gdy wr\u00f3\u017c\u0105 z fus\u00f3w wynik finalnego starcia, od razu dodaj\u0105, \u017ce jednak nie mo\u017ce by\u0107 pewno\u015bci, i\u017c ktokolwiek wybije Dud\u0119 z siod\u0142a. I podejmuj\u0105 mimo to rozwa\u017cania, czy Ho\u0142ownia lub Bosak wyprzedzi Trzaskowskiego. A Kosiniak-Kamysz i Biedro\u0144 dalej robi\u0105 dobr\u0105 min\u0119 do przegranej gry.<\/p>\n\n\n\n<p>Jest co\u015b rozpaczliwego w tym szamotaniu si\u0119 na pasku, kt\u00f3ry za\u0142o\u017cy\u0142 im Kaczy\u0144ski. To tak jakby szli na szafot z radosn\u0105 pie\u015bni\u0105 na ustach, odwracaj\u0105c wzrok od czekaj\u0105cej tam na nich gilotyny. Oni nie po to wymontowali systemowe bezpieczniki, by si\u0119 po\u015blizn\u0105\u0107 na wyborach. Duda musi wygra\u0107, by szafot nabra\u0142 ca\u0142ej grozy. Niekt\u00f3rzy  wol\u0105 nie dostrzega\u0107, \u017ce proces demonta\u017cu demokracji konstytucyjnej idzie etapami, po kawa\u0142ku, metod\u0105 salami. W ko\u0144cu w Rosji te\u017c jest radio krytyczne wobec Putina. Jedno na ca\u0142y kraj, ale niezale\u017cnej telewizji nie ma ju\u017c ani jednej. Na W\u0119grzech zaczyna si\u0119 karanie niepokornych wobec Orbana dziennikarzy i samorz\u0105dowc\u00f3w,  czyli likwidacja filar\u00f3w pluralizmu w pa\u0144stwie. Ale fani Orbana to popieraj\u0105 i krzycz\u0105, \u017ce Orban ma wyborczy mandat do tego.        <\/p>\n\n\n\n<p>Czy proponuj\u0119 opozycji demokratycznej powr\u00f3t do has\u0142a bojkotu wybor\u00f3w? C\u00f3\u017c, ko\u015bci zosta\u0142y rzucone, a opozycja je podj\u0119\u0142a. No bo przecie\u017c nie chcia\u0142a wybor\u00f3w 10 maja i dopi\u0119\u0142a swego, w czym zas\u0142uga marsza\u0142ek Kidawy-B\u0142o\u0144skiej. Pi\u0119knie, ale czy epidemia zel\u017ca\u0142a ju\u017c na tyle, by opozycja z czystym sumieniem mog\u0142a teraz bezpiecznie prowadzi\u0107 swoje kampanie? Czy s\u0142uszne \u017c\u0105danie, by og\u0142osi\u0107 stan kl\u0119ski naturalnej i odsun\u0105\u0107 wybory o rok, przesta\u0142o by\u0107 s\u0142uszne tylko dlatego, \u017ce rz\u0105d zdejmuje cz\u0119\u015bciowo areszt domowy ze spo\u0142ecze\u0144stwa?<\/p>\n\n\n\n<p>A co je\u015bli robi to przedwcze\u015bnie, pod presj\u0105, z powod\u00f3w politycznych, a nie dlatego, \u017ce epidemia wygasa? Bo przecie\u017c na \u015al\u0105sku nie wygasa, a prawdziwe dane mog\u0105 by\u0107 o wiele gorsze, ni\u017c s\u0142yszymy oficjalnie. Jednak podj\u0119cie w takiej sytuacji gry o prezydentur\u0119 przez opozycj\u0119 demokratyczn\u0105 oznacza, \u017ce to ju\u017c dla niej nie jest takie wa\u017cne, cho\u0107 jeszcze niedawno by\u0142o. Czyli opozycja wci\u0105\u017c musi ta\u0144czy\u0107 tak, jak jej zagra kapela disco polo pod kierownictwem prezes\u00f3w Kaczy\u0144skiego i Kurskiego. Kazik jej nie przemo\u017ce.<\/p>\n\n\n\n<p>Na tym polega problem. W demokracji nikt nie musi stawia\u0107 sobie takich pyta\u0144, bo regu\u0142y gry politycznej wyznacza skutecznie prawo. Dlatego nie ma etycznych dylemat\u00f3w, jak teraz u nas: bojkotowa\u0107 czy jednak &#8222;bi\u0107 si\u0119 o Polsk\u0119&#8221;? Te dylematy powsta\u0142y wskutek dzia\u0142ania obecnej w\u0142adzy, kt\u00f3ra w ka\u017cdej chwili gotowa jest wywr\u00f3ci\u0107 stolik z szachownic\u0105, przekre\u015blaj\u0105c nawet swoje wcze\u015bniejsze postanowienia, je\u015bli tylko taka jest polityczna wola Kaczy\u0144skiego.<\/p>\n\n\n\n<p>Naj\u015bwie\u017cszy przyk\u0142ad to w\u0142a\u015bnie sytuacja w S\u0105dzie Najwy\u017cszym. Teraz jego s\u0119dziowie musz\u0105 sobie odpowiedzie\u0107, czy uwa\u017caj\u0105 now\u0105 prezes, wcze\u015bniej wsp\u00f3\u0142pracownic\u0119 Ziobry, za pe\u0142noprawnego szefa. Prawy i sprawiedliwy s\u0119dzia rzecznik SN b\u0119dzie si\u0119 zastanawia\u0142, czy przyj\u0105\u0107 swoj\u0105 nominacj\u0119 na prezesa jednej z Izb S\u0105du (ju\u017c przyj\u0105\u0142 ).<\/p>\n\n\n\n<p>Tak obecna w\u0142adza wymusza mierzenie si\u0119 z dylematami, kt\u00f3re sama stwarza, cho\u0107 w normalnym pa\u0144stwie w og\u00f3le nie powinno ich by\u0107. Jednych s\u0119dzi\u00f3w to zahartuje, innych mo\u017ce moralnie z\u0142ama\u0107. To stare jak \u015bwiat metody despot\u00f3w: ka\u017cdy wyb\u00f3r b\u0119dzie z\u0142y, a teraz wybieraj.<\/p>\n\n\n\n<p>To samo w rozwalonej Tr\u00f3jce. Oportunista, kt\u00f3ry zast\u0105pi\u0142 niszczyciela, by doko\u0144czy\u0107 dzie\u0142a destrukcji, zapowiedzia\u0142, \u017ce chce namawia\u0107 tych, kt\u00f3rzy z ruin radia si\u0119 wyrwali, do powrotu. Kochasz radio? To wr\u00f3\u0107 do zgliszczy.<\/p>\n\n\n\n<p>W demokracji takich wyzwa\u0144 nie ma, a je\u015bli jednak si\u0119 pojawi\u0105, to jest to sygna\u0142 alarmowy, \u017ce kto\u015b &#8222;puszy si\u0119 jak paw&#8221;. Jak Trump, jak Orb\u00e1n, jak Erdo\u011fan, Putin, Netanjahu czy Johnson. To jest droga na szafot, gdzie zetn\u0105 g\u0142ow\u0119 demokracji i jeszcze ka\u017c\u0105 zap\u0142aci\u0107 sobie za egzekucj\u0119. A lud jej g\u0142ow\u0105 zagra sobie w pi\u0142k\u0119.<\/p>\n","protected":false},"excerpt":{"rendered":"<p>Je\u015bli nie ma demokracji, nie ma wolnych wybor\u00f3w. A ustrojowo demokracji ju\u017c nie mamy. Pierwszym i decyduj\u0105cym aktem jej obezw\u0142adnienia by\u0142o przej\u0119cie kontroli nad Trybuna\u0142em Konstytucyjnym przez funkcjonariuszk\u0119 PiS. Aktem finalnym jest przej\u0119cie przez inn\u0105 funkcjonariuszk\u0119 PiS kontroli nad S\u0105dem Najwy\u017cszym.<\/p>\n","protected":false},"author":3,"featured_media":10483,"comment_status":"open","ping_status":"closed","sticky":false,"template":"","format":"standard","meta":{"footnotes":""},"categories":[1],"tags":[],"_links":{"self":[{"href":"https:\/\/blog.polityka.pl\/szostkiewicz\/wp-json\/wp\/v2\/posts\/10479"}],"collection":[{"href":"https:\/\/blog.polityka.pl\/szostkiewicz\/wp-json\/wp\/v2\/posts"}],"about":[{"href":"https:\/\/blog.polityka.pl\/szostkiewicz\/wp-json\/wp\/v2\/types\/post"}],"author":[{"embeddable":true,"href":"https:\/\/blog.polityka.pl\/szostkiewicz\/wp-json\/wp\/v2\/users\/3"}],"replies":[{"embeddable":true,"href":"https:\/\/blog.polityka.pl\/szostkiewicz\/wp-json\/wp\/v2\/comments?post=10479"}],"version-history":[{"count":7,"href":"https:\/\/blog.polityka.pl\/szostkiewicz\/wp-json\/wp\/v2\/posts\/10479\/revisions"}],"predecessor-version":[{"id":10488,"href":"https:\/\/blog.polityka.pl\/szostkiewicz\/wp-json\/wp\/v2\/posts\/10479\/revisions\/10488"}],"wp:featuredmedia":[{"embeddable":true,"href":"https:\/\/blog.polityka.pl\/szostkiewicz\/wp-json\/wp\/v2\/media\/10483"}],"wp:attachment":[{"href":"https:\/\/blog.polityka.pl\/szostkiewicz\/wp-json\/wp\/v2\/media?parent=10479"}],"wp:term":[{"taxonomy":"category","embeddable":true,"href":"https:\/\/blog.polityka.pl\/szostkiewicz\/wp-json\/wp\/v2\/categories?post=10479"},{"taxonomy":"post_tag","embeddable":true,"href":"https:\/\/blog.polityka.pl\/szostkiewicz\/wp-json\/wp\/v2\/tags?post=10479"}],"curies":[{"name":"wp","href":"https:\/\/api.w.org\/{rel}","templated":true}]}}