
{"id":10489,"date":"2020-05-28T09:38:59","date_gmt":"2020-05-28T07:38:59","guid":{"rendered":"http:\/\/szostkiewicz.blog.polityka.pl\/?p=10489"},"modified":"2020-05-28T14:19:23","modified_gmt":"2020-05-28T12:19:23","slug":"ciamajdy-i-fajtlapy","status":"publish","type":"post","link":"https:\/\/blog.polityka.pl\/szostkiewicz\/2020\/05\/28\/ciamajdy-i-fajtlapy\/","title":{"rendered":"&#8222;Ciamajdy&#8221; i &#8222;fajt\u0142apy&#8221;"},"content":{"rendered":"\n<p>Donald Tusk pokrzepi\u0142 serca Polak\u00f3w, kt\u00f3rzy maj\u0105 do\u015b\u0107 rz\u0105d\u00f3w Kaczy\u0144skiego. Bo nie ma si\u0119 co ba\u0107 &#8222;ciamajd i fajt\u0142ap&#8221; w obozie rz\u0105dz\u0105cym, oznajmi\u0142 w zdalnej rozmowie z Katarzyn\u0105 Kolend\u0105-Zalesk\u0105. Fakt, \u017ale si\u0119 dzieje w pa\u0144stwie polskim pod w\u0142adztwem pisowskim, lecz szef Europejskiej Partii Ludowej powinien doda\u0107, \u017ce niedorajdy, kt\u00f3rym da si\u0119 do r\u0119ki brzytw\u0119, mog\u0105 kogo\u015b poharata\u0107. T\u0105 brzytw\u0105 jest pa\u0144stwowy aparat propagandy i aparat przemocy. Tu \u017carty si\u0119 ko\u0144cz\u0105.<\/p>\n\n\n\n<!--more-->\n\n\n\n<p>Bo \u017ale si\u0119 dzieje nie tylko na szczytach w\u0142adzy, ale te\u017c na samym dole. Jasne, \u017ce trzeba alarmowa\u0107 o milionach Szumowskich, o milionach Sasina wydanych na &#8222;nieby\u0142e&#8221; \u0142\u017ce-wybory, o milionach za maseczkowy szmelc z Chin, kt\u00f3ry wita\u0142 z honorami Morawiecki, o 800 mln wydanych przez   kancelari\u0119 prezydenta Dudy (Komorowski wyda\u0142 200 mln), a nawet o 18 tys. na apaszki &#8222;pierwszej damy&#8221;. Marnotrawstwo grosza publicznego jest drwin\u0105 z wyborc\u00f3w &#8211; a co nam zrobicie? &#8211; a mo\u017ce by\u0107 te\u017c przest\u0119pstwem.<\/p>\n\n\n\n<p>Trzeba alarmowa\u0107, \u017ce wbrew odzie do sprawiedliwo\u015bci spo\u0142ecznej, jak\u0105 fa\u0142szywie \u015bpiewa  &#8222;premier z tabletu&#8221;, w rzeczywisto\u015bci ro\u015bnie w Polsce skrajna bieda.  \u017be rz\u0105d nie ma sp\u00f3jnego planu walki z pandemi\u0105 i nie ma przemy\u015blanego planu na walk\u0119 z nadci\u0105gaj\u0105c\u0105 w jej wyniku recesj\u0105. Raz s\u0142yszymy od ministr\u00f3w, \u017ce maseczek u nas w og\u00f3le nie trzeba nosi\u0107, bo nam \u017caden wirus niegro\u017any, potem od tych samych dobrze p\u0142atnych urz\u0119dnik\u00f3w, obowi\u0105zkowo z bia\u0142o-czerwon\u0105 przypink\u0105 w klapie markowych cugang\u00f3w, \u017ce trzeba je b\u0119dzie nosi\u0107 nawet dwa lata.<\/p>\n\n\n\n<p>Tak samo kpi\u0105 z obywateli, \u0142ami\u0105c przepisy, kt\u00f3rymi sami spo\u0142ecze\u0144stwo skr\u0119powali. Os\u0142awione wizyty cmentarne Kaczy\u0144skiego podczas narodowej kwarantanny, kiedy inni mogli sobie najwy\u017cej pop\u0142aka\u0107, \u017ce s\u0105 gorszym sortem i od grob\u00f3w rodzinnych im wara. My mamy w kaga\u0144cach chodzi\u0107 dwa metry od siebie, im wolno kup\u0105 i z maseczk\u0105 pod brod\u0105 albo bez.<\/p>\n\n\n\n<p>Tak si\u0119 panosz\u0105. W najgorszym stylu Dominika Cummingsa, guru od PR w ekipie premiera Johnsona. Brytyjski premier chcia\u0142by by\u0107 drugim Churchillem, ale mo\u017ce okaza\u0107 si\u0119 drugim Kaczy\u0144skim. Broni Cummingsa przed wywaleniem z posady, cho\u0107 ola\u0142 on instrukcje sanitarne wydane przez rz\u0105d, dla kt\u00f3rego pracuje. Broni &#8211; mimo oburzenia nawet cz\u0119\u015bci w\u0142asnej partii i elektoratu konserwatyst\u00f3w. Ca\u0142kiem tak samo, jak Kaczy\u0144ski broni ministra Szumowskiego. To nie jest wcale si\u0142a charakteru, to jest pogarda rz\u0105dz\u0105cych dla obywateli.<\/p>\n\n\n\n<p>Trzeba alarmowa\u0107, \u017ce Kaczy\u0144ski przes\u0105dza dat\u0119 wybor\u00f3w prezydenckich, jakby by\u0142 marsza\u0142kiem Sejmu. Co gorsza, og\u0142asza, \u017ce w razie utrudniania &#8222;b\u0119dziemy wykorzystywali wszelkie \u015brodki, jakie przynale\u017c\u0105 pa\u0144stwu, aby prawo zosta\u0142o wykonane&#8221;. Jakie \u015brodki, jakie prawo? To\u017c to brzmi jak pogr\u00f3\u017cka, kt\u00f3ra ma zastraszy\u0107 opozycj\u0119 usi\u0142uj\u0105c\u0105 zabezpieczy\u0107 wybory przed machlojkami! I co oznacza to &#8222;b\u0119dziemy&#8221;? Kto &#8222;my&#8221;? Czy Kaczy\u0144ski ju\u017c uwa\u017ca, \u017ce pa\u0144stwo to on, a jego partia to si\u0142a przewodnia narodu?<\/p>\n\n\n\n<p>A wi\u0119c tak, Tusk ma racj\u0119, to s\u0105 &#8222;ciamajdy, kt\u00f3rym wszystko wylatuje z r\u0105k&#8221;, a nie \u017cadni &#8222;czarni rycerze&#8221;. Do Zawiszy im daleko, bli\u017cej do obozowych ciur, pr\u00f3\u017cno po nich oczekiwa\u0107 rycerskiego etosu. Tylko \u017ce gdy Tusk nieco swawolnie, jak to on, przek\u0142uwa balon Kaczy\u0144skiego szybuj\u0105cy po pisowskim niebie (pami\u0119tamy ten \u017c\u00f3\u0142ty z Trumpem), to u nas nie ustaje n\u0119kanie na r\u00f3\u017cny spos\u00f3b, w\u0142a\u015bnie przy u\u017cyciu &#8222;\u015brodk\u00f3w, jakie przynale\u017c\u0105 pa\u0144stwu&#8221;, zwyk\u0142ych obywateli, kt\u00f3rzy tym balonem nie chc\u0105 lata\u0107.<\/p>\n\n\n\n<p>I to nie jest weso\u0142e. Policja rozp\u0119dza protest przedsi\u0119biorc\u00f3w, wrzuca do furgonetki chronionego immunitetem senatora KO, ale nie tyka zgromadze\u0144 wiecowych i wizyt gospodarskich prezydenta. N\u0119ka za to pojedyncze uczestniczki protest\u00f3w obywatelskich i uczestnik\u00f3w happening\u00f3w. Im nie jest do \u015bmiechu, \u017ce to si\u0119 dzieje na rozkaz &#8222;ciamajd i fajt\u0142ap\u00f3w&#8221;. N\u0119kane osoby mog\u0105 si\u0119 ba\u0107 represji. Policyjne i administracyjne kary niekt\u00f3re z n\u0119kanych os\u00f3b odstrasz\u0105 od korzystania z praw obywatelskich. I o to w\u0142adzy chodzi w tym n\u0119kaniu. Mamy si\u0119 ba\u0107 by\u0107 obywatelami, a uczy\u0107 si\u0119 ca\u0142owa\u0107 w\u0142adz\u0119 po r\u0119kach.<\/p>\n\n\n\n<p>Co by Tusk powiedzia\u0142 samotnej dziewczynie z rowerem protestuj\u0105cej pod siedzib\u0105 Tr\u00f3jki? Co by powiedzia\u0142 studentom Uniwersytetu \u015al\u0105skiego, kt\u00f3rych zakapowa\u0142a do prokuratury by\u0142a wyk\u0142adowczyni, bo uzna\u0142a ich pogl\u0105dy za sprzeczne z jej religijnym fundamentalizmem? Mo\u017ce Tusk powinien do n\u0119kanych zatelefonowa\u0107 osobi\u015bcie i pokrzepi\u0107 ich moralnie? Co uchodzi papie\u017cowi, uchodzi te\u017c liderom politycznym. Bo jak\u0105 lekcj\u0119 obywatelskiej aktywno\u015bci odbior\u0105 studenci z przes\u0142ucha\u0144? <\/p>\n\n\n\n<p>To si\u0119 w g\u0142owie nie mie\u015bci, \u017ce w kilkugodzinnym przes\u0142uchaniu policyjnym jednej ze studentek bra\u0142 udzia\u0142 i zadawa\u0142 pytania przedstawiciel Ordo Iuris! A jak\u0105 lekcj\u0119 z tego wyci\u0105gn\u0105 w\u0142adze uczelni? Na razie stan\u0119\u0142y w obronie student\u00f3w i autonomii uniwersytetu, lecz czy to wystarczy, by przerwa\u0107 to n\u0119kanie m\u0142odych ludzi? Taki dzi\u015b mamy duszny klimat za spraw\u0105 m\u015bciwych ciamajd i fajt\u0142ap\u00f3w.<\/p>\n","protected":false},"excerpt":{"rendered":"<p>Donald Tusk pokrzepi\u0142 serca Polak\u00f3w, kt\u00f3rzy maj\u0105 do\u015b\u0107 rz\u0105d\u00f3w Kaczy\u0144skiego. Bo nie ma si\u0119 co ba\u0107 &#8222;ciamajd i fajt\u0142ap&#8221; w obozie rz\u0105dz\u0105cym, oznajmi\u0142 w zdalnej rozmowie z Katarzyn\u0105 Kolend\u0105-Zalesk\u0105. Fakt, \u017ale si\u0119 dzieje w pa\u0144stwie polskim pod w\u0142adztwem pisowskim, lecz szef Europejskiej Partii Ludowej powinien doda\u0107, \u017ce niedorajdy, kt\u00f3rym da si\u0119 do r\u0119ki brzytw\u0119, mog\u0105 [&hellip;]<\/p>\n","protected":false},"author":3,"featured_media":10500,"comment_status":"open","ping_status":"closed","sticky":false,"template":"","format":"standard","meta":{"footnotes":""},"categories":[1],"tags":[],"_links":{"self":[{"href":"https:\/\/blog.polityka.pl\/szostkiewicz\/wp-json\/wp\/v2\/posts\/10489"}],"collection":[{"href":"https:\/\/blog.polityka.pl\/szostkiewicz\/wp-json\/wp\/v2\/posts"}],"about":[{"href":"https:\/\/blog.polityka.pl\/szostkiewicz\/wp-json\/wp\/v2\/types\/post"}],"author":[{"embeddable":true,"href":"https:\/\/blog.polityka.pl\/szostkiewicz\/wp-json\/wp\/v2\/users\/3"}],"replies":[{"embeddable":true,"href":"https:\/\/blog.polityka.pl\/szostkiewicz\/wp-json\/wp\/v2\/comments?post=10489"}],"version-history":[{"count":15,"href":"https:\/\/blog.polityka.pl\/szostkiewicz\/wp-json\/wp\/v2\/posts\/10489\/revisions"}],"predecessor-version":[{"id":10505,"href":"https:\/\/blog.polityka.pl\/szostkiewicz\/wp-json\/wp\/v2\/posts\/10489\/revisions\/10505"}],"wp:featuredmedia":[{"embeddable":true,"href":"https:\/\/blog.polityka.pl\/szostkiewicz\/wp-json\/wp\/v2\/media\/10500"}],"wp:attachment":[{"href":"https:\/\/blog.polityka.pl\/szostkiewicz\/wp-json\/wp\/v2\/media?parent=10489"}],"wp:term":[{"taxonomy":"category","embeddable":true,"href":"https:\/\/blog.polityka.pl\/szostkiewicz\/wp-json\/wp\/v2\/categories?post=10489"},{"taxonomy":"post_tag","embeddable":true,"href":"https:\/\/blog.polityka.pl\/szostkiewicz\/wp-json\/wp\/v2\/tags?post=10489"}],"curies":[{"name":"wp","href":"https:\/\/api.w.org\/{rel}","templated":true}]}}