
{"id":10506,"date":"2020-05-30T15:30:07","date_gmt":"2020-05-30T13:30:07","guid":{"rendered":"http:\/\/szostkiewicz.blog.polityka.pl\/?p=10506"},"modified":"2020-05-30T15:59:11","modified_gmt":"2020-05-30T13:59:11","slug":"sedzia-laskowski-wsrod-lowcow-glow","status":"publish","type":"post","link":"https:\/\/blog.polityka.pl\/szostkiewicz\/2020\/05\/30\/sedzia-laskowski-wsrod-lowcow-glow\/","title":{"rendered":"S\u0119dzia Laskowski w\u015br\u00f3d \u0142owc\u00f3w g\u0142\u00f3w"},"content":{"rendered":"\n<p>Konfuzja. I kolejny przyk\u0142ad, jak dzia\u0142a pisowska koparka. S\u0119dzia Micha\u0142 Laskowski, do niedawna rzecznik prezes Gersdorf, przyj\u0105\u0142 nominacj\u0119 z r\u0105k  Andrzeja Dudy.<\/p>\n\n\n\n<!--more-->\n\n\n\n<p>Laskowski broni\u0142 dot\u0105d niezawis\u0142o\u015bci S\u0105du Najwy\u017cszego przed zap\u0119dami ministra Ziobry i jego ludzi. A jego kariera zawodowa wygl\u0105da na wzorcow\u0105. Teraz w ogniu sporu o przysz\u0142o\u015b\u0107 S\u0105du Najwy\u017cszego jako ostatniego bastionu opisanej w konstytucji praworz\u0105dno\u015bci prezydent u\u017cy\u0142 wobec niego typowego pisowskiego chwytu.<\/p>\n\n\n\n<p>Wprawdzie mianowa\u0142 nast\u0119pczyni\u0105 pani Gersdorf by\u0142\u0105 wsp\u00f3\u0142pracownic\u0119 Ziobry, czyli odda\u0142 S\u0105d Najwy\u017cszy pod kontrol\u0119 obozu w\u0142adzy, ale zarazem zaproponowa\u0142 Laskowskiemu stanowisko szefa Izby Karnej SN. Prosz\u0119 bardzo, macie pluralizm. Chwyt rozmywa kontrowersj\u0119 wok\u00f3\u0142 wyboru Manowskiej. Bo Laskowski, podobnie jak ona, nie mia\u0142 poparcia wi\u0119kszo\u015bci g\u0142osuj\u0105cych s\u0119dzi\u00f3w.<\/p>\n\n\n\n<p>S\u0142ycha\u0107, \u017ce Laskowski si\u0119 waha\u0142, czy przyj\u0105\u0107 nominacj\u0119. Mieli go do tego przekona\u0107 dwaj &#8222;starzy&#8221; sta\u017cem koledzy, ciesz\u0105cy si\u0119 w SN autorytetem, W\u0142odzimierz Wr\u00f3bel (wygra\u0142 g\u0142osowanie na kandydata na nowego prezesa SN, ale Duda to zignorowa\u0142, bo ma takie prawo) i Stanis\u0142aw Zab\u0142ocki. To po nim Laskowski przejmie kierowanie Izb\u0105 Karn\u0105. Wida\u0107 obaj uwa\u017cali, \u017ce poradzi sobie z wyzwaniem, jakim jest upolitycznienie S\u0105du Najwy\u017cszego.  Oby mieli racj\u0119.<\/p>\n\n\n\n<p>Na razie przedsmakiem tego, co czeka Laskowskiego, by\u0142y brutalne pr\u00f3by dyscyplinowania s\u0119dzi\u00f3w SN podczas wy\u0142aniania kandydat\u00f3w na nast\u0119pc\u0119 prezes Gersdorf. Pokazane w mediach sceny wywo\u0142ywa\u0142y skojarzenia z praktykami &#8222;bez \u017cadnego trybu&#8221; w Sejmie. Czu\u0142o si\u0119, \u017ce &#8222;dobra zmiana&#8221; wtargn\u0119\u0142a i tu. Dlatego nie tylko prawnicy, ale i obywatele powinni patrze\u0107 jej na r\u0119ce, bo niezawis\u0142o\u015b\u0107 SN jest dobrem narodowym.<\/p>\n\n\n\n<p>Tymczasem s\u0142yszymy, \u017ce dawnego rzecznika Krajowej Rady S\u0105downictwa, niepokornego s\u0119dziego Waldemara \u017burka, po pi\u0119ciu latach n\u0119kania spr\u00f3buj\u0105 pozbawi\u0107 immunitetu s\u0119dziowskiego (<a href=\"https:\/\/www.polityka.pl\/tygodnikpolityka\/kraj\/1958406,1,dobic-sedziego-represje-wobec-waldemara-zurka-nie-maja-konca.read\">pisze Ewa Siedlecka<\/a>). Ta sama chmura zawis\u0142a nad innym znanym s\u0119dzi\u0105: Igorem Tuley\u0105. Zabiega o to podporz\u0105dkowana Ziobrze Prokuratura Krajowa. Wniosek ma rozpatrzy\u0107 &#8211; uwaga! &#8211; powo\u0142ana z inicjatywy Ziobry tzw. Izba Dyscyplinarna S\u0105du Najwy\u017cszego.<\/p>\n\n\n\n<p>A konkretnie rozpatrzy j\u0105 wkr\u00f3tce by\u0142y podw\u0142adny ministra Ziobry, powo\u0142any do Izby za po\u015brednictwem neo-KRS. Czyli \u017ce dla obecnej w\u0142adzy nie liczy si\u0119 orzeczenie Trybuna\u0142u Sprawiedliwo\u015bci UE. M\u00f3wi ono, \u017ce Izba Dyscyplinarna ma wstrzyma\u0107 si\u0119 od orzekania w sprawach dyscyplinarnych, p\u00f3ki na szczeblu unijnym toczy si\u0119 sp\u00f3r o praworz\u0105dno\u015b\u0107 w Polsce. Dla w\u0142adzy wa\u017cne jest co innego: aby zamilkli s\u0119dziowie tacy jak \u017burek i Tuleya, a na innych gotowych i\u015b\u0107 w ich \u015blady pad\u0142 strach.<\/p>\n\n\n\n<p>I tak wracamy do s\u0119dziego Laskowskiego. Ewa Siedlecka uwa\u017ca, \u017ce jego w\u0142adza w SN nie b\u0119dzie papierowa. \u015awietnie, ale s\u0105 pytania. Czy dobrze zrobi\u0142, przyjmuj\u0105c nominacj\u0119 od polityka, kt\u00f3ry konstytucji si\u0119 nie k\u0142ania? Jakie posuni\u0119cia w\u0142adzy b\u0119dzie po\u015brednio legitymizowa\u0142, pozostaj\u0105c na swoim wysokim stanowisku? Czy zastanowi\u0142 si\u0119 nad tym, jak jego decyzj\u0119 odbior\u0105 s\u0119dziowie ni\u017cszych szczebli? Jaki wyci\u0105gn\u0105 z niej wniosek dla siebie? Wszak &#8222;s\u0142owa ucz\u0105, przyk\u0142ady poci\u0105gaj\u0105 do na\u015bladowania&#8221;.<\/p>\n\n\n\n<p>Pisz\u0119 o s\u0119dziach, ale sprawa ma wymow\u0119 szersz\u0105. Chodzi o wymuszanie lojalno\u015bci tam, gdzie decydowa\u0107 powinno sumienie, a nie strach przed kar\u0105 za uzasadnione niepos\u0142usze\u0144stwo. Tak zadzia\u0142a\u0142a pisowska koparka w radiowej Tr\u00f3jce. Na prawicy witano oklaskami odej\u015bcie &#8222;starej kasty radiowej&#8221;. A w samej redakcji znale\u017ali si\u0119 ludzie gotowi obj\u0105\u0107 opr\u00f3\u017cnione stanowiska, jakby nic si\u0119 nie sta\u0142o. Widzicie: nie ma ludzi niezast\u0105pionych, ale jak kto\u015b chce wr\u00f3ci\u0107, to drzwi do studia s\u0105 jeszcze otwarte.<\/p>\n\n\n\n<p>To, co dzieje si\u0119 dzi\u015b w s\u0105downictwie czy w mediach kontrolowanych przez rz\u0105dz\u0105cych polityk\u00f3w, jest fragmentem wi\u0119kszej ca\u0142o\u015bci. PiS, gdzie tylko mo\u017ce, zast\u0119puje swoimi lud\u017ami tych, kt\u00f3rych wpisa\u0142 na czarne listy. Trwa produkcja nowych kadr i nowych elit. Nie mog\u0142em oderwa\u0107 wzroku od \u0142aw rz\u0105dowych podczas czwartkowej pr\u00f3by odwo\u0142ania ministra Sasina.<\/p>\n\n\n\n<p>Kamera pokazywa\u0142a twarze notabli. Ze st\u0119\u017ca\u0142\u0105 min\u0105 s\u0142ucha\u0142 wyst\u0105pie\u0144 polityk\u00f3w opozycyjnych nawet premier. Inni s\u0142uchali z pogardliwie drwi\u0105cym grymasem, dobrze nam znanym z wyst\u0105pie\u0144 w TVN m\u0142odszego pokolenia polityk\u00f3w robi\u0105cych kariery z nadania Kaczy\u0144skiego czy Gowina &#8211; W\u00f3jcika, Schreibera, Hora\u0142y. Ale to nic w por\u00f3wnaniu z widokiem blondyna w okularach, wygl\u0105daj\u0105cego na nastolatka, kt\u00f3ry pomyli\u0142 \u0142awy rz\u0105dowe z galeri\u0105 dla publiczno\u015bci. B\u0142\u0105d! To protegowany premiera, wiceminister (!) finans\u00f3w (!). Komunikat wydaje si\u0119 jasny: m\u0142odzi, trzymajcie z nami, mamy bezlik posad! To nie jest \u015bmieszne. Te kadry buduj\u0105 &#8222;nowy, wspania\u0142y \u015bwiat&#8221;. Niko\u015b Dyzma wiecznie \u017cywy. Pos\u0142uchajmy Kaczmarskiego:<\/p>\n\n\n<p><iframe loading=\"lazy\" title=\"Jacek Kaczmarski - &quot;Kariera Nikodema Dyzmy&quot;\" width=\"1333\" height=\"1000\" src=\"https:\/\/www.youtube.com\/embed\/41YUT4EcJF8?feature=oembed\" frameborder=\"0\" allow=\"accelerometer; autoplay; clipboard-write; encrypted-media; gyroscope; picture-in-picture\" allowfullscreen><\/iframe><\/p>","protected":false},"excerpt":{"rendered":"<p>Konfuzja. I kolejny przyk\u0142ad, jak dzia\u0142a pisowska koparka. S\u0119dzia Micha\u0142 Laskowski, do niedawna rzecznik prezes Gersdorf, przyj\u0105\u0142 nominacj\u0119 z r\u0105k Andrzeja Dudy.<\/p>\n","protected":false},"author":3,"featured_media":10515,"comment_status":"open","ping_status":"closed","sticky":false,"template":"","format":"standard","meta":{"footnotes":""},"categories":[1],"tags":[],"_links":{"self":[{"href":"https:\/\/blog.polityka.pl\/szostkiewicz\/wp-json\/wp\/v2\/posts\/10506"}],"collection":[{"href":"https:\/\/blog.polityka.pl\/szostkiewicz\/wp-json\/wp\/v2\/posts"}],"about":[{"href":"https:\/\/blog.polityka.pl\/szostkiewicz\/wp-json\/wp\/v2\/types\/post"}],"author":[{"embeddable":true,"href":"https:\/\/blog.polityka.pl\/szostkiewicz\/wp-json\/wp\/v2\/users\/3"}],"replies":[{"embeddable":true,"href":"https:\/\/blog.polityka.pl\/szostkiewicz\/wp-json\/wp\/v2\/comments?post=10506"}],"version-history":[{"count":13,"href":"https:\/\/blog.polityka.pl\/szostkiewicz\/wp-json\/wp\/v2\/posts\/10506\/revisions"}],"predecessor-version":[{"id":10521,"href":"https:\/\/blog.polityka.pl\/szostkiewicz\/wp-json\/wp\/v2\/posts\/10506\/revisions\/10521"}],"wp:featuredmedia":[{"embeddable":true,"href":"https:\/\/blog.polityka.pl\/szostkiewicz\/wp-json\/wp\/v2\/media\/10515"}],"wp:attachment":[{"href":"https:\/\/blog.polityka.pl\/szostkiewicz\/wp-json\/wp\/v2\/media?parent=10506"}],"wp:term":[{"taxonomy":"category","embeddable":true,"href":"https:\/\/blog.polityka.pl\/szostkiewicz\/wp-json\/wp\/v2\/categories?post=10506"},{"taxonomy":"post_tag","embeddable":true,"href":"https:\/\/blog.polityka.pl\/szostkiewicz\/wp-json\/wp\/v2\/tags?post=10506"}],"curies":[{"name":"wp","href":"https:\/\/api.w.org\/{rel}","templated":true}]}}