
{"id":10576,"date":"2020-06-11T16:06:26","date_gmt":"2020-06-11T14:06:26","guid":{"rendered":"http:\/\/szostkiewicz.blog.polityka.pl\/?p=10576"},"modified":"2020-06-11T16:36:12","modified_gmt":"2020-06-11T14:36:12","slug":"prezydencka-debata-tv-tak-ale-wolna","status":"publish","type":"post","link":"https:\/\/blog.polityka.pl\/szostkiewicz\/2020\/06\/11\/prezydencka-debata-tv-tak-ale-wolna\/","title":{"rendered":"Prezydencka debata TV: tak, ale wolna"},"content":{"rendered":"\n<p>Podoba mi si\u0119 pomys\u0142 Rafa\u0142a Trzaskowskiego, \u017ceby tchn\u0105\u0107 w telewizyjn\u0105 debat\u0119 kandydat\u00f3w na prezydenta nowe \u017cycie. TVP pod nadzorem Jacka Kurskiego szykuje debat\u0119 na 17 czerwca.<\/p>\n\n\n\n<!--more-->\n\n\n\n<p>Taka debata, je\u015bli mieliby j\u0105 poprowadzi\u0107 tylko dziennikarze sprzyjaj\u0105cy obecnej w\u0142adzy, mija si\u0119 z celem. Bo mo\u017ce by\u0107 ustawiona pod k\u0105tem wygranej Andrzeja Dudy. Debat\u0119 ma poprowadzi\u0107 Micha\u0142 Adamczyk. Ten sam, kt\u00f3ry w zwi\u0105zku z odwiedzinami przez W\u0142adys\u0142awa Bartoszewskiego obozu o\u015bwi\u0119cimskiego &#8222;tak tylko pyta\u0142&#8221;, ile znamy przypadk\u00f3w zwolnienia wi\u0119\u017ani\u00f3w Auschwitz. To o co &#8222;tak tylko&#8221; prezenter b\u0119dzie pyta\u0142 rywali Dudy w planowanej debacie?<\/p>\n\n\n\n<p>Trzaskowski proponuje kontrkandydatom nowy format. Niechby to by\u0142a &#8222;arena prezydencka&#8221;: wiele redakcji &#8222;od lewa do prawa&#8221; zadaje po trzy pytania ka\u017cda, pretendenci te\u017c mog\u0105 sobie wzajemnie je zadawa\u0107. Jedna taka debata w pierwszej turze. Mo\u017ce warto spr\u00f3bowa\u0107? Pierwsze reakcje s\u0105 jednak raczej na &#8222;nie&#8221;. Bo Kosiniak-Kamysz i Bosak woleliby seri\u0119 debat na r\u00f3\u017cne tematy. Ludowcowi marzy si\u0119 np. sol\u00f3wka z Dud\u0105 o wsi i rolnictwie. Ale obaj, podobnie jak Duda i Bosak, nie uchylaj\u0105 si\u0119 od udzia\u0142u w ka\u017cdej debacie.<\/p>\n\n\n\n<p>Nienormalna kampania w nienormalnym czasie potrzebuje &#8211; na ile to tylko mo\u017cliwe &#8211; normalnej debaty. T\u0119 w TVP 6 maja, z udzia\u0142em 10 pretendent\u00f3w, ogl\u0105da\u0142o ponad 4 mln os\u00f3b. Debaty wyborcze w TV s\u0105 wci\u0105\u017c ch\u0119tnie ogl\u0105dane, a wi\u0119c zachowuj\u0105 wp\u0142yw na g\u0142osuj\u0105cych. Dlatego do studia przysz\u0142a tak\u017ce \u00f3wczesna kandydatka KO Ma\u0142gorzata Kidawa-B\u0142o\u0144ska. I pewnie Rafa\u0142 Trzaskowski p\u00f3jdzie w jej \u015blady 17 czerwca, je\u015bli sztaby si\u0119 dogadaj\u0105 na tak\u0105 czy inn\u0105 formu\u0142\u0119, co nie wydaje mi si\u0119 przes\u0105dzone.<\/p>\n\n\n\n<p>OK, mo\u017cna z tym mie\u0107 problem, je\u015bli w og\u00f3le ma si\u0119 problem z wyborami 28 czerwca. Jednak Trzaskowski w to wszed\u0142, wi\u0119c mo\u017ce albo przyj\u015b\u0107, albo nie przyj\u015b\u0107 na debat\u0119 urz\u0105dzan\u0105 w telewizji, kt\u00f3rej informacyjny kana\u0142 obsmarowuje go 24\/7.<\/p>\n\n\n\n<p>My\u015bl\u0119, \u017ce przyjdzie cho\u0107by po to, by pokaza\u0107 pisowskiej publiczno\u015bci, \u017ce nie jest czarnym ludem i ma dobre pomys\u0142y na normalno\u015b\u0107 w pa\u0144stwie, polityce i spo\u0142ecze\u0144stwie.<\/p>\n\n\n\n<p>Oby wypad\u0142 w tej debacie tak dobrze jak Lech Wa\u0142\u0119sa w pami\u0119tnej debacie z Alfredem Miodowiczem w 1988 r, tu\u017c przed ko\u0144cem PRL. Ogl\u0105da\u0142em j\u0105 ze \u0142zami w oczach. Dzi\u015b te\u017c w Polsce nie ma wolno\u015bci bez nowej solidarno\u015bci.<\/p>\n\n\n<p><iframe loading=\"lazy\" title=\"ECS | Wystawa sta?a | Debata telewizyjna Lech Wa??sa \u2013 Alfred Miodowicz, 30 listopada 1988\" width=\"1333\" height=\"1000\" src=\"https:\/\/www.youtube.com\/embed\/8hs7okQY_lE?feature=oembed\" frameborder=\"0\" allow=\"accelerometer; autoplay; clipboard-write; encrypted-media; gyroscope; picture-in-picture\" allowfullscreen><\/iframe><\/p>","protected":false},"excerpt":{"rendered":"<p>Podoba mi si\u0119 pomys\u0142 Rafa\u0142a Trzaskowskiego, \u017ceby tchn\u0105\u0107 w telewizyjn\u0105 debat\u0119 kandydat\u00f3w na prezydenta nowe \u017cycie. TVP pod nadzorem Jacka Kurskiego szykuje debat\u0119 na 17 czerwca.<\/p>\n","protected":false},"author":3,"featured_media":10585,"comment_status":"open","ping_status":"closed","sticky":false,"template":"","format":"standard","meta":{"footnotes":""},"categories":[1],"tags":[],"_links":{"self":[{"href":"https:\/\/blog.polityka.pl\/szostkiewicz\/wp-json\/wp\/v2\/posts\/10576"}],"collection":[{"href":"https:\/\/blog.polityka.pl\/szostkiewicz\/wp-json\/wp\/v2\/posts"}],"about":[{"href":"https:\/\/blog.polityka.pl\/szostkiewicz\/wp-json\/wp\/v2\/types\/post"}],"author":[{"embeddable":true,"href":"https:\/\/blog.polityka.pl\/szostkiewicz\/wp-json\/wp\/v2\/users\/3"}],"replies":[{"embeddable":true,"href":"https:\/\/blog.polityka.pl\/szostkiewicz\/wp-json\/wp\/v2\/comments?post=10576"}],"version-history":[{"count":8,"href":"https:\/\/blog.polityka.pl\/szostkiewicz\/wp-json\/wp\/v2\/posts\/10576\/revisions"}],"predecessor-version":[{"id":10584,"href":"https:\/\/blog.polityka.pl\/szostkiewicz\/wp-json\/wp\/v2\/posts\/10576\/revisions\/10584"}],"wp:featuredmedia":[{"embeddable":true,"href":"https:\/\/blog.polityka.pl\/szostkiewicz\/wp-json\/wp\/v2\/media\/10585"}],"wp:attachment":[{"href":"https:\/\/blog.polityka.pl\/szostkiewicz\/wp-json\/wp\/v2\/media?parent=10576"}],"wp:term":[{"taxonomy":"category","embeddable":true,"href":"https:\/\/blog.polityka.pl\/szostkiewicz\/wp-json\/wp\/v2\/categories?post=10576"},{"taxonomy":"post_tag","embeddable":true,"href":"https:\/\/blog.polityka.pl\/szostkiewicz\/wp-json\/wp\/v2\/tags?post=10576"}],"curies":[{"name":"wp","href":"https:\/\/api.w.org\/{rel}","templated":true}]}}