
{"id":10587,"date":"2020-06-12T17:35:54","date_gmt":"2020-06-12T15:35:54","guid":{"rendered":"http:\/\/szostkiewicz.blog.polityka.pl\/?p=10587"},"modified":"2020-06-13T10:45:14","modified_gmt":"2020-06-13T08:45:14","slug":"biskupi-z-odsiecza-ewangeliscie-szumowskiemu","status":"publish","type":"post","link":"https:\/\/blog.polityka.pl\/szostkiewicz\/2020\/06\/12\/biskupi-z-odsiecza-ewangeliscie-szumowskiemu\/","title":{"rendered":"Biskupi z odsiecz\u0105 &#8222;ewangeli\u015bcie&#8221; Szumowskiemu"},"content":{"rendered":"\n<p>W wirze kampanii wyborczej trzech biskup\u00f3w wystawia politykowi \u015bwiadectwo moralno\u015bci. Adresy pochwalne na cze\u015b\u0107 ministra \u0141ukasza Szumowskiego pope\u0142nili biskupi Piotr Libera, Romuald Kami\u0144ski i Antoni D\u0142ugosz. Najszerszym echem odbi\u0142o si\u0119 kuriozalne wyst\u0105pienie tego ostatniego podczas apelu jasnog\u00f3rskiego w Cz\u0119stochowie. Przykry\u0142o do\u015b\u0107 pojednawczy tym razem ton ko\u015bcielnych przem\u00f3wie\u0144 z okazji Bo\u017cego Cia\u0142a. Bp D\u0142ugosz wyr\u0119czy\u0142 abp. J\u0119draszewskiego.<\/p>\n\n\n\n<!--more-->\n\n\n\n<p>Wszyscy trzej wsparli &#8211; czy tego chcieli, czy nie &#8211; przedstawiciela obecnej w\u0142adzy, ca\u0142kowicie ignoruj\u0105c ostre kontrowersje wok\u00f3\u0142 Szumowskiego dotycz\u0105ce jego dzia\u0142a\u0144 w ramach pandemii i nepotycznych powi\u0105za\u0144.<\/p>\n\n\n\n<p>Pochwa\u0142 i dzi\u0119kczynie\u0144 nie zabrak\u0142o, zabrak\u0142o rozeznania, co wypada i kiedy biskupowi najwi\u0119kszej konfesji w Polsce. Wy\u0142apa\u0142 to momentalnie czujny stra\u017cnik czysto\u015bci doktryny katolickiej dr Tomasz Terlikowski. Nie zdzier\u017cy\u0142, gdy bp D\u0142ugosz zestawi\u0142 premiera Morawieckiego i ministra Szumowskiego z dwoma \u015bwi\u0119tymi ewangelistami.<\/p>\n\n\n\n<p>Karko\u0142omn\u0105 konstrukcj\u0119 zbudowa\u0142 na imionach: &#8222;Ewangelista Mateusz, premier&nbsp;Morawiecki, pochyla si\u0119 nad egzystencj\u0105 naszego narodu, by \u017cy\u0142o si\u0119 lepiej. Z kolei ewangelista \u0141ukasz, profesor&nbsp;Szumowski, jest przed\u0142u\u017ceniem czyn\u00f3w Jezusa, troszcz\u0105c si\u0119 o nasze \u017cycie i zdrowie&#8221;.<\/p>\n\n\n\n<p>Gdyby m\u00f3g\u0142, doda\u0142by mo\u017ce do tych gigant\u00f3w ducha i czynu prezesa Kaczy\u0144skiego, ale tak si\u0119 fatalnie sk\u0142ada, \u017ce w\u015br\u00f3d autor\u00f3w kanonicznych Ewangelii nie ma Jaros\u0142awa. Gorzej, Jaros\u0142aw jest \u015bwi\u0119tym ruskim, wi\u0119c lepiej na ten grz\u0105ski teren si\u0119 nie zap\u0119dza\u0107.<\/p>\n\n\n\n<p>Tako rzecze Terlikowski: &#8222;Ani czas, ani miejsce, ani osoba. Takie s\u0142owa s\u0105 nie tylko nieroztropne, w\u0142\u0105czaj\u0105 Ko\u015bci\u00f3\u0142 w nawalank\u0119 polityczn\u0105, ale te\u017c niekatolickie. Wierzymy w Boga, a nie w PiS, czytamy Ewangeli\u0119 Mateusza i \u0141ukasza, a nie przem\u00f3wienia ministra i premiera. I to niezale\u017cnie od pogl\u0105d\u00f3w&#8221;. Katolicki publicysta nie odkrywa niczego nowego. M\u00f3wi rzecz oczywist\u0105, ale \u017cyjemy teraz w czasie, kiedy m\u00f3wienie niekt\u00f3rych rzeczy oczywistych przez ludzi Ko\u015bcio\u0142a mo\u017ce by\u0107 aktem odwagi. Ale te\u017c w czasach, kiedy odwaga i rozum dro\u017cej\u0105.<\/p>\n\n\n\n<p>Trudno poj\u0105\u0107, czemu ludzie, kt\u00f3rzy s\u0105 wci\u0105\u017c autorytetami dla sporej cz\u0119\u015bci katolik\u00f3w, m\u00f3wi\u0105 rzeczy, kt\u00f3re musi kwestionowa\u0107 ich tradycjonalistyczny wsp\u00f3\u0142wyznawca. Przecie\u017c to jest duszpasterska pora\u017cka tych biskup\u00f3w, \u017ceby im Terlikowski musia\u0142 przypomina\u0107, \u017ce katolicy maj\u0105 wierzy\u0107 w Boga, a nie w idoli. Ba\u0142wochwalstwo polityczne jest odmian\u0105 poga\u0144skiego kultu cielc\u00f3w, a ten jest obraz\u0105 Boga.<\/p>\n\n\n\n<p>No i jeszcze jest kwestia milczenia, gdy trzeba m\u00f3wi\u0107. W bie\u017c\u0105cej kampanii codziennie s\u0142ycha\u0107 rzeczy skandaliczne, o kt\u00f3rych krzywou\u015bci prawicowi kaznodzieje milcz\u0105, cho\u0107 powinni stan\u0105\u0107 murem po stronie obra\u017canych, zranionych, wykluczanych w Ko\u015bciele i spo\u0142ecze\u0144stwie. Najnowszy przyk\u0142ad to ,,prorodzinna&#8221; , a w istocie homofobiczna uwaga Brudzi\u0144skiego o piskl\u0119tach w gnie\u017adzie, w kt\u00f3rym nie panoszy si\u0119 \u017cadne LGBT. Pisowcy  zn\u00f3w chc\u0105 wygra\u0107 na homofobii i j\u0105trzeniu,  nie cofn\u0105 si\u0119 przed k\u0142amstwami i obelgami. <\/p>\n\n\n\n<p>Takie milczenie i przemilczanie sko\u0144czy\u0142o si\u0119 dla Ko\u015bcio\u0142a ju\u017c nieraz w historii upadkiem jego autorytetu i wiarygodno\u015bci  i odp\u0142ywem zgorszonych i oburzonych wiernych, zw\u0142aszcza m\u0142odszych. Jedyn\u0105 pozycj\u0105, jak\u0105 Ko\u015bci\u00f3\u0142 powinien budowa\u0107 dla siebie i wiary, jest si\u0142a ewangelicznego \u015bwiadectwa. Systemy i partie polityczne przemin\u0105, wstyd zostanie.<\/p>\n","protected":false},"excerpt":{"rendered":"<p>W wirze kampanii wyborczej trzech biskup\u00f3w wystawia politykowi \u015bwiadectwo moralno\u015bci. Adresy pochwalne na cze\u015b\u0107 ministra \u0141ukasza Szumowskiego pope\u0142nili biskupi Piotr Libera, Romuald Kami\u0144ski i Antoni D\u0142ugosz. Najszerszym echem odbi\u0142o si\u0119 kuriozalne wyst\u0105pienie tego ostatniego podczas apelu jasnog\u00f3rskiego w Cz\u0119stochowie. Przykry\u0142o do\u015b\u0107 pojednawczy tym razem ton ko\u015bcielnych przem\u00f3wie\u0144 z okazji Bo\u017cego Cia\u0142a. Bp D\u0142ugosz wyr\u0119czy\u0142 abp. [&hellip;]<\/p>\n","protected":false},"author":3,"featured_media":10592,"comment_status":"open","ping_status":"closed","sticky":false,"template":"","format":"standard","meta":{"footnotes":""},"categories":[1],"tags":[],"_links":{"self":[{"href":"https:\/\/blog.polityka.pl\/szostkiewicz\/wp-json\/wp\/v2\/posts\/10587"}],"collection":[{"href":"https:\/\/blog.polityka.pl\/szostkiewicz\/wp-json\/wp\/v2\/posts"}],"about":[{"href":"https:\/\/blog.polityka.pl\/szostkiewicz\/wp-json\/wp\/v2\/types\/post"}],"author":[{"embeddable":true,"href":"https:\/\/blog.polityka.pl\/szostkiewicz\/wp-json\/wp\/v2\/users\/3"}],"replies":[{"embeddable":true,"href":"https:\/\/blog.polityka.pl\/szostkiewicz\/wp-json\/wp\/v2\/comments?post=10587"}],"version-history":[{"count":9,"href":"https:\/\/blog.polityka.pl\/szostkiewicz\/wp-json\/wp\/v2\/posts\/10587\/revisions"}],"predecessor-version":[{"id":10597,"href":"https:\/\/blog.polityka.pl\/szostkiewicz\/wp-json\/wp\/v2\/posts\/10587\/revisions\/10597"}],"wp:featuredmedia":[{"embeddable":true,"href":"https:\/\/blog.polityka.pl\/szostkiewicz\/wp-json\/wp\/v2\/media\/10592"}],"wp:attachment":[{"href":"https:\/\/blog.polityka.pl\/szostkiewicz\/wp-json\/wp\/v2\/media?parent=10587"}],"wp:term":[{"taxonomy":"category","embeddable":true,"href":"https:\/\/blog.polityka.pl\/szostkiewicz\/wp-json\/wp\/v2\/categories?post=10587"},{"taxonomy":"post_tag","embeddable":true,"href":"https:\/\/blog.polityka.pl\/szostkiewicz\/wp-json\/wp\/v2\/tags?post=10587"}],"curies":[{"name":"wp","href":"https:\/\/api.w.org\/{rel}","templated":true}]}}