
{"id":10598,"date":"2020-06-14T13:58:30","date_gmt":"2020-06-14T11:58:30","guid":{"rendered":"http:\/\/szostkiewicz.blog.polityka.pl\/?p=10598"},"modified":"2020-06-15T16:09:33","modified_gmt":"2020-06-15T14:09:33","slug":"to-juz-jezyk-faszystow","status":"publish","type":"post","link":"https:\/\/blog.polityka.pl\/szostkiewicz\/2020\/06\/14\/to-juz-jezyk-faszystow\/","title":{"rendered":"To ju\u017c j\u0119zyk faszyst\u00f3w"},"content":{"rendered":"\n<p>Od pocz\u0105tku by\u0142o jasne, \u017ce PiS i prawica wykorzystaj\u0105 w\u0105tek LGBT przeciwko kandydaturze Rafa\u0142a Trzaskowskiego na prezydenta RP. Do\u017cyli\u015bmy czasu, kiedy politycy zwi\u0105zani z obecn\u0105 w\u0142adz\u0105 si\u0119gaj\u0105 otwarcie, bez skrupu\u0142\u00f3w i bezwstydnie po j\u0119zyk faszystowski.<\/p>\n\n\n\n<!--more-->\n\n\n\n<p>Nic mnie nie obchodzi, \u017ce to si\u0119 dzieje na u\u017cytek kampanii wyborczej, aby mobilizowa\u0107 prawicowy elektorat. Bo zarazem dzieje si\u0119 to w pa\u0144stwie cz\u0142onkowskim Unii Europejskiej, kt\u00f3re przecie\u017c samo zabrania szerzenia nienawi\u015bci i dyskryminacji obywateli ze wzgl\u0119du na ich to\u017csamo\u015b\u0107 seksualn\u0105. To si\u0119 dzieje w \u015brodku Europy w XXI w. Ile\u017c szkody wyrz\u0105dzi\u0142y wizerunkowi Polski w opinii mi\u0119dzynarodowej ko\u0142tu\u0144skie uchwa\u0142y og\u0142aszaj\u0105ce szereg gmin &#8222;strefami wolnymi od LGBT&#8221;. A teraz do tej ksi\u0119gi ha\u0144by wpisuj\u0105 si\u0119 swymi wypowiedziami pos\u0142owie PiS i sam prezydent Polski.<\/p>\n\n\n\n<p>I brn\u0105 w zaparte, zamiast przeprosi\u0107 i wyrazi\u0107 g\u0142\u0119bok\u0105 skruch\u0119. Fraza &#8222;to nie s\u0105 ludzie, tylko ideologia LGBT&#8221; to chwyt odcz\u0142owieczaj\u0105cy, dyskryminuj\u0105cy i wykluczaj\u0105cy.  To j\u0119zyk faszyzmu i innych zbrodniczych system\u00f3w totalitarnych. Nazi\u015bci, faszy\u015bci, komuni\u015bci i rasi\u015bci przyznali sobie prawo do decydowania, kto jest cz\u0142owiekiem, kto nale\u017cy do warto\u015bciowej cz\u0119\u015bci spo\u0142ecze\u0144stw, kt\u00f3rymi rz\u0105dzili, i kto zas\u0142uguje na obywatelstwo. Za s\u0142owami posz\u0142y zbrodnie na tych, kt\u00f3rych uznali za &#8222;nienormalnych&#8221;, za zb\u0119dne z\u0142ogi, za gorszy sort, za podludzi. Homoseksualist\u00f3w hitlerowcy tysi\u0105cami mordowali i zsy\u0142ali do oboz\u00f3w koncentracyjnych.<\/p>\n\n\n\n<p>Jakim prawem pose\u0142 Czarnek czy ktokolwiek inny segreguje ludzi? Co by powiedzieli, gdyby kto\u015b og\u0142osi\u0142, \u017ce katolicy to nie ludzie, tylko ideologia?  Polska debata publiczna si\u0119gn\u0119\u0142a dna. Dla takich s\u0142\u00f3w nie mo\u017ce by\u0107 \u017cadnych usprawiedliwie\u0144 politycznych, moralnych, prawnych czy religijnych.<\/p>\n\n\n\n<p>Czy pos\u0142owie Czarnek, \u017balek, Brudzi\u0144ski zdaj\u0105 sobie spraw\u0119, w jakim stawiaj\u0105 si\u0119 szeregu? Czy prezydent Duda, sk\u0142adaj\u0105c w niedziel\u0119 w obozie o\u015bwi\u0119cimskim kwiaty ku pami\u0119ci jego ofiar, uwa\u017ca\u0142, \u017ce ma czyste sumienie? A przecie\u017c na wiecu w Brzegu popar\u0142 homofobiczn\u0105 odzywk\u0119 \u017balka w TVN24 i jeszcze doda\u0142, \u017ce &#8222;ideologia LGBT&#8221; to czysty bolszewizm. Nie, czystym z\u0142em i czyst\u0105 nienawi\u015bci\u0105 by\u0142y s\u0142owa \u017balka. Dok\u0105d my idziemy z takimi liderami? Czy nowym mottem obecnej w\u0142adzy maj\u0105 by\u0107 s\u0142owa Czarnka, \u017ce prawa cz\u0142owieka to idiotyzm?<\/p>\n\n\n\n<p>Na domiar z\u0142ego nasi polityczni homofobi lubi\u0105 si\u0119 obnosi\u0107 z wiar\u0105 katolick\u0105. Ale homofobia jest wypaczeniem tej wiary. Powinni to wiedzie\u0107. Je\u015bli nie wiedz\u0105, warto im przypomnie\u0107 s\u0142owa papie\u017ca Franciszka. Nieca\u0142y rok temu, 15 listopada 2019 r. podczas spotkania z prawnikami w Watykanie, pot\u0119pi\u0142 dyskryminacj\u0119 os\u00f3b homoseksualnych jako przejaw powracaj\u0105cej &#8222;kultury nienawi\u015bci&#8221;. Bo dzi\u015b znowu s\u0142yszymy, jak niekt\u00f3rzy oficjele m\u00f3wi\u0105 o r\u00f3\u017cnych n\u0119kanych grupach ludzi w taki sam spos\u00f3b, jak Hitler m\u00f3wi\u0142 o \u017bydach, Romach, homoseksualistach. Chyba ja\u015bniej, ni\u017c uczyni\u0142 to papie\u017c, nie mo\u017cna okre\u015bli\u0107, jakie zachowanie przystoi chrze\u015bcijaninowi, a jakie go kompromituje.<\/p>\n\n\n\n<p>PS. Prezydent Duda \u017ca\u0142osnymi tweetami pogarsza problem, jakim sta\u0142y si\u0119 jego wypowiedzi ju\u017c w skali mi\u0119dzynarodowej. Chyba pisze mu je kto\u015b z Breitbart News.  Tymczasem Christian Davies, korespondent \u201eGuardiana\u201d w\u00a0Polsce, w\u00a0odpowiedzi wyszed\u0142 z\u00a0nast\u0119puj\u0105c\u0105 propozycj\u0105 dla Andrzeja Dudy: \u201eZ przyjemno\u015bci\u0105 nagramy wyja\u015bnienie, co Pan mia\u0142 na my\u015bli, m\u00f3wi\u0105c, \u017ce \u201aideologia LGBT\u2019 jest gorsza ni\u017c komunistyczna indoktrynacja. Zgodzi si\u0119 Pan?\u201d.  Oby Davies dosta\u0142 zgod\u0119.  <\/p>\n\n\n\n<p>W\u0142adze KUL odci\u0119\u0142y si\u0119 od homofobii swego absolwenta.  <a href=\"https:\/\/deon.pl\/kosciol\/wladze-katolickiego-uniwersytetu-lubelskiego-wydaly-oswiadczenie-ws-slow-posla-pis-u-o-lgbt,904303\">https:\/\/deon.pl\/kosciol\/wladze-katolickiego-uniwersytetu-lubelskiego-wydaly-oswiadczenie-ws-slow-posla-pis-u-o-lgbt,904303<\/a>  <\/p>\n\n\n\n<p><\/p>\n","protected":false},"excerpt":{"rendered":"<p>Od pocz\u0105tku by\u0142o jasne, \u017ce PiS i prawica wykorzystaj\u0105 w\u0105tek LGBT przeciwko kandydaturze Rafa\u0142a Trzaskowskiego na prezydenta RP. Do\u017cyli\u015bmy czasu, kiedy politycy zwi\u0105zani z obecn\u0105 w\u0142adz\u0105 si\u0119gaj\u0105 otwarcie, bez skrupu\u0142\u00f3w i bezwstydnie po j\u0119zyk faszystowski.<\/p>\n","protected":false},"author":3,"featured_media":10607,"comment_status":"open","ping_status":"closed","sticky":false,"template":"","format":"standard","meta":{"footnotes":""},"categories":[1],"tags":[],"_links":{"self":[{"href":"https:\/\/blog.polityka.pl\/szostkiewicz\/wp-json\/wp\/v2\/posts\/10598"}],"collection":[{"href":"https:\/\/blog.polityka.pl\/szostkiewicz\/wp-json\/wp\/v2\/posts"}],"about":[{"href":"https:\/\/blog.polityka.pl\/szostkiewicz\/wp-json\/wp\/v2\/types\/post"}],"author":[{"embeddable":true,"href":"https:\/\/blog.polityka.pl\/szostkiewicz\/wp-json\/wp\/v2\/users\/3"}],"replies":[{"embeddable":true,"href":"https:\/\/blog.polityka.pl\/szostkiewicz\/wp-json\/wp\/v2\/comments?post=10598"}],"version-history":[{"count":9,"href":"https:\/\/blog.polityka.pl\/szostkiewicz\/wp-json\/wp\/v2\/posts\/10598\/revisions"}],"predecessor-version":[{"id":10609,"href":"https:\/\/blog.polityka.pl\/szostkiewicz\/wp-json\/wp\/v2\/posts\/10598\/revisions\/10609"}],"wp:featuredmedia":[{"embeddable":true,"href":"https:\/\/blog.polityka.pl\/szostkiewicz\/wp-json\/wp\/v2\/media\/10607"}],"wp:attachment":[{"href":"https:\/\/blog.polityka.pl\/szostkiewicz\/wp-json\/wp\/v2\/media?parent=10598"}],"wp:term":[{"taxonomy":"category","embeddable":true,"href":"https:\/\/blog.polityka.pl\/szostkiewicz\/wp-json\/wp\/v2\/categories?post=10598"},{"taxonomy":"post_tag","embeddable":true,"href":"https:\/\/blog.polityka.pl\/szostkiewicz\/wp-json\/wp\/v2\/tags?post=10598"}],"curies":[{"name":"wp","href":"https:\/\/api.w.org\/{rel}","templated":true}]}}