
{"id":10610,"date":"2020-06-16T15:25:26","date_gmt":"2020-06-16T13:25:26","guid":{"rendered":"http:\/\/szostkiewicz.blog.polityka.pl\/?p=10610"},"modified":"2020-06-16T21:59:13","modified_gmt":"2020-06-16T19:59:13","slug":"matka-biedronia-pod-palacem-dudy","status":"publish","type":"post","link":"https:\/\/blog.polityka.pl\/szostkiewicz\/2020\/06\/16\/matka-biedronia-pod-palacem-dudy\/","title":{"rendered":"Matka Biedronia pod pa\u0142acem Dudy"},"content":{"rendered":"\n<p>Poruszaj\u0105ce wyst\u0105pienie Heleny Biedro\u0144, matki pretendenta do prezydentury. Wraz z innymi matkami stan\u0119\u0142a pod pa\u0142acem, w kt\u00f3rym rezyduje Andrzej Duda. Pewno nie by\u0142o go w pa\u0142acu, ale mo\u017ce obejrza\u0142 wideo. Korona by mu z g\u0142owy nie spad\u0142a.<\/p>\n\n\n\n<!--more-->\n\n\n\n<p>M\u00f3g\u0142by sobie zrobi\u0107 rachunek sumienia. M\u00f3g\u0142by zachowa\u0107 si\u0119 przyzwoicie. Przeprosi\u0107 za gorsz\u0105ce wspieranie homofobii w swoim obozie politycznym. Odegra\u0107 rol\u0119 prawdziwego lidera i g\u0142owy pa\u0144stwa. M\u00f3g\u0142by wyj\u015b\u0107 do matek os\u00f3b o innej to\u017csamo\u015bci seksualnej, wys\u0142ucha\u0107 ich opowie\u015bci, zada\u0107 pytania, nawi\u0105za\u0107 ludzk\u0105 rozmow\u0119. Niestety, nie skorzysta\u0142 ze sposobno\u015bci. Nie skorzysta\u0142a z niej tak\u017ce Agata Kornhauser-Duda, przecie\u017c tak\u017ce matka.<\/p>\n\n\n\n<p>Helena Biedro\u0144 nie m\u00f3wi\u0142a j\u0119zykiem polityki konfrontacyjnej, tylko ludzkiego do\u015bwiadczenia. Dlatego wzbudza podziw i szacunek. Tak samo jak inne matki, kt\u00f3re jej towarzyszy\u0142y pod pa\u0142acem, gdy czyta\u0142a sw\u00f3j list do prezydenta Dudy: &#8222;Ludzie na pana patrz\u0105 i pana s\u0142uchaj\u0105. Jako g\u0142owa pa\u0144stwa ma pan moc robienia rzeczy z\u0142ych i dobrych. Jako matka prosz\u0119, \u017ceby pan przesta\u0142. Nasze c\u00f3rki i synowie to ludzie, nasze dzieci, kt\u00f3re kochamy. Niech pan, panie prezydencie, zrobi to, co jest nakazem ka\u017cdego cz\u0142owieka: stanie po stronie dobra&#8221;.<\/p>\n\n\n\n<p>Duda, \u017balek, Czarnek, Brudzi\u0144ski powinni czyta\u0107 ten list uwa\u017cniej ni\u017c list Kaczy\u0144skiego do ich partii. Bo jest wo\u0142aniem zwyk\u0142ej obywatelki o prawo i sprawiedliwo\u015b\u0107. Ale te\u017c ostrze\u017ceniem przed igraniem z ogniem. Tak, s\u0142owa mog\u0105 rani\u0107 bardziej ni\u017c pi\u0119\u015bci i zagrzewa\u0107 do przemocy. &#8222;Panie prezydencie, boimy si\u0119 o nasze dzieci &#8211; m\u00f3wi\u0142a Helena Biedro\u0144. &#8211; Nie chcemy ich straci\u0107 tylko dlatego, \u017ce kto\u015b uznawszy, \u017ce nie s\u0105 lud\u017ami, zamorduje ich, pobije czy doprowadzi do samob\u00f3jstwa. Cz\u0119sto tak wygl\u0105da \u017cycie naszych dzieci w Polsce&#8221;.<\/p>\n\n\n\n<p>Szczeg\u00f3lnie niemoralne i niebezpieczne s\u0105 takie s\u0142owa w ustach polityk\u00f3w w\u0142adzy. Kreuj\u0105 si\u0119 oni na obro\u0144c\u00f3w dzieci, m\u0142odzie\u017cy i rodziny. To mo\u017ce by dostrzegli, \u017ce homofobia jest te\u017c atakiem na rodziny takie jak te Heleny Biedro\u0144 i innych rodzic\u00f3w w tej samej sytuacji. A oni swymi wyst\u0105pieniami w istocie broni\u0105 warto\u015bci rodzinnych.<\/p>\n\n\n\n<p>I czyni\u0105 to szczerze, godnie, przekonuj\u0105co, a nie z wyrachowania, jak homofobiczna prawica polityczna i ko\u015bcielna. &#8222;Panie prezydencie, nie jest \u0142atwo stan\u0105\u0107 w tym miejscu i powiedzie\u0107 to, co chcemy powiedzie\u0107: to, co pan m\u00f3wi o naszych dzieciach, potwornie nas boli i rani. Krzywdzi te\u017c mojego syna, podobnie jak inne dzieci, kt\u00f3rym politycy odbieraj\u0105 cz\u0142owiecze\u0144stwo. To nie tylko nasi synowie, c\u00f3rki, ale te\u017c bracia i siostry, cz\u0142onkowie rodzin, przyjaciele, znajomi&#8221;.<\/p>\n\n\n\n<p>Helena Biedro\u0144 powiedzia\u0142a prawd\u0119. Homofobiczne ataki po\u015brednio rani\u0105 i stygmatyzuj\u0105 ca\u0142e rodziny, w kt\u00f3rych wi\u0119kszo\u015b\u0107 stanowi\u0105 zwykle osoby niehomoseksualne, a cz\u0119sto tak\u017ce chodz\u0105ce do ko\u015bcio\u0142a. A skoro tak, to jak mo\u017cna nazywa\u0107 si\u0119 obro\u0144cami rodziny, nie dostrzegaj\u0105c tego? Niech tym matkom i rodzinom wyt\u0142umaczy to prezydent Duda. Maj\u0105 prawo tego oczekiwa\u0107 od niego, a on ma obowi\u0105zek to prawo uszanowa\u0107 jako &#8222;prezydent wszystkich Polak\u00f3w&#8221;, a wi\u0119c i os\u00f3b LGBT i ich rodzin ranionych przez utytu\u0142owanych homofob\u00f3w.<\/p>\n\n\n\n<p>PS. W mediach wiadomo\u015b\u0107, \u017ce w \u015brod\u0119, 17 czerwca, ma by\u0107 spotkanie prezydenta Dudy z Helen\u0105 Biedro\u0144, jej synem i aktywist\u0105 kampanii przeciw homofobii. Ale kr\u00f3tka by\u0142a moja rado\u015b\u0107. Za zaproszeniem mo\u017ce sta\u0107 ambasada  USA w Warszawie:  <a href=\"https:\/\/wiadomosci.dziennik.pl\/polityka\/artykuly\/7745308,lgbt-richard-grennell-ambasada-usa-donald-trump-andrzej-duda-slowa.html\">https:\/\/wiadomosci.dziennik.pl\/polityka\/artykuly\/7745308,lgbt-richard-grennell-ambasada-usa-donald-trump-andrzej-duda-slowa.html<\/a>  . To katastrofa dyplomatyczna, polityczna i wizerunkowa.  Miejmy nadziej\u0119, \u017ce i wyborcza &#8211; Dudy. G\u0142osy narodowc\u00f3w posz\u0142y si\u0119 buja\u0107. <\/p>\n\n\n\n<p>PS2. Dzieje si\u0119 dalej! Spotkania nie b\u0119dzie! Robert Biedro\u0144 zrozumia\u0142, \u017ce jest wkr\u0119cany,  Mama wyda\u0142a kolejne m\u0105dre o\u015bwiadczenie. Klops.     <\/p>\n","protected":false},"excerpt":{"rendered":"<p>Poruszaj\u0105ce wyst\u0105pienie Heleny Biedro\u0144, matki pretendenta do prezydentury. Wraz z innymi matkami stan\u0119\u0142a pod pa\u0142acem, w kt\u00f3rym rezyduje Andrzej Duda. Pewno nie by\u0142o go w pa\u0142acu, ale mo\u017ce obejrza\u0142 wideo. Korona by mu z g\u0142owy nie spad\u0142a.<\/p>\n","protected":false},"author":3,"featured_media":10620,"comment_status":"open","ping_status":"closed","sticky":false,"template":"","format":"standard","meta":{"footnotes":""},"categories":[1],"tags":[],"_links":{"self":[{"href":"https:\/\/blog.polityka.pl\/szostkiewicz\/wp-json\/wp\/v2\/posts\/10610"}],"collection":[{"href":"https:\/\/blog.polityka.pl\/szostkiewicz\/wp-json\/wp\/v2\/posts"}],"about":[{"href":"https:\/\/blog.polityka.pl\/szostkiewicz\/wp-json\/wp\/v2\/types\/post"}],"author":[{"embeddable":true,"href":"https:\/\/blog.polityka.pl\/szostkiewicz\/wp-json\/wp\/v2\/users\/3"}],"replies":[{"embeddable":true,"href":"https:\/\/blog.polityka.pl\/szostkiewicz\/wp-json\/wp\/v2\/comments?post=10610"}],"version-history":[{"count":10,"href":"https:\/\/blog.polityka.pl\/szostkiewicz\/wp-json\/wp\/v2\/posts\/10610\/revisions"}],"predecessor-version":[{"id":10624,"href":"https:\/\/blog.polityka.pl\/szostkiewicz\/wp-json\/wp\/v2\/posts\/10610\/revisions\/10624"}],"wp:featuredmedia":[{"embeddable":true,"href":"https:\/\/blog.polityka.pl\/szostkiewicz\/wp-json\/wp\/v2\/media\/10620"}],"wp:attachment":[{"href":"https:\/\/blog.polityka.pl\/szostkiewicz\/wp-json\/wp\/v2\/media?parent=10610"}],"wp:term":[{"taxonomy":"category","embeddable":true,"href":"https:\/\/blog.polityka.pl\/szostkiewicz\/wp-json\/wp\/v2\/categories?post=10610"},{"taxonomy":"post_tag","embeddable":true,"href":"https:\/\/blog.polityka.pl\/szostkiewicz\/wp-json\/wp\/v2\/tags?post=10610"}],"curies":[{"name":"wp","href":"https:\/\/api.w.org\/{rel}","templated":true}]}}