
{"id":10705,"date":"2020-07-02T16:21:09","date_gmt":"2020-07-02T14:21:09","guid":{"rendered":"http:\/\/szostkiewicz.blog.polityka.pl\/?p=10705"},"modified":"2020-07-02T17:01:44","modified_gmt":"2020-07-02T15:01:44","slug":"basuja-bosakowi","status":"publish","type":"post","link":"https:\/\/blog.polityka.pl\/szostkiewicz\/2020\/07\/02\/basuja-bosakowi\/","title":{"rendered":"Basuj\u0105 Bosakowi"},"content":{"rendered":"\n<p>Nie tylko prezydent Duda, ale te\u017c Rafa\u0142 Trzaskowski szuka g\u0142os\u00f3w poparcia w niszy politycznej nazywanej Konfederacj\u0105. Je\u015bli chodzi o Trzaskowskiego, rodzi to dylemat. Bo cz\u0119\u015b\u0107 jego wyborc\u00f3w z pierwszej tury nie mo\u017ce tych awans\u00f3w prze\u0142kn\u0105\u0107. C\u00f3\u017c, polityka w dzia\u0142aniu, szczeg\u00f3lnie wyborcza, nie zawsze pachnie r\u00f3\u017cami.<\/p>\n\n\n\n<!--more-->\n\n\n\n<p>Oba sztaby maj\u0105 jedno zadanie: doprowadzi\u0107 swego kandydata do wygranej. Miejmy nadziej\u0119, \u017ce oboma kieruje te\u017c zasada, \u017ce cel nie u\u015bwi\u0119ca zawsze \u015brodk\u00f3w. Tak czy inaczej &#8211; pokusa jest zrozumia\u0142a. &#8222;Grzeczny ch\u0142opak&#8221; &#8211; tak pono\u0107 nazywaj\u0105 Krzysztofa Bosaka niekt\u00f3rzy jego polityczni koledzy &#8211; zdoby\u0142 28 czerwca poparcie ponad miliona wyborc\u00f3w. I od razu zacz\u0105\u0142 uprawia\u0107 grubo szyt\u0105 propagand\u0119 sukcesu. &#8222;Trzecia si\u0142a polityczna?&#8221;. Wolne \u017carty. Je\u015bli ju\u017c, to tak mo\u017ce si\u0119 chwali\u0107 sztab Szymona Ho\u0142owni (2,7 mln g\u0142os\u00f3w). Pod warunkiem \u017ce nie zmarnuj\u0105 tego kapita\u0142u, jak Palikot czy Kukiz.<\/p>\n\n\n\n<p>Ale teraz obaj rywale musz\u0105 zrobi\u0107 wszystko, aby przechyli\u0107 szal\u0119 na swoj\u0105 korzy\u015b\u0107 w drugiej turze. Ich sztabowcy nie mog\u0105 pomin\u0105\u0107 miliona wyborc\u00f3w Bosaka. Nie ma \u017cadnej pewno\u015bci, czy ich awanse do konfederat\u00f3w si\u0119 powiod\u0105, ale musz\u0105 pr\u00f3bowa\u0107. Taka jest logika polityczna drugiej tury, \u017ce nikogo nie mog\u0105 odpu\u015bci\u0107, je\u015bli nie s\u0105 pewni wygranej swego kandydata. A nie s\u0105.<\/p>\n\n\n\n<p>Wyborcy Bosaka to pospolite ruszenie nacjonalist\u00f3w, dogmatycznych wolnorynkowc\u00f3w, antyszczepionkowc\u00f3w, euro- i homofob\u00f3w, a tak\u017ce wrog\u00f3w uczestnictwa kobiet w \u017cyciu politycznym, &#8222;demolibera\u0142\u00f3w&#8221; i &#8222;lewactwa&#8221;. Miliony lat \u015bwietlnych od wyborc\u00f3w Trzaskowskiego.<\/p>\n\n\n\n<p>Chyba tylko jedna cz\u0105stka tej mieszanki mo\u017ce da\u0107 si\u0119 skusi\u0107 Trzaskowskiemu: drobni przedsi\u0119biorcy, kt\u00f3rzy od lat szukaj\u0105 i nie znajduj\u0105 swojej reprezentacji, a je\u015bli znajduj\u0105 &#8211; jak by\u0142o z Kukizem &#8211; to j\u0105 trac\u0105. I to do tej cz\u0119\u015bci elektoratu Bosaka wyci\u0105ga r\u0119k\u0119 Trzaskowski. Czy zostanie przyj\u0119ta? Na razie guru od statystyk wyborczych twierdz\u0105, \u017ce wi\u0119kszo\u015b\u0107 g\u0142osuj\u0105cych na Bosaka zag\u0142osuje w drugiej turze, o ile w og\u00f3le zag\u0142osuje, na Dud\u0119. Sk\u00f3rka mo\u017ce si\u0119 okaza\u0107 niewarta wyprawki. Ryzyko jest wielkie. Wi\u0119cej Trzaskowski mo\u017ce si\u0119 spodziewa\u0107 po wyborcach Ho\u0142owni i Kosiniaka, a w ko\u0144cu i Biedronia (mimo \u017ce kiedy\u015b powiedzia\u0142, \u017ce podkochiwa\u0142 si\u0119 w Bosaku). Ale i tu nie ma pewno\u015bci, czy i jak zag\u0142osuj\u0105.<\/p>\n\n\n\n<p>Sztabowi Dudy mo\u017ce p\u00f3j\u015b\u0107 lepiej. Celem obozu Kaczy\u0144skiego jest nie tylko reelekcja najgorszego od 1989 r. prezydenta, lecz tak\u017ce polityczna neutralizacja skrajnej prawicy, kt\u00f3ra dzi\u015b skupia si\u0119 wok\u00f3\u0142 Bosaka. Wie\u015b\u0107 gminna g\u0142osi, \u017ce mur mi\u0119dzy nimi trudno b\u0119dzie przebi\u0107. W ko\u0144cu Bosak wystawia\u0142 w kampanii bardzo z\u0142e \u015bwiadectwo rz\u0105dom &#8222;zjednoczonej prawicy&#8221;.<\/p>\n\n\n\n<p>Przyk\u0142adem niech b\u0119dzie fragment sejmowego wyst\u0105pienia Bosaka w maju 2020 r.: &#8222;By\u0142em pierwszym pos\u0142em, kt\u00f3ry tutaj, w trakcie nocnoporannych obrad nad tarcz\u0105 antykryzysow\u0105, wypomnia\u0142 premierowi Morawieckiemu, by\u0142emu prezesowi bank\u00f3w i cz\u0142owiekowi wywodz\u0105cemu si\u0119 z sektora bankowego, kt\u00f3ry jako bankowiec przez wiele lat doradza\u0142 premierowi Tuskowi, a dopiero p\u00f3\u017aniej zada\u0142 si\u0119 z Jaros\u0142awem Kaczy\u0144skim i zosta\u0142 nominowany na ministra finans\u00f3w, p\u00f3\u017aniej na premiera, przypomnia\u0142em i wypomnia\u0142em premierowi, \u017ce w tarczy antykryzysowej nak\u0142adane s\u0105 obowi\u0105zki na wszystkich: na obywateli, na przedsi\u0119biorc\u00f3w, na administracj\u0119, a jest tylko jeden sektor w Polsce, na kt\u00f3ry nie s\u0105 nak\u0142adane \u017cadne nowe zobowi\u0105zania. To sektor bankowy&#8221;.<\/p>\n\n\n\n<p>Dzi\u015b Bosak uchyla si\u0119 odpowiedzi, na kogo zag\u0142osuje. Przypuszczam, \u017ce odda g\u0142os celowo niewa\u017cny. Tak naprawd\u0119 jego has\u0142a programowe s\u0105 po prostu autorytarne, jak cho\u0107by pragnienie silnego centralnego o\u015brodka w\u0142adzy wykonawczej. Dla Trzaskowskiego, kt\u00f3ry w kampanii otacza si\u0119 samorz\u0105dowcami, to musi brzmie\u0107 strasznie, bo zapowiada ograniczanie  roli samorz\u0105d\u00f3w, a w konsekwencji nowoczesnej demokracji, kt\u00f3ra samorz\u0105dno\u015b\u0107 promuje.<\/p>\n\n\n\n<p>Powinno te\u017c brzmie\u0107 strasznie dla szczerych socjaldemokrat\u00f3w i chadek\u00f3w, nie tylko dla umiarkowanych libera\u0142\u00f3w kulturowych i ekonomicznych, jak sam Trzaskowski. Ostatnie s\u0142owo nale\u017cy jednak do niego. Ma sw\u00f3j plan na wygran\u0105 i zapewne zdaje sobie spraw\u0119 z wszystkich &#8222;za&#8221; i &#8222;przeciw&#8221; basowaniu Bosakowi. No i oczywi\u015bcie do samych wyborc\u00f3w Bosaka.<\/p>\n\n\n\n<p>W sukurs Trzaskowskiemu przyszed\u0142 Roman Giertych, posta\u0107 znacz\u0105ca w polskiej polityce po stronie narodowo-prawicowej, niegdy\u015b polityczny mentor Bosaka, dzi\u015b nawr\u00f3cony z eurosceptycyzmu i niech\u0119ci do &#8222;obcych&#8221; na otwarty umiarkowany nowoczesny konserwatyzm. Ostrzeg\u0142 konfederat\u00f3w, \u017ce PiS ich zniszczy po wygranej Dudy, i zaapelowa\u0142: &#8222;Id\u017acie na wybory i zag\u0142osujcie na Trzaskowskiego, mimo \u017ce si\u0119 z nim totalnie nie zgadzacie. Od waszego wyboru mo\u017ce zale\u017ce\u0107 przysz\u0142o\u015b\u0107 Polski na wiele dziesi\u0119cioleci. Id\u017acie i pogo\u0144cie PiS z Pa\u0142acu Prezydenckiego&#8221;. Dziwny jest ten \u015bwiat.<\/p>\n","protected":false},"excerpt":{"rendered":"<p>Nie tylko prezydent Duda, ale te\u017c Rafa\u0142 Trzaskowski szuka g\u0142os\u00f3w poparcia w niszy politycznej nazywanej Konfederacj\u0105. Je\u015bli chodzi o Trzaskowskiego, rodzi to dylemat. Bo cz\u0119\u015b\u0107 jego wyborc\u00f3w z pierwszej tury nie mo\u017ce tych awans\u00f3w prze\u0142kn\u0105\u0107. C\u00f3\u017c, polityka w dzia\u0142aniu, szczeg\u00f3lnie wyborcza, nie zawsze pachnie r\u00f3\u017cami.<\/p>\n","protected":false},"author":3,"featured_media":10714,"comment_status":"open","ping_status":"closed","sticky":false,"template":"","format":"standard","meta":{"footnotes":""},"categories":[1],"tags":[],"_links":{"self":[{"href":"https:\/\/blog.polityka.pl\/szostkiewicz\/wp-json\/wp\/v2\/posts\/10705"}],"collection":[{"href":"https:\/\/blog.polityka.pl\/szostkiewicz\/wp-json\/wp\/v2\/posts"}],"about":[{"href":"https:\/\/blog.polityka.pl\/szostkiewicz\/wp-json\/wp\/v2\/types\/post"}],"author":[{"embeddable":true,"href":"https:\/\/blog.polityka.pl\/szostkiewicz\/wp-json\/wp\/v2\/users\/3"}],"replies":[{"embeddable":true,"href":"https:\/\/blog.polityka.pl\/szostkiewicz\/wp-json\/wp\/v2\/comments?post=10705"}],"version-history":[{"count":7,"href":"https:\/\/blog.polityka.pl\/szostkiewicz\/wp-json\/wp\/v2\/posts\/10705\/revisions"}],"predecessor-version":[{"id":10713,"href":"https:\/\/blog.polityka.pl\/szostkiewicz\/wp-json\/wp\/v2\/posts\/10705\/revisions\/10713"}],"wp:featuredmedia":[{"embeddable":true,"href":"https:\/\/blog.polityka.pl\/szostkiewicz\/wp-json\/wp\/v2\/media\/10714"}],"wp:attachment":[{"href":"https:\/\/blog.polityka.pl\/szostkiewicz\/wp-json\/wp\/v2\/media?parent=10705"}],"wp:term":[{"taxonomy":"category","embeddable":true,"href":"https:\/\/blog.polityka.pl\/szostkiewicz\/wp-json\/wp\/v2\/categories?post=10705"},{"taxonomy":"post_tag","embeddable":true,"href":"https:\/\/blog.polityka.pl\/szostkiewicz\/wp-json\/wp\/v2\/tags?post=10705"}],"curies":[{"name":"wp","href":"https:\/\/api.w.org\/{rel}","templated":true}]}}