
{"id":10715,"date":"2020-07-04T17:50:32","date_gmt":"2020-07-04T15:50:32","guid":{"rendered":"http:\/\/szostkiewicz.blog.polityka.pl\/?p=10715"},"modified":"2020-07-05T16:32:10","modified_gmt":"2020-07-05T14:32:10","slug":"krakowek-warszawka-kiks","status":"publish","type":"post","link":"https:\/\/blog.polityka.pl\/szostkiewicz\/2020\/07\/04\/krakowek-warszawka-kiks\/","title":{"rendered":"Krak\u00f3wek, warszawka, kiks"},"content":{"rendered":"\n<p>Gdyby to nie by\u0142o na finiszu kampanii, tobym machn\u0105\u0142 r\u0119k\u0105. Ale sam mieszkam w Krakowie od p\u00f3\u0142 wieku, a m\u00f3j ojciec, urz\u0119dnik ministerstwa poczt i telegraf\u00f3w, i matka mojej \u017cony, historyczka sztuki, mieszkali przed wojn\u0105 w Warszawie, wi\u0119c jednak trzeba zareagowa\u0107. I z powod\u00f3w osobistych, i jako obywatel.<\/p>\n\n\n\n<!--more-->\n\n\n\n<p>Takie odzywki urz\u0119duj\u0105cej g\u0142owy pa\u0144stwa przeciwko jakiej\u015b grupie zawodowej czy spo\u0142ecznej zalatuj\u0105 klasizmem, Smrodkiem, kt\u00f3ry pami\u0119tam z czas\u00f3w antysemickich, antyinteligenckich i antyopozycyjnych nagonek w PRL.<\/p>\n\n\n\n<p>C\u00f3\u017c, jestem z &#8222;krak\u00f3wka&#8221; i ceni\u0119 to sobie, a poj\u0119cie, co znaczy by\u0107 w Polsce inteligentem, wyrobi\u0142em sobie w domu rodzinnym i swoim \u015brodowisku. Zaczepki Dudy w nim si\u0119 nie mieszcz\u0105. Gdy okre\u015ble\u0144 &#8222;krak\u00f3wek&#8221; czy &#8222;warszawka&#8221; u\u017cywaj\u0105 inteligenci, to autoironicznie, nieco z\u0142o\u015bliwie, ze \u015bwiadomo\u015bci\u0105, \u017ce na nich Polska si\u0119 nie ko\u0144czy, a etos polskiej inteligencji zobowi\u0105zuje.<\/p>\n\n\n\n<p>Co innego rechot z inteligencji. Duda takimi antyinteligenckimi zbitkami zn\u00f3w dzieli spo\u0142ecze\u0144stwo. Ca\u0142kiem jak za PRL. Akurat na tym polu prezydent robi post\u0119py. Nauczy\u0142 si\u0119, jak drwi\u0107, antagonizowa\u0107, wyklucza\u0107. Odwraca\u0107 uwag\u0119 od swoich pora\u017cek na najwy\u017cszym urz\u0119dzie w pa\u0144stwie, szczuj\u0105c przeciwko przeciwnikom politycznym. Na domiar z\u0142ego prezydent Duda do elementu walki klasowej z &#8222;elitami&#8221; dodaje element populistycznej zawi\u015bci: bogac\u0105 si\u0119 kosztem spo\u0142ecze\u0144stwa, napychaj\u0105 sobie kieszenie! A co z jego elitami? Na przyk\u0142ad z milionami rodziny Szumowskich? Czyje kieszenie napychaj\u0105?<\/p>\n\n\n\n<p>Oczywi\u015bcie, na wielu to dzia\u0142a. Dlatego sztab i Duda w to wchodz\u0105 bez skrupu\u0142\u00f3w. Dzia\u0142a na przyk\u0142ad na osi\u0142ka ze Starych Bud, kt\u00f3ry grozi\u0142, \u017ce spali dom zwolenniczki Trzaskowskiego, bo wywiesi\u0142a jego plakat wyborczy.<\/p>\n\n\n\n<p>Napastnik, gdy zosta\u0142 zatrzymany przez policj\u0119, spu\u015bci\u0142 z tonu i przeprosi\u0142 napastowan\u0105 i wyborc\u00f3w Trzaskowskiego. Fajnie, ale co by by\u0142o, gdyby ten ziej\u0105cy agresj\u0105 cz\u0142owiek, produkt i ofiara kampanii nienawi\u015bci do Trzaskowskiego, spr\u00f3bowa\u0142 przej\u015b\u0107 od pogr\u00f3\u017cki do czynu? Czy pan Bielan  wzi\u0105\u0142by moraln\u0105 odpowiedzialno\u015b\u0107?<\/p>\n\n\n\n<p>Gorzej posz\u0142o z filmikiem robi\u0105cym teraz karier\u0119 w sieci (zapewne wkr\u00f3tce te\u017c mi\u0119dzynarodow\u0105 ku stracie wizerunkowej naszego kraju), w kt\u00f3rym ogl\u0105damy scen\u0119 jak z dokumentu Lanzmanna pod tytu\u0142em &#8222;Shoah&#8221;. Wie\u015bniak (chyba z Lubelszczyzny) krzyczy, \u017ce osoby homoseksualne (w oryginale leci wyzwisko) powinno si\u0119 pos\u0142a\u0107 do krematorium na Majdanku. Sk\u0105d mu to si\u0119 wzi\u0119\u0142o? Z propagandy ko\u015bcielnej i prawicowej przeciwko &#8222;t\u0119czowej zarazie&#8221;. Ksi\u0119\u017ce J\u0119draszewski, prezydencie Dudo, prosz\u0119 obejrze\u0107 ku opami\u0119taniu.<\/p>\n","protected":false},"excerpt":{"rendered":"<p>Gdyby to nie by\u0142o na finiszu kampanii, tobym machn\u0105\u0142 r\u0119k\u0105. Ale sam mieszkam w Krakowie od p\u00f3\u0142 wieku, a m\u00f3j ojciec, urz\u0119dnik ministerstwa poczt i telegraf\u00f3w, i matka mojej \u017cony, historyczka sztuki, mieszkali przed wojn\u0105 w Warszawie, wi\u0119c jednak trzeba zareagowa\u0107. I z powod\u00f3w osobistych, i jako obywatel.<\/p>\n","protected":false},"author":3,"featured_media":10725,"comment_status":"open","ping_status":"closed","sticky":false,"template":"","format":"standard","meta":{"footnotes":""},"categories":[1],"tags":[],"_links":{"self":[{"href":"https:\/\/blog.polityka.pl\/szostkiewicz\/wp-json\/wp\/v2\/posts\/10715"}],"collection":[{"href":"https:\/\/blog.polityka.pl\/szostkiewicz\/wp-json\/wp\/v2\/posts"}],"about":[{"href":"https:\/\/blog.polityka.pl\/szostkiewicz\/wp-json\/wp\/v2\/types\/post"}],"author":[{"embeddable":true,"href":"https:\/\/blog.polityka.pl\/szostkiewicz\/wp-json\/wp\/v2\/users\/3"}],"replies":[{"embeddable":true,"href":"https:\/\/blog.polityka.pl\/szostkiewicz\/wp-json\/wp\/v2\/comments?post=10715"}],"version-history":[{"count":10,"href":"https:\/\/blog.polityka.pl\/szostkiewicz\/wp-json\/wp\/v2\/posts\/10715\/revisions"}],"predecessor-version":[{"id":10727,"href":"https:\/\/blog.polityka.pl\/szostkiewicz\/wp-json\/wp\/v2\/posts\/10715\/revisions\/10727"}],"wp:featuredmedia":[{"embeddable":true,"href":"https:\/\/blog.polityka.pl\/szostkiewicz\/wp-json\/wp\/v2\/media\/10725"}],"wp:attachment":[{"href":"https:\/\/blog.polityka.pl\/szostkiewicz\/wp-json\/wp\/v2\/media?parent=10715"}],"wp:term":[{"taxonomy":"category","embeddable":true,"href":"https:\/\/blog.polityka.pl\/szostkiewicz\/wp-json\/wp\/v2\/categories?post=10715"},{"taxonomy":"post_tag","embeddable":true,"href":"https:\/\/blog.polityka.pl\/szostkiewicz\/wp-json\/wp\/v2\/tags?post=10715"}],"curies":[{"name":"wp","href":"https:\/\/api.w.org\/{rel}","templated":true}]}}