
{"id":1076,"date":"2011-10-04T22:10:37","date_gmt":"2011-10-04T21:10:37","guid":{"rendered":"http:\/\/szostkiewicz.blog.polityka.pl\/?p=1076"},"modified":"2011-10-04T22:11:59","modified_gmt":"2011-10-04T21:11:59","slug":"kaczynski-zlustrowal-merkel","status":"publish","type":"post","link":"https:\/\/blog.polityka.pl\/szostkiewicz\/2011\/10\/04\/kaczynski-zlustrowal-merkel\/","title":{"rendered":"Kaczy\u0144ski zlustrowa\u0142 Merkel"},"content":{"rendered":"<p>Niemiecka chadecja da\u0142a si\u0119 ogra\u0107 ciemnym si\u0142om. Kaczy\u0144ski wie, jak, ale nie powie. Reportera TVN24 prezes wzywa do samo lustracji: czy redaktor jest dziennikarzem polskim czy niemieckim? Daje do zrozumienia, \u017ce niemieckim. Jak\u0105 polityk\u0119 wobec Niemiec m\u00f3g\u0142by prowadzi\u0107 polityk z takim nastawieniem?<\/p>\n<p>Obsesje antyniemieckie i antyrosyjskie tworz\u0105 u Kaczy\u0144skiego ca\u0142o\u015b\u0107. Nierozerwaln\u0105. Wszystko pod flag\u0105 bia\u0142o-czerwon\u0105, a jak\u017ce. Bo prezes\u00a0 jest suwerenist\u0105: suwerenno\u015b\u0107 Polski jest najwa\u017cniejsza, Ale czym jest w dzisiejszym \u015bwiecie suwerenno\u015b\u0107?<\/p>\n<p>Przecie\u017c idea integracji europejskiej w ramach UE oznacza zgod\u0119, suwerennie podj\u0119t\u0105 przez pa\u0144stwa cz\u0142onkowskie drog\u0105 jednomy\u015blnie przyjmowanych traktat\u00f3w, na jej cz\u0119\u015bciowe ograniczenie poprzez przyj\u0119cie prawa unijnego jako nadrz\u0119dnego.<\/p>\n<p>Nastawienie Kaczy\u0144skiego musi go prowadzi\u0107 do euro- sceptycyzmu, a to jest sprzeczne z naszymi interesami. Jego rozumienie suwerenno\u015bci musi si\u0119 zderzy\u0107 z realiami obecnej polityki mi\u0119dzynarodowej. Suwerenno\u015b\u0107 nie jest celem samym w sobie, tylko mo\u017cliwo\u015bci\u0105 nieskr\u0119powanego definiowania interes\u00f3w, tworzenia i wykonywania polityki z takiej definicji zrodzonej.<\/p>\n<p>Niepokoi mnie, \u017ce ten kluczowy temat w og\u00f3le si\u0119 nie pojawi\u0142 w obecnej kampanii. Nie podejmuj\u0105 go ani media, ani politycy, szczeg\u00f3lnie ci proeuropejscy. Nie wiadomo, jak definiuj\u0105 oni polskie interesy w czasie najpowa\u017cniejszego od lat globalnego kryzysu wzajemnego zaufania. Gdzie jest minister Sikorski, gdzie jest premier, gdzie s\u0105 doradcy prezydenta RP od spraw mi\u0119dzynarodowych?<\/p>\n<p>Skandaliczna i szkodliwa politycznie wypowied\u017a Kaczy\u0144skiego o kanclerz Merkel zas\u0142uguje na ripost\u0119 powa\u017cniejsz\u0105 ni\u017c bon mot do kamer TV lub wpis na tweeterze.<\/p>\n<p>XXXX Haki<br \/>\nKartka z podr\u00f3\u017cy, przyjmuj\u0119 u\u015bci\u015blenie w sprawie dziadka i Cimoszewicza, ale istoty sprawy nie zmieniaj\u0105; co do Pa\u0144skiego pesymizmu czy te\u017c optymizmu, bliski mi jest wpis very z 10:01, a tak\u017ce Therese Kosowski, a ju\u017c na pewno nie przekona\u0142 mnie Pan, \u017ce dzia\u0142ania Tuska wynikaj\u0105 z jakich\u015b kompleks\u00f3w wobec Kaczy\u0144skiego (raczej odwrotnie). W kwestii debaty dzi\u0119ki za wpisy pseudonim\u00f3w jasnaOster, tyveog, El, adamjer, sprint, Wit, Marika &#8211; w du\u017cym stopniu si\u0119 zgadzam; wpis Aramisa, s\u0142usznie przez innych skrytykowany, nazywa PiS mniejszym z\u0142em, ale nie dopowiada ni\u017c co? PO, SLD, Palikot? \u015amia\u0142o, przecie\u017c wida\u0107, komu by Aramis wbi\u0142 szpad\u0119 w liberty\u0144skie podbrzusze. Drobiazg, adamjer itp. ; przecie\u017c napisa\u0142em JE\u015aLI JK jest politykiem demokratycznym, a nie \u017ce JEST; nazwa\u0142bym go po prostu ,,demokratycznym inaczej&#8221; :). Sebastian, nic nie zrozumia\u0142em z tego wpisu. Zosie\u0144ka, no c\u00f3\u017c, ma Pani sporo racji. Migro, to wyj\u0105tkowo aroganckie wpisy, w stylu Aramisa, nic nie wnosz\u0105 poza toksynami. Kwestionowa\u0107 wykszta\u0142cenie i kompetencje Rostowskiego mo\u017ce tylko cz\u0142owiek z\u0142ej woli, a tych oczywi\u015bcie nie brakuje, cho\u0107 akademicko i intelektualnie ministrowi najcz\u0119\u015bciej do pi\u0119t nie dorastaj\u0105.<\/p>\n","protected":false},"excerpt":{"rendered":"<p>Niemiecka chadecja da\u0142a si\u0119 ogra\u0107 ciemnym si\u0142om. Kaczy\u0144ski wie, jak, ale nie powie. Reportera TVN24 prezes wzywa do samo lustracji: czy redaktor jest dziennikarzem polskim czy niemieckim? Daje do zrozumienia, \u017ce niemieckim. Jak\u0105 polityk\u0119 wobec Niemiec m\u00f3g\u0142by prowadzi\u0107 polityk z takim nastawieniem? Obsesje antyniemieckie i antyrosyjskie tworz\u0105 u Kaczy\u0144skiego ca\u0142o\u015b\u0107. Nierozerwaln\u0105. Wszystko pod flag\u0105 bia\u0142o-czerwon\u0105, [&hellip;]<\/p>\n","protected":false},"author":3,"featured_media":0,"comment_status":"open","ping_status":"open","sticky":false,"template":"","format":"standard","meta":{"footnotes":""},"categories":[1],"tags":[],"_links":{"self":[{"href":"https:\/\/blog.polityka.pl\/szostkiewicz\/wp-json\/wp\/v2\/posts\/1076"}],"collection":[{"href":"https:\/\/blog.polityka.pl\/szostkiewicz\/wp-json\/wp\/v2\/posts"}],"about":[{"href":"https:\/\/blog.polityka.pl\/szostkiewicz\/wp-json\/wp\/v2\/types\/post"}],"author":[{"embeddable":true,"href":"https:\/\/blog.polityka.pl\/szostkiewicz\/wp-json\/wp\/v2\/users\/3"}],"replies":[{"embeddable":true,"href":"https:\/\/blog.polityka.pl\/szostkiewicz\/wp-json\/wp\/v2\/comments?post=1076"}],"version-history":[{"count":3,"href":"https:\/\/blog.polityka.pl\/szostkiewicz\/wp-json\/wp\/v2\/posts\/1076\/revisions"}],"predecessor-version":[{"id":1078,"href":"https:\/\/blog.polityka.pl\/szostkiewicz\/wp-json\/wp\/v2\/posts\/1076\/revisions\/1078"}],"wp:attachment":[{"href":"https:\/\/blog.polityka.pl\/szostkiewicz\/wp-json\/wp\/v2\/media?parent=1076"}],"wp:term":[{"taxonomy":"category","embeddable":true,"href":"https:\/\/blog.polityka.pl\/szostkiewicz\/wp-json\/wp\/v2\/categories?post=1076"},{"taxonomy":"post_tag","embeddable":true,"href":"https:\/\/blog.polityka.pl\/szostkiewicz\/wp-json\/wp\/v2\/tags?post=1076"}],"curies":[{"name":"wp","href":"https:\/\/api.w.org\/{rel}","templated":true}]}}