
{"id":10760,"date":"2020-07-13T19:39:43","date_gmt":"2020-07-13T17:39:43","guid":{"rendered":"http:\/\/szostkiewicz.blog.polityka.pl\/?p=10760"},"modified":"2020-07-13T20:12:48","modified_gmt":"2020-07-13T18:12:48","slug":"glowa-do-gory-idziemy-dalej","status":"publish","type":"post","link":"https:\/\/blog.polityka.pl\/szostkiewicz\/2020\/07\/13\/glowa-do-gory-idziemy-dalej\/","title":{"rendered":"G\u0142owa do g\u00f3ry, idziemy dalej"},"content":{"rendered":"\n<p>Wiem, smutno patrze\u0107, jak nasz kandydat przegrywa. Nawet je\u015bli przegrywa nieznacznie i w pi\u0119knym stylu. Na dodatek wygrywa w wi\u0119kszej liczbie wojew\u00f3dztw ni\u017c jego rywal, a mimo to nie wchodzi na najwy\u017csze miejsce na podium. A jednak g\u0142owa do g\u00f3ry.<\/p>\n\n\n\n<!--more-->\n\n\n\n<p>Teraz ob\u00f3z Trzaskowskiego ma <strong>jedno wielkie zadanie: nie zmarnowa\u0107 kapita\u0142u <\/strong>spo\u0142ecznego zgromadzonego w kampanii prezydenckiej. Trzeba go dowie\u017a\u0107 do wybor\u00f3w parlamentarnych mimo w\u015bciek\u0142ych atak\u00f3w, jakie ob\u00f3z Trzaskowskiego b\u0119dzie musia\u0142 w tym czasie odpiera\u0107. Wybory (parlamentarne) maj\u0105 by\u0107 za trzy lata, to w polityce bardzo d\u0142ugo, albo tu\u017c-tu\u017c. Zale\u017cy od kondycji opozycji i w\u0142adzy i mobilizacji obywateli po obu stronach naszego fundamentalnego sporu o Polsk\u0119. Dzi\u015b dzieli on aktywny elektorat p\u00f3\u0142 na p\u00f3\u0142, wi\u0119c pozostaje nierozstrzygni\u0119ty.<\/p>\n\n\n\n<p><strong>Kierunek atak\u00f3w<\/strong> sygnalizuje pisowski prominent Janusz Kowalski, wsp\u00f3\u0142pracownik Jacka Sasina, tego od majowych &#8222;wybor\u00f3w&#8221;, kt\u00f3re mia\u0142a przeprowadzi\u0107 Poczta Polska. Oto &#8222;plan&#8221; Kowalskiego og\u0142oszony na Twitterze: &#8222;10 mln Polak\u00f3w oddaj\u0105c g\u0142os na Andrzeja Dud\u0119, g\u0142osowali na WIARYGODNO\u015a\u0106. Na nic j\u0119ki III RP &#8211; dotrzymamy s\u0142owa: NIE dla Green Deal, repolonizacja medi\u00f3w, reprywatyzacja, reforma wymiaru sprawiedliwo\u015bci i samorz\u0105du terytorialnego &#8211; czas na rozbicie wielkomiejskich ksi\u0119stewek PO!&#8221;.<\/p>\n\n\n\n<p>To zapowied\u017a ofensywy Kaczy\u0144skiego po wygranej Dudy. Kowalski nie wymieni\u0142 &#8222;reformy&#8221; Senatu, a na tym polu nale\u017cy spodziewa\u0107 si\u0119 ataku najpr\u0119dzej. No i oczywi\u015bcie w swym peanie dla Dudy pomin\u0105\u0142, \u017ce drugie 10 mln Polak\u00f3w g\u0142osowa\u0142o na Trzaskowskiego. To chwyt z gatunku: tylko wyborcy PiS s\u0105 Polakami. Naj\u0142atwiej ich nie zauwa\u017ca\u0107, chyba \u017ce masowo przypomn\u0105 o sobie pisowskiej w\u0142adzy, wtedy si\u0119 ich obra\u017ca i szykanuje, ale czasem robi krok w ty\u0142. Ale zepchn\u0105\u0107 ich na margines si\u0119 nie uda w tak du\u017cym kraju jak Polska.<\/p>\n\n\n\n<p>D\u0142u\u017cej klasztora ni\u017c przeora, a przeor ju\u017c po siedemdziesi\u0105tce , m\u0142odych i szerokiego \u015bwiata nie rozumie, \u017cyje w politycznej samokwarantannie i marzy mu si\u0119 Polska jako katolicki skansen narodowy z epoki przedsoborowej i przedunijnej, cho\u0107 powrotu do niej nie ma, nawet przy u\u017cyciu przemocy.<\/p>\n\n\n\n<p>Tymczasem <strong>Rafa\u0142 Trzaskowski jest postaci\u0105 symbolem: alternatyw\u0105 dla rz\u0105d\u00f3w Kaczy\u0144skiego<\/strong>. Wyr\u00f3s\u0142 podczas kampanii na lidera milion\u00f3w obywateli, kt\u00f3rzy tych rz\u0105d\u00f3w nie chc\u0105. Wielu z nich to nie s\u0105 wyborcy Platformy Obywatelskiej i nie by\u0142o dla nich takie wa\u017cne, \u017ce Trzaskowski jest jej wiceprzewodnicz\u0105cym, co z maniakalnym uporem podkre\u015bla\u0142a propaganda rz\u0105dowa, a tak\u017ce, niestety, Ho\u0142ownia i Kosiniak-Kamysz, tak jakby mimo deklaracji wyborczych bardziej zale\u017ca\u0142o im na zniszczeniu PO\/KO ni\u017c na odsuni\u0119ciu Dudy i Kaczy\u0144skiego od w\u0142adzy.<\/p>\n\n\n\n<p><strong>Polityczna mantra o &#8222;duopolu&#8221; i &#8222;symetryzmie&#8221; <\/strong>mia\u0142a im pom\u00f3c wej\u015b\u0107 do fina\u0142u, ale wyborcy j\u0105 odrzucili, g\u0142osuj\u0105c na pana Rafa\u0142a. G\u0142osowali na niego nie dlatego, \u017ce nale\u017cy do kierownictwa PO, ale dlatego, \u017ce chcieli zmiany, a on j\u0105 dla nich uosabia\u0142. To jest najwi\u0119ksze zwyci\u0119stwo Rafa\u0142a Trzaskowskiego. Zmobilizowa\u0142 10 mln obywateli, w\u015br\u00f3d kt\u00f3rych cz\u0142onkowie PO stanowili tylko u\u0142amek. Zmobilizowa\u0142 cz\u0119\u015b\u0107 m\u0142odzie\u017cy i znaczn\u0105 cz\u0119\u015b\u0107 elektoratu miejskiego. Jego wizja Polski by\u0142a dla nich bardziej atrakcyjna ni\u017c Dudowa wizja Polski &#8222;wolnej od LGBT&#8221;, ho\u0142dy sk\u0142adane o. Rydzykowi i strachy na Lachy w kazaniach abp. J\u0119draszewskiego i jego braci w biskupstwie. Druga kadencja Andrzeja Dudy przyspieszy oddoln\u0105 laicyzacj\u0119 naszego spo\u0142ecze\u0144stwa.<\/p>\n\n\n\n<p><strong>Istot\u0105 obecnego sporu o Polsk\u0119 nie jest konflikt o w\u0142adz\u0119 mi\u0119dzy PO i PiS, <\/strong>tylko obawa, \u017ce ob\u00f3z Kaczy\u0144skiego w przymierzu z w\u0142adz\u0105 ko\u015bcieln\u0105 prowadzi kraj na manowce, wykorzystuj\u0105c z\u0142e emocje i fa\u0142szywe argumenty. Obrzydliwym zwie\u0144czeniem tej kampanii po stronie pisowskiej by\u0142a insynuacja Kaczy\u0144skiego, \u017ce Trzaskowski nie jest w istocie Polakiem. Po takie wykluczaj\u0105ce chwyty si\u0119gaj\u0105 tylko ekstremi\u015bci przyparci do muru lub ow\u0142adni\u0119ci obsesj\u0105 na punkcie politycznych rywali.<\/p>\n\n\n\n<p>Trzaskowski ani razu nie posun\u0105\u0142 si\u0119 do takich zaczepek w swej kampanii. Nigdy nie przekroczy\u0142 czerwonej linii w debacie politycznej. Nie powiedzia\u0142, \u017ce PiS to nie ludzie, tylko ideologia. By\u0142 twardym krytykiem, ale nie wykluczy\u0142 konstruktywnej wsp\u00f3\u0142pracy z obecn\u0105 w\u0142adz\u0105. A Kaczy\u0144ski to ignorowa\u0142, strasz\u0105c elektorat, \u017ce wygrana Trzaskowskiego oznacza chaos w pa\u0144stwie. <strong>Chaos w pa\u0144stwie? Przecie\u017c to dzie\u0142o Kaczy\u0144skiego i jego ludzi, <\/strong>bo to oni rz\u0105dz\u0105 od pi\u0119ciu lat, a nie opozycja, a wszystkie jej korekty ich polityki odrzucaj\u0105. Prezydentura &#8222;niez\u0142omnego i stabilnego&#8221; Dudy ma w ten chaos znacz\u0105cy wk\u0142ad, a wygrana Trzaskowskiego mog\u0142a pom\u00f3c w opanowaniu kryzysu pa\u0144stwa i prawa pod rz\u0105dami Kaczy\u0144skiego.<\/p>\n\n\n\n<p><strong>Niekt\u00f3rzy uwa\u017caj\u0105, \u017ce Trzaskowski pope\u0142ni\u0142 b\u0142\u0105d, nie przybywaj\u0105c na &#8222;debat\u0119&#8221; w Ko\u0144skich z prezydentem Dud\u0105. <\/strong>Owszem, mog\u0142o by\u0107 tak, \u017ce zarobi\u0142by wtedy jakie\u015b punkty w elektoracie pisowskim czy niezdecydowanym. Wyszed\u0142by na wojownika niel\u0119kaj\u0105cego si\u0119 samotnie wej\u015b\u0107 do jaskini lwa. W ko\u0144cu wi\u0119kszo\u015b\u0107 obywateli \u017cyczy\u0142a sobie debaty twarz\u0105 w twarz. Ale Trzaskowski mia\u0142 za sob\u0105 do\u015bwiadczenie, jakim by\u0142 jego udzia\u0142 w ustawce TVP przed pierwsz\u0105 tur\u0105. Ani on, ani jego sztab nie mogli by\u0107 pewni, czy w Ko\u0144skich nie czyha na Trzaskowskiego podobna pu\u0142apka, jaki\u015b medialny lincz, maj\u0105cy wystawi\u0107 go na pastw\u0119 publiczno\u015bci i pokaza\u0107 mo\u017cliwie &#8211; a takie mo\u017cliwo\u015bci TVP Kurskiego ma du\u017ce &#8211; od najgorszej strony. I zgodnie z wytyczn\u0105 Kaczy\u0144skiego, kt\u00f3ry ju\u017c w \u015brodku kampanii napi\u0119tnowa\u0142 Trzaskowskiego jako pozbawionego kompetencji prezydenckich.<\/p>\n\n\n\n<p><strong>Co by\u0142o, to by\u0142o. Teraz liczy si\u0119 to, co b\u0119dzie. <\/strong>Czy Trzaskowski i jego ludzie odparuj\u0105 ciosy szykowane przez PiS wed\u0142ug recepty ministra Kowalskiego? Nie wydaje si\u0119 to intelektualnie trudne, a recepta mo\u017ce tylko dalej mobilizowa\u0107 obywateli, jak cho\u0107by has\u0142o odrzucenia walki ze skutkami globalnej zmiany klimatycznej. Albo has\u0142o &#8222;repolonizacji&#8221; medi\u00f3w. I, oczywi\u015bcie, &#8222;reformy samorz\u0105d\u00f3w&#8221; pogardliwie nazwanych &#8222;ksi\u0119stewkami PO&#8221;, czyli ich obezw\u0142adnienia. Zaledwie dzie\u0144 od drugiej tury, a pisowcy ju\u017c zapowiadaj\u0105 szturm na bastiony elektoratu Trzaskowskiego.<\/p>\n\n\n\n<p>I jeszcze drugie wa\u017cne pytanie: <strong>jak ob\u00f3z Trzaskowskiego chce utrzyma\u0107 przy sobie 10 mln jego wyborc\u00f3w w drugiej turze? <\/strong>Nie mog\u0105 si\u0119 \u0142udzi\u0107, \u017ce wszyscy zostan\u0105, ale wystarczy, \u017ce zostanie po\u0142owa. I \u017ce PO\/KO  zbierze si\u0119 wkr\u00f3tce na wielkiej naradzie dzia\u0142aczy i wyborc\u00f3w, koniecznie te\u017c m\u0142odych, i uradzi, jak koalicja Budki, Nowackiej i Sz\u0142apki ma si\u0119 przeorganizowa\u0107 po przegranej bitwie, aby wygra\u0107 za trzy i za pi\u0119\u0107 lat. Historia dzieje si\u0119 24 godziny na dob\u0119.<\/p>\n","protected":false},"excerpt":{"rendered":"<p>Wiem, smutno patrze\u0107, jak nasz kandydat przegrywa. Nawet je\u015bli przegrywa nieznacznie i w pi\u0119knym stylu. Na dodatek wygrywa w wi\u0119kszej liczbie wojew\u00f3dztw ni\u017c jego rywal, a mimo to nie wchodzi na najwy\u017csze miejsce na podium. A jednak g\u0142owa do g\u00f3ry.<\/p>\n","protected":false},"author":3,"featured_media":10767,"comment_status":"open","ping_status":"closed","sticky":false,"template":"","format":"standard","meta":{"footnotes":""},"categories":[1],"tags":[],"_links":{"self":[{"href":"https:\/\/blog.polityka.pl\/szostkiewicz\/wp-json\/wp\/v2\/posts\/10760"}],"collection":[{"href":"https:\/\/blog.polityka.pl\/szostkiewicz\/wp-json\/wp\/v2\/posts"}],"about":[{"href":"https:\/\/blog.polityka.pl\/szostkiewicz\/wp-json\/wp\/v2\/types\/post"}],"author":[{"embeddable":true,"href":"https:\/\/blog.polityka.pl\/szostkiewicz\/wp-json\/wp\/v2\/users\/3"}],"replies":[{"embeddable":true,"href":"https:\/\/blog.polityka.pl\/szostkiewicz\/wp-json\/wp\/v2\/comments?post=10760"}],"version-history":[{"count":8,"href":"https:\/\/blog.polityka.pl\/szostkiewicz\/wp-json\/wp\/v2\/posts\/10760\/revisions"}],"predecessor-version":[{"id":10770,"href":"https:\/\/blog.polityka.pl\/szostkiewicz\/wp-json\/wp\/v2\/posts\/10760\/revisions\/10770"}],"wp:featuredmedia":[{"embeddable":true,"href":"https:\/\/blog.polityka.pl\/szostkiewicz\/wp-json\/wp\/v2\/media\/10767"}],"wp:attachment":[{"href":"https:\/\/blog.polityka.pl\/szostkiewicz\/wp-json\/wp\/v2\/media?parent=10760"}],"wp:term":[{"taxonomy":"category","embeddable":true,"href":"https:\/\/blog.polityka.pl\/szostkiewicz\/wp-json\/wp\/v2\/categories?post=10760"},{"taxonomy":"post_tag","embeddable":true,"href":"https:\/\/blog.polityka.pl\/szostkiewicz\/wp-json\/wp\/v2\/tags?post=10760"}],"curies":[{"name":"wp","href":"https:\/\/api.w.org\/{rel}","templated":true}]}}