
{"id":10806,"date":"2020-07-21T17:27:51","date_gmt":"2020-07-21T15:27:51","guid":{"rendered":"http:\/\/szostkiewicz.blog.polityka.pl\/?p=10806"},"modified":"2020-07-22T09:18:05","modified_gmt":"2020-07-22T07:18:05","slug":"tajemnica-lesniczowki-jacka-kurskiego","status":"publish","type":"post","link":"https:\/\/blog.polityka.pl\/szostkiewicz\/2020\/07\/21\/tajemnica-lesniczowki-jacka-kurskiego\/","title":{"rendered":"Tajemnica le\u015bnicz\u00f3wki Jacka Kurskiego"},"content":{"rendered":"\n<p>Nie, to nie jest tabloid, akt zemsty za przegran\u0105 Rafa\u0142a Trzaskowskiego czy pr\u00f3ba przykrycia \u201erozwojowej\u201d sprawy zarzut\u00f3w przeciw S\u0142awomirowi Nowakowi. To kolejny przyk\u0142ad, \u017ce \u017ale si\u0119 dzieje w pa\u0144stwie PiS. A niezale\u017cna od polityk\u00f3w prasa powinna publikowa\u0107 takie materia\u0142y w interesie publicznym i bez ogl\u0105dania si\u0119 na aktualny kontekst polityczny.  Cho\u0107 zawsze znajdzie si\u0119 kto\u015b, kto uzna, \u017ce mo\u017ce nie teraz.<\/p>\n\n\n\n<!--more-->\n\n\n\n<p>A\u017c cztery kolumny po\u015bwi\u0119ca wtorkowa \u201eGazeta Wyborcza\u201d \u201ekoszmarowi  Magdy w le\u015bnicz\u00f3wce\u201d, cz\u0119\u015bciowo nale\u017c\u0105cej do obecnego prominenta Jacka Kurskiego. Pani Magda zezna\u0142a, \u017ce jako dziewczynka by\u0142a napastowana seksualnie przez jednego z syn\u00f3w Kurskiego. Tymczasem prokuratura pod nadzorem ministra sprawiedliwo\u015bci dwukrotnie spraw\u0119 umorzy\u0142a.<\/p>\n\n\n\n<p>Gazeta informuje, \u017ce bohaterka reporta\u017cu postanowi\u0142a nie odwo\u0142ywa\u0107 si\u0119 od drugiego umorzenia, bo \u201estraci\u0142a wiar\u0119, \u017ce cokolwiek si\u0119 zmieni\u201d i nie chce si\u0119 \u201ezwraca\u0107 do pa\u0144stwa, kt\u00f3re nie potrafi mnie chroni\u0107\u201d. A jej matka m\u00f3wi, \u017ce rodzina p. Magdy uszanowa\u0142a jej decyzj\u0119. Brzmi to jak akt kapitulacji przed machin\u0105 pa\u0144stwow\u0105. Z\u0142y prognostyk.<\/p>\n\n\n\n<p>Nie wypowiadam si\u0119 tutaj o aspekcie dochodzeniowym, nie przes\u0105dzam, jaka jest ca\u0142a prawda o \u201ekoszmarze\u201d, ale jako czytelnik jestem wstrz\u0105\u015bni\u0119ty osobistym dramatem p. Magdy i jej rodziny, a jako obywatel zrozpaczony, \u017ce to si\u0119 dzieje w pa\u0144stwie polskim. Temid\u0119 przedstawia si\u0119 z opask\u0105 na oczach: wobec prawa najmniejsi i najwi\u0119ksi powinni by\u0107 r\u00f3wni. Z reporta\u017cu wynika, \u017ce nie byli, a sprawa mo\u017ce ju\u017c nigdy nie trafi\u0107 do s\u0105du.<\/p>\n\n\n\n<p>Tajemnica nie doczeka si\u0119 wi\u0119c pe\u0142nego wyja\u015bnienia, za to Jacek Kurski,  dygnitarz, kt\u00f3ry m\u00f3g\u0142 wykorzysta\u0107 swoje wp\u0142ywy, aby broni\u0107 przed zarzutami swego syna, bierze w otoczeniu pisowskiej elity \u015blub ko\u015bcielny w papieskim sanktuarium, uzyskawszy ko\u015bcielne uniewa\u017cnienie poprzedniego \u015blubu sakramentalnego. To te\u017c bulwersuje: r\u00f3wni i r\u00f3wniejsi, tym razem wobec prawa ko\u015bcielnego. A egzekutorzy tego prawa oczywi\u015bcie milcz\u0105, nie czuj\u0105 si\u0119 w obowi\u0105zku wyja\u015bni\u0107 opinii publicznej, jak do tego dosz\u0142o.<\/p>\n\n\n\n<p>Tylko \u017ce obecna elita rz\u0105dz\u0105ca, na czele z Jaros\u0142awem Kaczy\u0144skim, nie ma z tym problemu. Mimo \u017ce Polska ma problem z tymi triumfami podw\u00f3jnej moralno\u015bci na \u015bwieczniku pisowskiej w\u0142adzy. Ta w\u0142adza \u017cyje w mylnym prze\u015bwiadczeniu, \u017ce jej elektorat wszystko jej wybaczy. Zw\u0142aszcza \u017ce zn\u00f3w wygra\u0142a wybory.<\/p>\n\n\n\n<p>Towarzysz Gierek te\u017c na pocz\u0105tku s\u0142ysza\u0142 na wiecach gromkie   \u201epomo\u017cemy\u201d, by\u0142 politycznym bo\u017cyszczem \u00f3wczesnej klasy politycznej i ludu pracuj\u0105cego, a po dziesi\u0119ciu latach zosta\u0142 wylany z PZPR i internowany po wprowadzeniu stanu wojennego. Osiem lat p\u00f3\u017aniej sko\u0144czy\u0142a si\u0119 ca\u0142a    \u201ePolska Ludowa\u201d.<\/p>\n\n\n\n<p>My\u015blenie i dzia\u0142anie wed\u0142ug zasady, \u017ce nam wi\u0119cej wolno, bo mamy w\u0142adz\u0119, nie sprawdza si\u0119 na d\u0142u\u017csz\u0105 met\u0119 ani w dyktaturze proletariatu, ani w demokracji fasadowej. Szczeg\u00f3lnie gdy w\u0142adza uwierzy we w\u0142asn\u0105 propagand\u0119 sukcesu.<\/p>\n\n\n\n<p>PS Ojciec uzna\u0142 materia\u0142 &#8222;GW&#8221; za atak w ramach &#8222;totalnej opozycji&#8221;, syn zapowiedzia\u0142 pozew s\u0105dowy przeciw autorom. Stryj s\u0142usznie wy\u0142\u0105czy\u0142 si\u0119 z prac nad materia\u0142em. Czy zareaguje na o\u015bwiadczenia brata i bratanka?<\/p>\n","protected":false},"excerpt":{"rendered":"<p>Nie, to nie jest tabloid, akt zemsty za przegran\u0105 Rafa\u0142a Trzaskowskiego czy pr\u00f3ba przykrycia \u201erozwojowej\u201d sprawy zarzut\u00f3w przeciw S\u0142awomirowi Nowakowi. To kolejny przyk\u0142ad, \u017ce \u017ale si\u0119 dzieje w pa\u0144stwie PiS. A niezale\u017cna od polityk\u00f3w prasa powinna publikowa\u0107 takie materia\u0142y w interesie publicznym i bez ogl\u0105dania si\u0119 na aktualny kontekst polityczny. Cho\u0107 zawsze znajdzie si\u0119 kto\u015b, [&hellip;]<\/p>\n","protected":false},"author":3,"featured_media":10814,"comment_status":"open","ping_status":"closed","sticky":false,"template":"","format":"standard","meta":{"footnotes":""},"categories":[1],"tags":[],"_links":{"self":[{"href":"https:\/\/blog.polityka.pl\/szostkiewicz\/wp-json\/wp\/v2\/posts\/10806"}],"collection":[{"href":"https:\/\/blog.polityka.pl\/szostkiewicz\/wp-json\/wp\/v2\/posts"}],"about":[{"href":"https:\/\/blog.polityka.pl\/szostkiewicz\/wp-json\/wp\/v2\/types\/post"}],"author":[{"embeddable":true,"href":"https:\/\/blog.polityka.pl\/szostkiewicz\/wp-json\/wp\/v2\/users\/3"}],"replies":[{"embeddable":true,"href":"https:\/\/blog.polityka.pl\/szostkiewicz\/wp-json\/wp\/v2\/comments?post=10806"}],"version-history":[{"count":17,"href":"https:\/\/blog.polityka.pl\/szostkiewicz\/wp-json\/wp\/v2\/posts\/10806\/revisions"}],"predecessor-version":[{"id":10826,"href":"https:\/\/blog.polityka.pl\/szostkiewicz\/wp-json\/wp\/v2\/posts\/10806\/revisions\/10826"}],"wp:featuredmedia":[{"embeddable":true,"href":"https:\/\/blog.polityka.pl\/szostkiewicz\/wp-json\/wp\/v2\/media\/10814"}],"wp:attachment":[{"href":"https:\/\/blog.polityka.pl\/szostkiewicz\/wp-json\/wp\/v2\/media?parent=10806"}],"wp:term":[{"taxonomy":"category","embeddable":true,"href":"https:\/\/blog.polityka.pl\/szostkiewicz\/wp-json\/wp\/v2\/categories?post=10806"},{"taxonomy":"post_tag","embeddable":true,"href":"https:\/\/blog.polityka.pl\/szostkiewicz\/wp-json\/wp\/v2\/tags?post=10806"}],"curies":[{"name":"wp","href":"https:\/\/api.w.org\/{rel}","templated":true}]}}