
{"id":10827,"date":"2020-07-23T19:28:18","date_gmt":"2020-07-23T17:28:18","guid":{"rendered":"http:\/\/szostkiewicz.blog.polityka.pl\/?p=10827"},"modified":"2020-07-23T21:53:13","modified_gmt":"2020-07-23T19:53:13","slug":"koscian-jak-plakat-przy-kosciele-dzieli-polakow","status":"publish","type":"post","link":"https:\/\/blog.polityka.pl\/szostkiewicz\/2020\/07\/23\/koscian-jak-plakat-przy-kosciele-dzieli-polakow\/","title":{"rendered":"Ko\u015bcian. Jak plakat przy ko\u015bciele dzieli Polak\u00f3w"},"content":{"rendered":"\n<p>W Ko\u015bcianie Rafa\u0142 Trzaskowski wyra\u017anie wygra\u0142 z Andrzejem Dud\u0105 (61:38 proc.). <a href=\"http:\/\/tvn24.pl\/poznan\/koscian-przed-kosciolem-plakat-krytykujacy-osoby-glosujace-na-rafala-trzaskowskiego-4644964\">Lokalny proboszcz pozwoli\u0142<\/a> wywiesi\u0107 przed ko\u015bcio\u0142em plakat pi\u0119tnuj\u0105cy wyborc\u00f3w kandydata KO. Ale \u017ceby ju\u017c po wyborach i gro\u017c\u0105cy im, \u017ce nie b\u0119d\u0105 zbawieni?<\/p>\n\n\n\n<!--more-->\n\n\n\n<p>Ko\u015bci\u00f3\u0142 instytucjonalny, za kim jest, wszyscy wiemy, lecz ten plakat to ekstremalne kuriozum. Co gorsza, proboszcz nie widzi niczego z\u0142ego w gro\u017ceniu parafianom za oddanie g\u0142osu na Trzaskowskiego eschatologiczn\u0105 kar\u0105. Tak jakby zak\u0142ada\u0142, \u017ce sam B\u00f3g g\u0142osowa\u0142by na Dud\u0119, a on by\u0142 przedstawicielem i Boga, i prezydenta elekta, maj\u0105cym prawo ferowa\u0107 takie wyroki.<\/p>\n\n\n\n<p>Czy znajdzie si\u0119 biskup, kt\u00f3ry powie ksi\u0119\u017com i wiernym o takich zapatrywaniach: nie id\u017acie t\u0105 drog\u0105!? Bo to nie jest droga Bo\u017ca ani katolicka, tylko manowiec ocieraj\u0105cy si\u0119 o herezj\u0119. A mo\u017ce zareaguje Szymon Ho\u0142ownia, kt\u00f3ry przedstawia si\u0119 jako kandydat obywateli, a wi\u0119c tak\u017ce katolik\u00f3w, i sam jest katolikiem? Taka solidarno\u015b\u0107 z sekowanymi wyborcami Trzaskowskiego chyba mu przystoi.<\/p>\n\n\n\n<p>Nic proboszczowi do tego, na kogo g\u0142osuj\u0105 jego parafianie w jakichkolwiek wyborach. Ko\u015bci\u00f3\u0142 ma by\u0107 wsp\u00f3lnot\u0105 wierz\u0105cych, a nie wyborc\u00f3w, i to g\u0142osuj\u0105cych tylko na Andrzeja Dud\u0119 czy innych kandydat\u00f3w z mandatem PiS. To elementarz obywatelski w Ko\u015bciele po II Soborze Watyka\u0144skim, kt\u00f3ry odci\u0105\u0142 si\u0119 od politykowania po linii tej czy innej partii. Tak samo jak od sojuszu o\u0142tarza z tronem.<\/p>\n\n\n\n<p>Bo dostrzeg\u0142, \u017ce taki sojusz szkodzi i pa\u0144stwu, i Ko\u015bcio\u0142owi, cho\u0107by na kr\u00f3tk\u0105 met\u0119 wydawa\u0142 si\u0119 im obu u\u017cyteczny. Wielkie memento to fatalne dla Ko\u015bcio\u0142a w Hiszpanii skutki przymierza z Franco czy dla Ko\u015bcio\u0142a w Irlandii na polu kryzysu pedofilskiego. W Niemczech po upadku Hitlera oba g\u0142\u00f3wne Ko\u015bcio\u0142y, katolicki i lutera\u0144ski, w\u0142o\u017cy\u0142y wielki wysi\u0142ek w odbudow\u0119 swego moralnego wizerunku i duszpasterskiego autorytetu. Trudno mi sobie wyobrazi\u0107, by plakat w stylu tego z Ko\u015bciana m\u00f3g\u0142 si\u0119 tam pojawi\u0107 w kt\u00f3rejkolwiek z parafii, a proboszcz by\u0142 jego autorem i obro\u0144c\u0105.<\/p>\n\n\n\n<p>Tak, w Polsce mo\u017cemy sobie pomarzy\u0107 o politycznej neutralno\u015bci w Ko\u015bciele, ale to nie znaczy, \u017ce zalecenia posoborowej katolickiej nauki spo\u0142ecznej u nas nie obowi\u0105zuj\u0105. A ich ignorowanie lub podwa\u017canie obci\u0105\u017ca moralne konto w\u0142adzy ko\u015bcielnej, chyba \u017ce ona sama pot\u0119pi tak\u0105 wykluczaj\u0105c\u0105 &#8222;teologi\u0119 polityczn\u0105&#8221;, jak\u0105 wyra\u017ca\u0142 plakat w Ko\u015bcianie.<\/p>\n\n\n\n<p>Je\u015bli zn\u00f3w b\u0119dzie milcza\u0142, niech si\u0119 nie dziwi, \u017ce wierni, kt\u00f3rzy w Ko\u015bcianie i gdzie indziej g\u0142osowali na Trzaskowskiego, a mo\u017ce i ci, kt\u00f3rzy g\u0142osowali na Ho\u0142owni\u0119 i innych rywali Dudy, poczuj\u0105 si\u0119 takim politycznym wykluczaniem oburzeni, tak jak cz\u0119\u015b\u0107 mieszka\u0144c\u00f3w tego wielkopolskiego miasta.<\/p>\n\n\n\n<p>Jeden z nich m\u00f3wi reporterce: 40 lat chodz\u0119 do ko\u015bcio\u0142a, sponsorowa\u0142em  dach\u00f3wk\u0119, a teraz s\u0142ysz\u0119, \u017ce nie b\u0119d\u0119 zbawiony, bo g\u0142osowa\u0142em na Trzaskowskiego. Mo\u017cliwe, \u017ce ten cz\u0142owiek do ko\u015bcio\u0142a dalej b\u0119dzie chodzi\u0142, ale czy akurat do tego i czy kiedykolwiek jeszcze zrzuci si\u0119 na jego remont? Tak Ko\u015bci\u00f3\u0142 sam przyczynia si\u0119 do oddolnej sekularyzacji naszego spo\u0142ecze\u0144stwa. Ta kropla dr\u0105\u017cy ska\u0142\u0119 coraz g\u0142\u0119biej.<\/p>\n","protected":false},"excerpt":{"rendered":"<p>W Ko\u015bcianie Rafa\u0142 Trzaskowski wyra\u017anie wygra\u0142 z Andrzejem Dud\u0105 (61:38 proc.). Lokalny proboszcz pozwoli\u0142 wywiesi\u0107 przed ko\u015bcio\u0142em plakat pi\u0119tnuj\u0105cy wyborc\u00f3w kandydata KO. Ale \u017ceby ju\u017c po wyborach i gro\u017c\u0105cy im, \u017ce nie b\u0119d\u0105 zbawieni?<\/p>\n","protected":false},"author":3,"featured_media":10838,"comment_status":"open","ping_status":"closed","sticky":false,"template":"","format":"standard","meta":{"footnotes":""},"categories":[1],"tags":[],"_links":{"self":[{"href":"https:\/\/blog.polityka.pl\/szostkiewicz\/wp-json\/wp\/v2\/posts\/10827"}],"collection":[{"href":"https:\/\/blog.polityka.pl\/szostkiewicz\/wp-json\/wp\/v2\/posts"}],"about":[{"href":"https:\/\/blog.polityka.pl\/szostkiewicz\/wp-json\/wp\/v2\/types\/post"}],"author":[{"embeddable":true,"href":"https:\/\/blog.polityka.pl\/szostkiewicz\/wp-json\/wp\/v2\/users\/3"}],"replies":[{"embeddable":true,"href":"https:\/\/blog.polityka.pl\/szostkiewicz\/wp-json\/wp\/v2\/comments?post=10827"}],"version-history":[{"count":10,"href":"https:\/\/blog.polityka.pl\/szostkiewicz\/wp-json\/wp\/v2\/posts\/10827\/revisions"}],"predecessor-version":[{"id":10837,"href":"https:\/\/blog.polityka.pl\/szostkiewicz\/wp-json\/wp\/v2\/posts\/10827\/revisions\/10837"}],"wp:featuredmedia":[{"embeddable":true,"href":"https:\/\/blog.polityka.pl\/szostkiewicz\/wp-json\/wp\/v2\/media\/10838"}],"wp:attachment":[{"href":"https:\/\/blog.polityka.pl\/szostkiewicz\/wp-json\/wp\/v2\/media?parent=10827"}],"wp:term":[{"taxonomy":"category","embeddable":true,"href":"https:\/\/blog.polityka.pl\/szostkiewicz\/wp-json\/wp\/v2\/categories?post=10827"},{"taxonomy":"post_tag","embeddable":true,"href":"https:\/\/blog.polityka.pl\/szostkiewicz\/wp-json\/wp\/v2\/tags?post=10827"}],"curies":[{"name":"wp","href":"https:\/\/api.w.org\/{rel}","templated":true}]}}