
{"id":10850,"date":"2020-07-26T12:53:41","date_gmt":"2020-07-26T10:53:41","guid":{"rendered":"http:\/\/szostkiewicz.blog.polityka.pl\/?p=10850"},"modified":"2020-07-26T19:00:18","modified_gmt":"2020-07-26T17:00:18","slug":"pilkarze-sredzkiej-polonii-przeciw-rasizmowi","status":"publish","type":"post","link":"https:\/\/blog.polityka.pl\/szostkiewicz\/2020\/07\/26\/pilkarze-sredzkiej-polonii-przeciw-rasizmowi\/","title":{"rendered":"Pi\u0142karze \u015bredzkiej Polonii przeciw rasizmowi"},"content":{"rendered":"\n<p>Brawo! Niewielki klub pi\u0142karski Polonia \u015aroda Wielkopolska odda\u0142 cze\u015b\u0107 pami\u0119ci George&#8217;a Floyda. Zawodnicy przed meczem ustawili si\u0119 w serce i  przykl\u0119kn\u0119li na jedno kolano. Wed\u0142ug <a href=\"https:\/\/poznan.wyborcza.pl\/poznan\/7,36006,26006247,polonia-sroda-wlkp-dolaczyla-do-akcji-przeciw-rasizmowi-a.html\">relacji<\/a> pozna\u0144skiej redakcji &#8222;Gazety Wyborczej&#8221; by\u0142 to pomys\u0142 prezesa klubu, a pi\u0142karze mieli prawo wyboru, czy przy\u0142\u0105czy\u0107 si\u0119 do akcji. Przy\u0142\u0105czyli si\u0119.<\/p>\n\n\n\n<!--more-->\n\n\n\n<p>Nie trzeba dodawa\u0107, \u017ce nie wszystkim si\u0119 to spodoba\u0142o. Ale by\u0142y te\u017c reakcje pozytywne. I to si\u0119 liczy. Ka\u017cdy protest przeciwko rasizmowi ma znaczenie,  szczeg\u00f3lnie w obecnej atmosferze spo\u0142ecznej, kt\u00f3r\u0105 nie tylko u nas zatruwa fala nienawi\u015bci i wykluczania. Je\u015bli ma\u0142y klub w niewielkim mie\u015bcie przy\u0142\u0105cza si\u0119 do \u015bwiatowego ruchu antyrasistowskiego, daje przyk\u0142ad, \u017ce tak\u017ce w Polsce s\u0105 ludzie, kt\u00f3rym nie s\u0105 oboj\u0119tne warto\u015bci humanistyczne. To krzepi nasze serca.<\/p>\n\n\n\n<p>Dlatego pi\u0142karzom \u015bredzkim nale\u017cy si\u0119 szacunek, a nie hejt. S\u0105 jednym ze \u015bwiate\u0142ek w tunelu. Trzeba o nich opowiada\u0107, bo ratuj\u0105 wizerunek Polski w momencie, gdy tak bardzo szkodz\u0105 mu w \u015bwiecie homofobia i mizoginia. Media mi\u0119dzynarodowe pe\u0142ne s\u0105 doniesie\u0144 o ostatniej kampanii prezydenckiej, w kt\u00f3rej Andrzej Duda straszy\u0142 &#8222;ideologi\u0105 LGBT&#8221;. Teraz dosz\u0142y informacje o protestach przeciwko wypowiedzeniu przez obecny rz\u0105d konwencji Rady Europy broni\u0105cej kobiet przed przemoc\u0105 w rodzinie.<\/p>\n\n\n\n<p>Czy akt solidarno\u015bci \u015bredzkich pi\u0142karzy z ofiarami przemocy (i to, w przypadku Floyda, policyjnej) na tle rasistowskim b\u0119dzie jakim\u015b punktem zwrotnym? Stowarzyszenie Nigdy Wi\u0119cej <a href=\"https:\/\/www.nigdywiecej.org\/komunikaty\/rok-2020\/4402-rasizm-wrocil-na-stadiony\">ostrzega<\/a>, \u017ce pandemia nie wygasi\u0142a w Polsce rasizmu na stadionach.<\/p>\n\n\n\n<p>W komunikacie informuje o internetowej agresji wymierzonej w \u015bredzkich pi\u0142karzy. Podaje te\u017c przyk\u0142ad transparentu, kt\u00f3ry pojawi\u0142 si\u0119 na trybunach podczas meczu pi\u0142karskiego Lechii Gda\u0144sk z Legi\u0105 Warszawa. Zawiera\u0142 podobizn\u0119 Janusza Walusia, zab\u00f3jcy Chrisa Haniego, czarnosk\u00f3rego dzia\u0142acza przeciwko segregacji rasowej w RPA, i has\u0142o: &#8222;Nic Ci\u0119 nie z\u0142amie, nie jeste\u015b sam&#8221;.<\/p>\n\n\n\n<p>Aha, czyli gdy pi\u0142karze \u015bredzkiej Polonii wyra\u017caj\u0105 solidarno\u015b\u0107 z czarnosk\u00f3rym zmar\u0142ym wskutek sadystycznej interwencji policjanta, to grupa gda\u0144skich kibic\u00f3w wyra\u017ca solidarno\u015b\u0107 z odsiaduj\u0105cym do\u017cywocie morderc\u0105 czarnosk\u00f3rego polityka. A w\u0142adze pi\u0142karskie i w\u0142adze Gda\u0144ska nie reaguj\u0105 na transparent o wymowie rasistowskiej. Na tym tle \u015bredzka Polonia wygl\u0105da na wyj\u0105tek. Ale jaki pi\u0119kny.<\/p>\n","protected":false},"excerpt":{"rendered":"<p>Brawo! Niewielki klub pi\u0142karski Polonia \u015aroda Wielkopolska odda\u0142 cze\u015b\u0107 pami\u0119ci George&#8217;a Floyda. Zawodnicy przed meczem ustawili si\u0119 w serce i przykl\u0119kn\u0119li na jedno kolano. Wed\u0142ug relacji pozna\u0144skiej redakcji &#8222;Gazety Wyborczej&#8221; by\u0142 to pomys\u0142 prezesa klubu, a pi\u0142karze mieli prawo wyboru, czy przy\u0142\u0105czy\u0107 si\u0119 do akcji. Przy\u0142\u0105czyli si\u0119.<\/p>\n","protected":false},"author":3,"featured_media":10859,"comment_status":"open","ping_status":"closed","sticky":false,"template":"","format":"standard","meta":{"footnotes":""},"categories":[1],"tags":[],"_links":{"self":[{"href":"https:\/\/blog.polityka.pl\/szostkiewicz\/wp-json\/wp\/v2\/posts\/10850"}],"collection":[{"href":"https:\/\/blog.polityka.pl\/szostkiewicz\/wp-json\/wp\/v2\/posts"}],"about":[{"href":"https:\/\/blog.polityka.pl\/szostkiewicz\/wp-json\/wp\/v2\/types\/post"}],"author":[{"embeddable":true,"href":"https:\/\/blog.polityka.pl\/szostkiewicz\/wp-json\/wp\/v2\/users\/3"}],"replies":[{"embeddable":true,"href":"https:\/\/blog.polityka.pl\/szostkiewicz\/wp-json\/wp\/v2\/comments?post=10850"}],"version-history":[{"count":7,"href":"https:\/\/blog.polityka.pl\/szostkiewicz\/wp-json\/wp\/v2\/posts\/10850\/revisions"}],"predecessor-version":[{"id":10857,"href":"https:\/\/blog.polityka.pl\/szostkiewicz\/wp-json\/wp\/v2\/posts\/10850\/revisions\/10857"}],"wp:featuredmedia":[{"embeddable":true,"href":"https:\/\/blog.polityka.pl\/szostkiewicz\/wp-json\/wp\/v2\/media\/10859"}],"wp:attachment":[{"href":"https:\/\/blog.polityka.pl\/szostkiewicz\/wp-json\/wp\/v2\/media?parent=10850"}],"wp:term":[{"taxonomy":"category","embeddable":true,"href":"https:\/\/blog.polityka.pl\/szostkiewicz\/wp-json\/wp\/v2\/categories?post=10850"},{"taxonomy":"post_tag","embeddable":true,"href":"https:\/\/blog.polityka.pl\/szostkiewicz\/wp-json\/wp\/v2\/tags?post=10850"}],"curies":[{"name":"wp","href":"https:\/\/api.w.org\/{rel}","templated":true}]}}