
{"id":10860,"date":"2020-07-29T12:58:21","date_gmt":"2020-07-29T10:58:21","guid":{"rendered":"http:\/\/szostkiewicz.blog.polityka.pl\/?p=10860"},"modified":"2020-07-29T14:21:11","modified_gmt":"2020-07-29T12:21:11","slug":"rzad-morawieckiego-potrzebuje-odnowy-a-nie-rekonstrukcji","status":"publish","type":"post","link":"https:\/\/blog.polityka.pl\/szostkiewicz\/2020\/07\/29\/rzad-morawieckiego-potrzebuje-odnowy-a-nie-rekonstrukcji\/","title":{"rendered":"Rz\u0105d Morawieckiego potrzebuje odnowy, a nie &#8222;rekonstrukcji&#8221;"},"content":{"rendered":"\n<p>Nieznaczna i dyskusyjna wygrana Andrzeja Dudy daje jednak polityczn\u0105 szans\u0119 na popraw\u0119 funkcjonowania pa\u0144stwa. W tym na sformowanie lepszego, sprawniejszego, mniej uwik\u0142anego w wpadki kompetencyjne rz\u0105du RP. Nowy rz\u0105d powinien by\u0107 zbudowany od nowa, &#8222;rekonstrukcje&#8221; personalne, dzielenie czy \u0142\u0105czenie resort\u00f3w nie wystarcz\u0105, aby poprawi\u0107 wizerunek rady ministr\u00f3w w kraju i za granic\u0105 w oczach tej cz\u0119\u015bci spo\u0142ecze\u0144stwa i medi\u00f3w mi\u0119dzynarodowych, kt\u00f3ra \u017ale ocenia pi\u0119ciolecie rz\u0105d\u00f3w &#8222;zjednoczonej prawicy&#8221;.<\/p>\n\n\n\n<!--more-->\n\n\n\n<p>W interesie Polski trzeba wi\u0119c wpu\u015bci\u0107 nowych fachowych ludzi, r\u00f3wnie\u017c takich, kt\u00f3rzy nie s\u0105 zale\u017cni od Nowogrodzkiej. W obecnej napi\u0119tej sytuacji, pe\u0142nej nieufno\u015bci i podejrzliwo\u015bci, kipi\u0105cej od plotek i spekulacji na temat wewn\u0119trznych tar\u0107 i spor\u00f3w w obozie w\u0142adzy, tylko taki ruch premiera Morawieckiego by\u0142by jakim\u015b dowodem dobrej woli rz\u0105dz\u0105cych, zmierzaj\u0105cym do obni\u017cenia spo\u0142ecznego napi\u0119cia.<\/p>\n\n\n\n<p>Je\u015bli najbli\u017csze miesi\u0105ce nie przynios\u0105 poprawy na tym polu, a pandemia i kryzys ekonomiczny si\u0119 nasil\u0105, dysfunkcjonalno\u015b\u0107 pa\u0144stwa pod zarz\u0105dem PiS uderzy w og\u00f3\u0142 obywateli, tak\u017ce tych, kt\u00f3rzy na &#8222;zjednoczon\u0105 prawic\u0119&#8221; g\u0142osuj\u0105 z zamkni\u0119tymi oczami i zas\u0142oni\u0119tymi uszami. Chowanie g\u0142owy w piasek nie jest racjonaln\u0105 odpowiedzi\u0105 na wyzwania, jakie staj\u0105 przed Polsk\u0105.<\/p>\n\n\n\n<p>Lista jest d\u0142uga i znana: od zapa\u015bci publicznej o\u015bwiaty i s\u0142u\u017cby zdrowia przez gwa\u0142townie rosn\u0105cy d\u0142ug publiczny i jego konsekwencje oraz kontestowanie walki z zmian\u0105 klimatu, po dyplomatyczn\u0105 marginalizacj\u0119 naszego kraju we wsp\u00f3lnocie demokracji europejskich.<\/p>\n\n\n\n<p>W takim kontek\u015bcie pozostawienie na wysokich posadach cho\u0107by pan\u00f3w Sasina, Szumowskiego, Ziobry, Czaputowicza, Piontkowskiego oraz pa\u0144 Emilewicz i Mal\u0105g b\u0119dzie z\u0142ym komunikatem, \u017ce rz\u0105d uwierzy\u0142 we w\u0142asn\u0105 propagand\u0119 sukcesu, a to zwykle wst\u0119p do bolesnej konfrontacji z rzeczywisto\u015bci\u0105.<\/p>\n\n\n\n<p>Najnowsze przyk\u0142ady: wolta Sasina w kwestii programu g\u00f3rniczego, &#8222;stambulskie&#8221; kuku\u0142cze jajo podrzucone przez Ziobr\u0119 rz\u0105dowi &#8211; kt\u00f3ry nabra\u0142 wody w usta, bo nie wie, co robi\u0107 &#8211; czy wstrzymanie cz\u0119\u015bci funduszy UE dla gmin i instytucji samorz\u0105dowych, kt\u00f3re obwie\u015bci\u0142y demokratycznemu \u015bwiatu, \u017ce u nich precz z &#8222;ideologi\u0105&#8221; LGBT.<\/p>\n\n\n\n<p>Obecny rz\u0105d m\u00f3g\u0142 temu zapobiec, gdyby odrzuci\u0142 takie akty wykluczenia cz\u0119\u015bci obywateli RP. Tak samo jak m\u00f3g\u0142 unikn\u0105\u0107 mi\u0119dzynarodowej krytyki w sprawie &#8222;reformy&#8221; s\u0105downictwa, gdyby potraktowa\u0142 j\u0105 serio. Ale nie potraktowa\u0142, tylko odgrza\u0142 ju\u017c po wygranej Dudy podobnie kontrowersyjn\u0105 spraw\u0119 &#8222;repolonizacji&#8221; medi\u00f3w. Na dodatek z obozu w\u0142adzy s\u0142ycha\u0107 pomruki o ukr\u00f3ceniu &#8222;ksi\u0105stewek&#8221; samorz\u0105dowych, czyli zapowied\u017a uderzenia w samorz\u0105dno\u015b\u0107, kt\u00f3ra jest przecie\u017c filarem pa\u0144stw demokratycznych. Czy premier Morawiecki wykorzysta szans\u0119? W\u0105tpi\u0119, ale warto, by cho\u0107 spr\u00f3bowa\u0142.<\/p>\n","protected":false},"excerpt":{"rendered":"<p>Nieznaczna i dyskusyjna wygrana Andrzeja Dudy daje jednak polityczn\u0105 szans\u0119 na popraw\u0119 funkcjonowania pa\u0144stwa. W tym na sformowanie lepszego, sprawniejszego, mniej uwik\u0142anego w wpadki kompetencyjne rz\u0105du RP. Nowy rz\u0105d powinien by\u0107 zbudowany od nowa, &#8222;rekonstrukcje&#8221; personalne, dzielenie czy \u0142\u0105czenie resort\u00f3w nie wystarcz\u0105, aby poprawi\u0107 wizerunek rady ministr\u00f3w w kraju i za granic\u0105 w oczach tej [&hellip;]<\/p>\n","protected":false},"author":3,"featured_media":10866,"comment_status":"open","ping_status":"closed","sticky":false,"template":"","format":"standard","meta":{"footnotes":""},"categories":[1],"tags":[],"_links":{"self":[{"href":"https:\/\/blog.polityka.pl\/szostkiewicz\/wp-json\/wp\/v2\/posts\/10860"}],"collection":[{"href":"https:\/\/blog.polityka.pl\/szostkiewicz\/wp-json\/wp\/v2\/posts"}],"about":[{"href":"https:\/\/blog.polityka.pl\/szostkiewicz\/wp-json\/wp\/v2\/types\/post"}],"author":[{"embeddable":true,"href":"https:\/\/blog.polityka.pl\/szostkiewicz\/wp-json\/wp\/v2\/users\/3"}],"replies":[{"embeddable":true,"href":"https:\/\/blog.polityka.pl\/szostkiewicz\/wp-json\/wp\/v2\/comments?post=10860"}],"version-history":[{"count":4,"href":"https:\/\/blog.polityka.pl\/szostkiewicz\/wp-json\/wp\/v2\/posts\/10860\/revisions"}],"predecessor-version":[{"id":10865,"href":"https:\/\/blog.polityka.pl\/szostkiewicz\/wp-json\/wp\/v2\/posts\/10860\/revisions\/10865"}],"wp:featuredmedia":[{"embeddable":true,"href":"https:\/\/blog.polityka.pl\/szostkiewicz\/wp-json\/wp\/v2\/media\/10866"}],"wp:attachment":[{"href":"https:\/\/blog.polityka.pl\/szostkiewicz\/wp-json\/wp\/v2\/media?parent=10860"}],"wp:term":[{"taxonomy":"category","embeddable":true,"href":"https:\/\/blog.polityka.pl\/szostkiewicz\/wp-json\/wp\/v2\/categories?post=10860"},{"taxonomy":"post_tag","embeddable":true,"href":"https:\/\/blog.polityka.pl\/szostkiewicz\/wp-json\/wp\/v2\/tags?post=10860"}],"curies":[{"name":"wp","href":"https:\/\/api.w.org\/{rel}","templated":true}]}}