
{"id":1089,"date":"2011-10-13T20:51:21","date_gmt":"2011-10-13T19:51:21","guid":{"rendered":"http:\/\/szostkiewicz.blog.polityka.pl\/?p=1089"},"modified":"2011-10-13T20:51:21","modified_gmt":"2011-10-13T19:51:21","slug":"marszalek-ewa-kopacz","status":"publish","type":"post","link":"https:\/\/blog.polityka.pl\/szostkiewicz\/2011\/10\/13\/marszalek-ewa-kopacz\/","title":{"rendered":"Marsza\u0142ek Ewa Kopacz"},"content":{"rendered":"<p>Tusk proponuje Ew\u0119 Kopacz na marsza\u0142ek sejmu. Ma racj\u0119 Gronkiewicz-Waltz, \u017ce to pomys\u0142 historyczny. Pierwsza marsza\u0142ek w dziejach polskiego parlamentaryzmu.\u00a0<\/p>\n<p>Ewa Kopacz ma moim zdaniem format premierowski. Nie tyle Thatcher, co by\u0142a prezydent Irlandii, pani Robinson. Ale do tego droga daleka i wyboista. Do\u015bwiadczenie marsza\u0142kowania jej si\u0119 na tej drodze przyda.<\/p>\n<p>Ale ju\u017c si\u0119 odzywa ch\u00f3r malkontent\u00f3w. Jaros\u0142aw Zbawca\u00a0 ju\u017c pu\u015bci\u0142 w niepami\u0119\u0107 sz\u00f3st\u0105 przegran\u0105 wyborcz\u0105. Kopacz na marsza\u0142ka? To\u017c to kpina ze spo\u0142ecze\u0144stwa.<\/p>\n<p>Co tu jest kpin\u0105? Kandydatura Kopacz czy afront\u00a0 prezesa? W tym obciachu jest metoda. Trzeba odwraca\u0107 uwag\u0119 od kl\u0119ski PiS. Atakami na Tuska, \u017ce zamiast nowego zapowiada stary rz\u0105d, atakami na media, atakiem na Kopacz, insynuacjami, \u017ce ucieka z ton\u0105cej s\u0142u\u017cby zdrowia.\u00a0\u00a0 \u00a0<\/p>\n<p>Dziwi\u0119 si\u0119 niekt\u00f3rym niepisowskim dziennikarzom, \u017ce tak skwapliwie sekunduj\u0105 Kaczy\u0144skiemu w tej kampanii demolowania niebywa\u0142ego sukcesu Platformy. Sprawiaj\u0105 wra\u017cenie, jakby ten sukces im wadzi\u0142 tak samo, jak PiS-owi. Ale mo\u017ce przesadzam, mo\u017ce to powyborczy szok zawodowy. Wr\u00f3\u0107my do Kopacz.<\/p>\n<p>Prezydent Warszawy w dobrej rozmowie z Monik\u0105 Olejnik rzuci\u0142a mimochodem celn\u0105 uwag\u0119: nie ca\u0142owaniem pa\u0144 w r\u0105czk\u0119 pokazuje Kaczy\u0144ski sw\u00f3j stosunek do kobiet, lecz tym, jak traktuje kobiety w polityce &#8211; ,,anio\u0142ki&#8221;, dysydentki Rostkowsk\u0105 i Jakubiak, a teraz Ew\u0119 Kopacz.<\/p>\n<p>HGW przypomnia\u0142a, jak przed wielu laty, kiedy mia\u0142a zosta\u0107 prezesem NBP (w\u00f3wczas drug\u0105 na \u015bwiecie kobiet\u0105 na tym stanowisku), us\u0142ysza\u0142a od Kaczy\u0144skiego, \u017ce jej nie poprze. Czemu? Bo nie ma kwalifikacji i jest kobiet\u0105. No c\u00f3\u017c, Waltz prezesem NBP mimo to zosta\u0142a i da\u0142a rad\u0119, a mia\u0142a zadanie nie byle jakie: wprowadzenie nowego z\u0142otego. Oby pani Kopacz posz\u0142o r\u00f3wnie dobrze.<\/p>\n","protected":false},"excerpt":{"rendered":"<p>Tusk proponuje Ew\u0119 Kopacz na marsza\u0142ek sejmu. Ma racj\u0119 Gronkiewicz-Waltz, \u017ce to pomys\u0142 historyczny. Pierwsza marsza\u0142ek w dziejach polskiego parlamentaryzmu.\u00a0 Ewa Kopacz ma moim zdaniem format premierowski. Nie tyle Thatcher, co by\u0142a prezydent Irlandii, pani Robinson. Ale do tego droga daleka i wyboista. Do\u015bwiadczenie marsza\u0142kowania jej si\u0119 na tej drodze przyda. Ale ju\u017c si\u0119 odzywa [&hellip;]<\/p>\n","protected":false},"author":3,"featured_media":0,"comment_status":"open","ping_status":"open","sticky":false,"template":"","format":"standard","meta":{"footnotes":""},"categories":[1],"tags":[],"_links":{"self":[{"href":"https:\/\/blog.polityka.pl\/szostkiewicz\/wp-json\/wp\/v2\/posts\/1089"}],"collection":[{"href":"https:\/\/blog.polityka.pl\/szostkiewicz\/wp-json\/wp\/v2\/posts"}],"about":[{"href":"https:\/\/blog.polityka.pl\/szostkiewicz\/wp-json\/wp\/v2\/types\/post"}],"author":[{"embeddable":true,"href":"https:\/\/blog.polityka.pl\/szostkiewicz\/wp-json\/wp\/v2\/users\/3"}],"replies":[{"embeddable":true,"href":"https:\/\/blog.polityka.pl\/szostkiewicz\/wp-json\/wp\/v2\/comments?post=1089"}],"version-history":[{"count":1,"href":"https:\/\/blog.polityka.pl\/szostkiewicz\/wp-json\/wp\/v2\/posts\/1089\/revisions"}],"predecessor-version":[{"id":1090,"href":"https:\/\/blog.polityka.pl\/szostkiewicz\/wp-json\/wp\/v2\/posts\/1089\/revisions\/1090"}],"wp:attachment":[{"href":"https:\/\/blog.polityka.pl\/szostkiewicz\/wp-json\/wp\/v2\/media?parent=1089"}],"wp:term":[{"taxonomy":"category","embeddable":true,"href":"https:\/\/blog.polityka.pl\/szostkiewicz\/wp-json\/wp\/v2\/categories?post=1089"},{"taxonomy":"post_tag","embeddable":true,"href":"https:\/\/blog.polityka.pl\/szostkiewicz\/wp-json\/wp\/v2\/tags?post=1089"}],"curies":[{"name":"wp","href":"https:\/\/api.w.org\/{rel}","templated":true}]}}