
{"id":10903,"date":"2020-08-08T16:43:32","date_gmt":"2020-08-08T14:43:32","guid":{"rendered":"http:\/\/szostkiewicz.blog.polityka.pl\/?p=10903"},"modified":"2020-08-08T23:40:27","modified_gmt":"2020-08-08T21:40:27","slug":"covidowa-glupota-nie-zna-granic","status":"publish","type":"post","link":"https:\/\/blog.polityka.pl\/szostkiewicz\/2020\/08\/08\/covidowa-glupota-nie-zna-granic\/","title":{"rendered":"Covidowa g\u0142upota nie zna granic"},"content":{"rendered":"\n<p>W Niemczech nazywaj\u0105 ich &#8222;covidioten&#8221;, covididioci. Nie b\u0119d\u0105 nosi\u0107 maseczek ani unika\u0107 t\u0142um\u00f3w. Nie, bo nie. Bo wirusa nie ma. Oni wiedz\u0105 swoje, czytali w internecie, s\u0142yszeli od wujka albo od koleg\u00f3w. Nie wierz\u0105 w\u0142adzy ani epidemiologom. Bo przecie\u017c wiadomo, \u017ce \u015bciemniaj\u0105, aby si\u0119 dorobi\u0107 we wsp\u00f3\u0142pracy z magnatami farmaceutycznymi.<\/p>\n\n\n\n<!--more-->\n\n\n\n<p>C\u00f3\u017c, niekiedy co\u015b w tym mo\u017ce by\u0107. Trzymanie si\u0119 wiarygodnych danych i ich fachowa analiza do zespo\u0142u covididiotyzmu oczywi\u015bcie si\u0119 nie zalicza. Szczeg\u00f3lnie gdy infekcyjne statystyki uparcie zaprzeczaj\u0105 rz\u0105dowym komunikatom, \u017ce epidemia ju\u017c za nami.<\/p>\n\n\n\n<p>Covididiot\u00f3w nie brakuje w innych krajach, ale rzadko na szczeblu rz\u0105dowym i w instytucjach pa\u0144stwowych strzeg\u0105cych zdrowia publicznego. Do pandemicznej kroniki buty przejd\u0105 wczesne wypowiedzi szefa inspekcji sanitarnej, kt\u00f3ry zaleca\u0142, aby\u015bmy sobie wsadzili l\u00f3d do majtek, zamiast panikowa\u0107.<\/p>\n\n\n\n<p>Owszem, Trump i Boris Johnson przez d\u0142ugie miesi\u0105ce te\u017c trwali w odmowie, wciskaj\u0105c ludziom absurdy na temat pandemii. Dzi\u015b, gdy w USA dawno przekroczono milion infekcji i 100 tys. zgon\u00f3w, a w UK Boris ledwo uszed\u0142 z \u017cyciem po z\u0142apaniu wirusa, obaj notable zacz\u0119li si\u0119 rakiem wycofywa\u0107 z covid-sceptycyzmu. No bo statystyki straszne, a koszt polityczny i ekonomiczny ich wydrwiwania coraz gro\u017aniejszy dla nich jako lider\u00f3w. Niestety, u nas najbli\u017csze wybory maj\u0105 by\u0107 za trzy lata, wi\u0119c rz\u0105dz\u0105cy nie podlegaj\u0105 takiej presji jak cho\u0107by Trump, kt\u00f3ry ma test wyborczy za nieco ponad trzy miesi\u0105ce.<\/p>\n\n\n\n<p>Jasne, g\u0142upota i ignorancja, infantylne bunty w kostiumie wolno\u015bciowym, podatno\u015b\u0107 na teorie spiskowe, brak poczucia odpowiedzialno\u015bci za siebie i bliskich, ale te\u017c za niespokrewnionych wsp\u00f3\u0142obywateli, musz\u0105 smuci\u0107, gniewa\u0107 i przera\u017ca\u0107. Jednak zw\u0142aszcza u funkcjonariuszy rz\u0105du i pa\u0144stwa. Przecie\u017c to oni s\u0105 dla wielu ludzi przyk\u0142adem do na\u015bladowania, maj\u0105 ich zaufanie, wyznaczaj\u0105 kierunek post\u0119powania w wa\u017cnych sprawach publicznych.<\/p>\n\n\n\n<p>R\u00f3wnie przygn\u0119biaj\u0105cym co zarozumia\u0142a ignorancja elementem covididiotyzmu jest covidovy hejt. Lekarze specjali\u015bci obsmarowywani przez &#8222;wolno\u015bciowc\u00f3w&#8221; najbardziej wulgarnymi s\u0142owami tylko za to, \u017ce trzymaj\u0105 si\u0119 racjonalno\u015bci, wiedzy medycznej, powszechnie przyjmowanych metod ogarni\u0119cia problemu. I za to, \u017ce nie ulegaj\u0105 propagandzie motywowanej politycznie. Trump czy Duda do sp\u00f3\u0142ki z Morawieckim i Szumowskim budz\u0105 w niekt\u00f3rych wi\u0119ksze zaufanie ni\u017c dr Fauci czy prof. Simon.<\/p>\n\n\n\n<p>Polityka wdziera si\u0119 w ten spos\u00f3b na teren, kt\u00f3ry powinien by\u0107 pozapolityczny. A nie jest. Zwolennicy prawicy nawet wysi\u0142ki roz\u0142adowania pandemii uwa\u017caj\u0105 za &#8222;lewactwo&#8221;. Obecne rozbicie spo\u0142ecze\u0144stw &#8211; skutek populizmu, manipulowania internetem przez polityk\u00f3w, powolne im s\u0142u\u017cby specjalne i wszelkich odmian p\u0142askoziemc\u00f3w &#8211; nieustannie i w ka\u017cdej dziedzinie przypomina o sobie.\u00a0Deprymuj\u0105co. Gdy w czasie kampanii Andrzej Duda mrugn\u0105\u0142 okiem do ultraprawicowych antyszczepionkowc\u00f3w, oznajmiaj\u0105c, \u017ce na gryp\u0119 si\u0119 nie szczepi, by\u0142a to w kontek\u015bcie pandemii katastrofa.<\/p>\n\n\n\n<p>Na tym tle imponuje, \u017ce tu i \u00f3wdzie wci\u0105\u017c s\u0105 u nas strefy wolne od covididiotyzmu. Takie jak na Warmii, gdzie pisz\u0119 te s\u0142owa. W ka\u017cdym lokalnym sklepie, kt\u00f3ry tu odwiedzam, personel i klienci, na czele z miejscowymi, s\u0105 w maseczkach i trzymaj\u0105 odst\u0119p. Tak niewiele, a tak du\u017co.<\/p>\n","protected":false},"excerpt":{"rendered":"<p>W Niemczech nazywaj\u0105 ich &#8222;covidioten&#8221;, covididioci. Nie b\u0119d\u0105 nosi\u0107 maseczek ani unika\u0107 t\u0142um\u00f3w. Nie, bo nie. Bo wirusa nie ma. Oni wiedz\u0105 swoje, czytali w internecie, s\u0142yszeli od wujka albo od koleg\u00f3w. Nie wierz\u0105 w\u0142adzy ani epidemiologom. Bo przecie\u017c wiadomo, \u017ce \u015bciemniaj\u0105, aby si\u0119 dorobi\u0107 we wsp\u00f3\u0142pracy z magnatami farmaceutycznymi.<\/p>\n","protected":false},"author":3,"featured_media":10906,"comment_status":"open","ping_status":"closed","sticky":false,"template":"","format":"standard","meta":{"footnotes":""},"categories":[1],"tags":[],"_links":{"self":[{"href":"https:\/\/blog.polityka.pl\/szostkiewicz\/wp-json\/wp\/v2\/posts\/10903"}],"collection":[{"href":"https:\/\/blog.polityka.pl\/szostkiewicz\/wp-json\/wp\/v2\/posts"}],"about":[{"href":"https:\/\/blog.polityka.pl\/szostkiewicz\/wp-json\/wp\/v2\/types\/post"}],"author":[{"embeddable":true,"href":"https:\/\/blog.polityka.pl\/szostkiewicz\/wp-json\/wp\/v2\/users\/3"}],"replies":[{"embeddable":true,"href":"https:\/\/blog.polityka.pl\/szostkiewicz\/wp-json\/wp\/v2\/comments?post=10903"}],"version-history":[{"count":3,"href":"https:\/\/blog.polityka.pl\/szostkiewicz\/wp-json\/wp\/v2\/posts\/10903\/revisions"}],"predecessor-version":[{"id":10907,"href":"https:\/\/blog.polityka.pl\/szostkiewicz\/wp-json\/wp\/v2\/posts\/10903\/revisions\/10907"}],"wp:featuredmedia":[{"embeddable":true,"href":"https:\/\/blog.polityka.pl\/szostkiewicz\/wp-json\/wp\/v2\/media\/10906"}],"wp:attachment":[{"href":"https:\/\/blog.polityka.pl\/szostkiewicz\/wp-json\/wp\/v2\/media?parent=10903"}],"wp:term":[{"taxonomy":"category","embeddable":true,"href":"https:\/\/blog.polityka.pl\/szostkiewicz\/wp-json\/wp\/v2\/categories?post=10903"},{"taxonomy":"post_tag","embeddable":true,"href":"https:\/\/blog.polityka.pl\/szostkiewicz\/wp-json\/wp\/v2\/tags?post=10903"}],"curies":[{"name":"wp","href":"https:\/\/api.w.org\/{rel}","templated":true}]}}