
{"id":1091,"date":"2011-10-15T21:33:10","date_gmt":"2011-10-15T20:33:10","guid":{"rendered":"http:\/\/szostkiewicz.blog.polityka.pl\/?p=1091"},"modified":"2011-10-15T21:33:10","modified_gmt":"2011-10-15T20:33:10","slug":"zabetonowana-czy-odbetonowana","status":"publish","type":"post","link":"https:\/\/blog.polityka.pl\/szostkiewicz\/2011\/10\/15\/zabetonowana-czy-odbetonowana\/","title":{"rendered":"Zabetonowana czy odbetonowana"},"content":{"rendered":"<p>Nie ustaj\u0105 nieco surrealne spekulacje o tym, czy PO ju\u017c jest one-man-bandem, na full i nie ma zmi\u0142uj (dla Schetyny). Surrealne, bo za kilka dni czy tygodni to wszystko b\u0119dzie ju\u017c polityczne muzeum kurioz\u00f3w.<\/p>\n<p>W tym powyborczym zgie\u0142ku medi\u00f3w gin\u0105 tematy dla mnie ciekawsze i wa\u017cniejsze.<\/p>\n<p>1. Co m\u00f3wi\u0105 piewcy JOW-\u00f3w? Chyba dotar\u0142o do nich, \u017ce ? przynajmniej na razie ? stres test wypad\u0142 dla nich fatalnie. 9 X pad\u0142 zbawczy mit JOW\u00f3w. Ponad 90 mandat\u00f3w w senacie wzi\u0119\u0142y dwie g\u0142\u00f3wne partie. Inicjatywa Obywatele do Senatu ponios\u0142a totaln\u0105 kl\u0119sk\u0119 (jeden mandat), cho\u0107 reklamowa\u0142a si\u0119 jako niezale\u017cna, pozapartyjna i ekspercka.<br \/>\nMia\u0142 racj\u0119 politolog Rados\u0142aw Markowski, \u017ce JOWy tak naprawd\u0119 wzmacniaj\u0105 system dwupartyjny. Ja dodam od siebie, \u017ce wol\u0119 w parlamencie wi\u0119cej ni\u017c dwie partie (ale bez przesady, kt\u00f3ra nam zreszt\u0105, jak wida\u0107 po wyborach, nie grozi).\u00a0\u00a0\u00a0<\/p>\n<p>2. Jaka\u015b omerta obj\u0119\u0142a drugi temat, tak wa\u0142kowany przed wyborami. Mit rzekomego zabetonowania polityki. Ten mit obali\u0142 sukces Palikota. Prawdziwie oddolny ruch, ci\u0119\u017cka orka kampanijna i prosz\u0119: uda\u0142o si\u0119 mur przebi\u0107.<br \/>\nMo\u017ce w og\u00f3le muru nie by\u0142o, tylko gl\u0119dzenie polityk\u00f3w czuj\u0105cych, \u017ce nie dadz\u0105 rady i ich fan\u00f3w w mediach? ,,<\/p>\n<p>Zabetonowanie&#8221; znaczy\u0142o tak naprawd\u0119 wi\u0119ksz\u0105 ni\u017c dot\u0105d stabilno\u015b\u0107 systemu wielopartyjnego. Ostatnie wybory kontynuuj\u0105 t\u0119 now\u0105 u nas tendencj\u0119. (Jest jednak pewien osobliwy paradoks: elementem stabilizacji jest partia antysystemowa. Czy politolodzy t\u0119 zagadk\u0119 rozwi\u0105\u017c\u0105?)<\/p>\n<p>Ta wi\u0119ksza stabilno\u015b\u0107 to dobra wiadomo\u015b\u0107. I zas\u0142uga wyborc\u00f3w, kt\u00f3rzy chyba zaczynaj\u0105 rozumie\u0107, \u017ce lepsze jest cz\u0119sto w polityce wrogiem dobrego.<\/p>\n<p>XXXX Ewa Kopacz<br \/>\nPrzykro mi si\u0119 odnosi\u0107 do niekt\u00f3rych wpis\u00f3w. Uwa\u017cam, \u017ce jest pewnym osi\u0105gni\u0119ciem, i\u017c zwykle toczy si\u0119 tu interesuj\u0105ca dyskusja internaut\u00f3w g\u0142\u00f3wnie mi\u0119dzy nimi samymi, co mi absolutnie nie przeszkadza. Tak te\u017c zapowiada\u0142o si\u0119 w zwi\u0105zku z EK. Ale to si\u0119 do ko\u0144ca nie spe\u0142ni\u0142o. Trzeba by\u0142o usun\u0105\u0107 kilka szczeg\u00f3lnie ordynarnych wpis\u00f3w obra\u017caj\u0105cych EK i mnie.\u00a0 Krytyka, polemika, pamflet, prosz\u0119 bardzo, ale cham\u00f3wy tu\u00a0 nie puszczamy.<\/p>\n","protected":false},"excerpt":{"rendered":"<p>Nie ustaj\u0105 nieco surrealne spekulacje o tym, czy PO ju\u017c jest one-man-bandem, na full i nie ma zmi\u0142uj (dla Schetyny). Surrealne, bo za kilka dni czy tygodni to wszystko b\u0119dzie ju\u017c polityczne muzeum kurioz\u00f3w. W tym powyborczym zgie\u0142ku medi\u00f3w gin\u0105 tematy dla mnie ciekawsze i wa\u017cniejsze. 1. Co m\u00f3wi\u0105 piewcy JOW-\u00f3w? Chyba dotar\u0142o do nich, [&hellip;]<\/p>\n","protected":false},"author":3,"featured_media":0,"comment_status":"open","ping_status":"open","sticky":false,"template":"","format":"standard","meta":{"footnotes":""},"categories":[1],"tags":[],"_links":{"self":[{"href":"https:\/\/blog.polityka.pl\/szostkiewicz\/wp-json\/wp\/v2\/posts\/1091"}],"collection":[{"href":"https:\/\/blog.polityka.pl\/szostkiewicz\/wp-json\/wp\/v2\/posts"}],"about":[{"href":"https:\/\/blog.polityka.pl\/szostkiewicz\/wp-json\/wp\/v2\/types\/post"}],"author":[{"embeddable":true,"href":"https:\/\/blog.polityka.pl\/szostkiewicz\/wp-json\/wp\/v2\/users\/3"}],"replies":[{"embeddable":true,"href":"https:\/\/blog.polityka.pl\/szostkiewicz\/wp-json\/wp\/v2\/comments?post=1091"}],"version-history":[{"count":1,"href":"https:\/\/blog.polityka.pl\/szostkiewicz\/wp-json\/wp\/v2\/posts\/1091\/revisions"}],"predecessor-version":[{"id":1092,"href":"https:\/\/blog.polityka.pl\/szostkiewicz\/wp-json\/wp\/v2\/posts\/1091\/revisions\/1092"}],"wp:attachment":[{"href":"https:\/\/blog.polityka.pl\/szostkiewicz\/wp-json\/wp\/v2\/media?parent=1091"}],"wp:term":[{"taxonomy":"category","embeddable":true,"href":"https:\/\/blog.polityka.pl\/szostkiewicz\/wp-json\/wp\/v2\/categories?post=1091"},{"taxonomy":"post_tag","embeddable":true,"href":"https:\/\/blog.polityka.pl\/szostkiewicz\/wp-json\/wp\/v2\/tags?post=1091"}],"curies":[{"name":"wp","href":"https:\/\/api.w.org\/{rel}","templated":true}]}}