
{"id":1093,"date":"2011-10-17T22:17:18","date_gmt":"2011-10-17T21:17:18","guid":{"rendered":"http:\/\/szostkiewicz.blog.polityka.pl\/?p=1093"},"modified":"2011-10-17T22:47:58","modified_gmt":"2011-10-17T21:47:58","slug":"niech-cymanski-powiesi-krzyz-w-brukseli","status":"publish","type":"post","link":"https:\/\/blog.polityka.pl\/szostkiewicz\/2011\/10\/17\/niech-cymanski-powiesi-krzyz-w-brukseli\/","title":{"rendered":"Niech Cyma\u0144ski powiesi krzy\u017c w Brukseli"},"content":{"rendered":"<p>Oj dzia\u0142o si\u0119. Chaotycznie, ale kreatywnie. Z ,,krzy\u017cowej&#8221; dyskusji u Tomasza Lisa zapami\u0119tam szczeg\u00f3lnie apele profesor \u015arody, t-shirt Roberta Leszczy\u0144skiego i\u00a0 jedno jedyne ale ujmuj\u0105ce wyst\u0105pienie pos\u0142a PO Johna Godsona.<\/p>\n<p>\u015aroda zagrzewa\u0142a pos\u0142a PiS do boku o krzy\u017c w salach obrad Parlamentu Europejskiego, imputuj\u0105c mu ob\u0142ud\u0119. Na t-shircie Leszczy\u0144skiego by\u0142y symbole r\u00f3\u017cnych religii, co pewnie mia\u0142o by\u0107 komunikatem: je\u015bli symbole religijne w sejmie, to czemu tylko chrze\u015bcija\u0144stwa? Uj\u0105\u0142 mnie Godson, pose\u0142 i pastor, s\u0142owami, \u017ce dla niego krzy\u017c mo\u017ce by\u0107 i mo\u017ce nie by\u0107, bo wiar\u0119 nosi si\u0119 w sobie.<br \/>\nChyba Godson by\u0142 najbli\u017cszy sedna sprawy w tym sporze, kt\u00f3ry z g\u00f3ry by\u0142 skazany na niekonkluzywno\u015b\u0107. Wszystkie racje za i przeciw s\u0105 znane. Rzadko w trakcie debat w TV dochodzi do konwersji lub apostazji.<\/p>\n<p>Ale warto by\u0142o. Mo\u017ce ponosi mnie publicystyczna fantazja, ale po tym programie pomy\u015bla\u0142em, \u017ce wej\u015bcie Ruchu Palikota do sejmu z jego manifestem \u015bwiecko\u015bci to wierzcho\u0142ek drugiej fali naszej demokracji po 1989 r. Niedoko\u0144czone dyskusje na temat stosunk\u00f3w pa\u0144stwo-Ko\u015bci\u00f3\u0142 katolicki z pocz\u0105tku transformacji domagaj\u0105 si\u0119 konkluzji.<\/p>\n","protected":false},"excerpt":{"rendered":"<p>Oj dzia\u0142o si\u0119. Chaotycznie, ale kreatywnie. Z ,,krzy\u017cowej&#8221; dyskusji u Tomasza Lisa zapami\u0119tam szczeg\u00f3lnie apele profesor \u015arody, t-shirt Roberta Leszczy\u0144skiego i\u00a0 jedno jedyne ale ujmuj\u0105ce wyst\u0105pienie pos\u0142a PO Johna Godsona. \u015aroda zagrzewa\u0142a pos\u0142a PiS do boku o krzy\u017c w salach obrad Parlamentu Europejskiego, imputuj\u0105c mu ob\u0142ud\u0119. Na t-shircie Leszczy\u0144skiego by\u0142y symbole r\u00f3\u017cnych religii, co pewnie [&hellip;]<\/p>\n","protected":false},"author":3,"featured_media":0,"comment_status":"open","ping_status":"open","sticky":false,"template":"","format":"standard","meta":{"footnotes":""},"categories":[1],"tags":[],"_links":{"self":[{"href":"https:\/\/blog.polityka.pl\/szostkiewicz\/wp-json\/wp\/v2\/posts\/1093"}],"collection":[{"href":"https:\/\/blog.polityka.pl\/szostkiewicz\/wp-json\/wp\/v2\/posts"}],"about":[{"href":"https:\/\/blog.polityka.pl\/szostkiewicz\/wp-json\/wp\/v2\/types\/post"}],"author":[{"embeddable":true,"href":"https:\/\/blog.polityka.pl\/szostkiewicz\/wp-json\/wp\/v2\/users\/3"}],"replies":[{"embeddable":true,"href":"https:\/\/blog.polityka.pl\/szostkiewicz\/wp-json\/wp\/v2\/comments?post=1093"}],"version-history":[{"count":3,"href":"https:\/\/blog.polityka.pl\/szostkiewicz\/wp-json\/wp\/v2\/posts\/1093\/revisions"}],"predecessor-version":[{"id":1096,"href":"https:\/\/blog.polityka.pl\/szostkiewicz\/wp-json\/wp\/v2\/posts\/1093\/revisions\/1096"}],"wp:attachment":[{"href":"https:\/\/blog.polityka.pl\/szostkiewicz\/wp-json\/wp\/v2\/media?parent=1093"}],"wp:term":[{"taxonomy":"category","embeddable":true,"href":"https:\/\/blog.polityka.pl\/szostkiewicz\/wp-json\/wp\/v2\/categories?post=1093"},{"taxonomy":"post_tag","embeddable":true,"href":"https:\/\/blog.polityka.pl\/szostkiewicz\/wp-json\/wp\/v2\/tags?post=1093"}],"curies":[{"name":"wp","href":"https:\/\/api.w.org\/{rel}","templated":true}]}}