
{"id":1097,"date":"2011-10-19T17:33:51","date_gmt":"2011-10-19T16:33:51","guid":{"rendered":"http:\/\/szostkiewicz.blog.polityka.pl\/?p=1097"},"modified":"2011-10-19T17:36:01","modified_gmt":"2011-10-19T16:36:01","slug":"leszek-miller-sld-nie-uratuje","status":"publish","type":"post","link":"https:\/\/blog.polityka.pl\/szostkiewicz\/2011\/10\/19\/leszek-miller-sld-nie-uratuje\/","title":{"rendered":"Leszek Miller SLD nie uratuje"},"content":{"rendered":"<p>Szefem niespe\u0142na 30-osobowego klubu SLD w sejmie wybrany zosta\u0142 Leszek Miller. Przegra\u0142 Ryszard Kalisz. Dwa tuzy obecnego Sojuszu to zawodnicy politycznej wagi ci\u0119\u017ckiej (ale bardziej Miller, bo Kalisz w moim odczuciu nie spisa\u0142 si\u0119 na medal \u00a0z raportem w sprawie Blidy). A za nimi w zasadzie pustka: kadrowa i koncepcyjna.<\/p>\n<p>Tak naprawd\u0119 SLD po 9 X ma tylko jeden skarb: partyjn\u0105 struktur\u0119 w ca\u0142ym kraju i dotacj\u0119 pa\u0144stwow\u0105 na dzia\u0142alno\u015b\u0107. Przewidywa\u0142em, \u017ce politycznie nie da rady pod wodz\u0105 Napieralskiego. Nigdy nie by\u0142em wyborc\u0105 SLD, ale oddaj\u0119 Sojuszowi jego zas\u0142ugi. Zw\u0142aszcza europejskie.<\/p>\n<p>Tu\u017c po wyborze Millera wielka tr\u00f3jka LM, RK i GN &#8211; Kwa\u015bniewski do\u00a0polityki ju\u017c oficjalnie nie wr\u00f3ci &#8211;\u00a0spotkali si\u0119 z mediami. Jedyny \u015bwie\u017cy konkret to pomys\u0142 powszechnych prawybor\u00f3w na wz\u00f3r francuskich socjalist\u00f3w. W\u0105tpi\u0119, czy uda si\u0119 jego rzecznikom (LM,RK) wcieli\u0107 go w \u017cycie w obecnym stanie lewicy w Polsce.<\/p>\n<p>Stawiam tez\u0119, \u017ce SLD osi\u0105ga kres, jak kiedy\u015b KPN, Unia Wolno\u015bci czy AWS. Formacja si\u0119 wyczerpa\u0142a. Polska mo\u017ce si\u0119 okaza\u0107 pierwszym du\u017cym krajem w Europie, gdzie elektoratem lewicowym podziel\u0105 si\u0119 partie populistyczne, radykalne, anty-establiszmentowe z jednej strony, a z drugiej partie centrowo-prawicowe.<\/p>\n<p>Wynika to z logiki socjologicznej. W Europie kurczy si\u0119 klasa robotnicza, opok\u0105 demokracji rynkowej jest klasa \u015brednia. Kto jej nadepnie na stop\u0119, wylatuje na margines. Reszt\u0119 g\u0142os\u00f3w &#8211; wykluczonych, oburzonych, zwi\u0105zkowc\u00f3w &#8211; zbieraj\u0105 populi\u015bci r\u00f3\u017cnych odcieni.<\/p>\n<p>Oczywi\u015bcie to tylko hipoteza. Gdyby na czele obozu lewicowego stan\u0105\u0142 kto\u015b formatu Cimoszewicza, mo\u017ce jakie\u015b lewicowe \u017cycie po \u017cyciu jeszcze by w Polsce zat\u0119tni\u0142o.\u00a0<\/p>\n<p>XXXX Korespondencja w przysz\u0142ym tygodniu; wyje\u017cd\u017cam z kraju na kilka dni.<\/p>\n","protected":false},"excerpt":{"rendered":"<p>Szefem niespe\u0142na 30-osobowego klubu SLD w sejmie wybrany zosta\u0142 Leszek Miller. Przegra\u0142 Ryszard Kalisz. Dwa tuzy obecnego Sojuszu to zawodnicy politycznej wagi ci\u0119\u017ckiej (ale bardziej Miller, bo Kalisz w moim odczuciu nie spisa\u0142 si\u0119 na medal \u00a0z raportem w sprawie Blidy). A za nimi w zasadzie pustka: kadrowa i koncepcyjna. Tak naprawd\u0119 SLD po 9 [&hellip;]<\/p>\n","protected":false},"author":3,"featured_media":0,"comment_status":"open","ping_status":"open","sticky":false,"template":"","format":"standard","meta":{"footnotes":""},"categories":[1],"tags":[],"_links":{"self":[{"href":"https:\/\/blog.polityka.pl\/szostkiewicz\/wp-json\/wp\/v2\/posts\/1097"}],"collection":[{"href":"https:\/\/blog.polityka.pl\/szostkiewicz\/wp-json\/wp\/v2\/posts"}],"about":[{"href":"https:\/\/blog.polityka.pl\/szostkiewicz\/wp-json\/wp\/v2\/types\/post"}],"author":[{"embeddable":true,"href":"https:\/\/blog.polityka.pl\/szostkiewicz\/wp-json\/wp\/v2\/users\/3"}],"replies":[{"embeddable":true,"href":"https:\/\/blog.polityka.pl\/szostkiewicz\/wp-json\/wp\/v2\/comments?post=1097"}],"version-history":[{"count":3,"href":"https:\/\/blog.polityka.pl\/szostkiewicz\/wp-json\/wp\/v2\/posts\/1097\/revisions"}],"predecessor-version":[{"id":1100,"href":"https:\/\/blog.polityka.pl\/szostkiewicz\/wp-json\/wp\/v2\/posts\/1097\/revisions\/1100"}],"wp:attachment":[{"href":"https:\/\/blog.polityka.pl\/szostkiewicz\/wp-json\/wp\/v2\/media?parent=1097"}],"wp:term":[{"taxonomy":"category","embeddable":true,"href":"https:\/\/blog.polityka.pl\/szostkiewicz\/wp-json\/wp\/v2\/categories?post=1097"},{"taxonomy":"post_tag","embeddable":true,"href":"https:\/\/blog.polityka.pl\/szostkiewicz\/wp-json\/wp\/v2\/tags?post=1097"}],"curies":[{"name":"wp","href":"https:\/\/api.w.org\/{rel}","templated":true}]}}