
{"id":1104,"date":"2011-10-28T10:44:18","date_gmt":"2011-10-28T09:44:18","guid":{"rendered":"http:\/\/szostkiewicz.blog.polityka.pl\/?p=1104"},"modified":"2011-11-25T10:01:04","modified_gmt":"2011-11-25T09:01:04","slug":"orwell-i-europa","status":"publish","type":"post","link":"https:\/\/blog.polityka.pl\/szostkiewicz\/2011\/10\/28\/orwell-i-europa\/","title":{"rendered":"Orwell i Europa"},"content":{"rendered":"<p>Wbrew Kasandrom, jest plan i wola ratowania strefy euro.\u00a0 Czy i jak zadzia\u0142a, zobaczymy. Pierwsze reakcje rynk\u00f3w s\u0105 optymistyczne. Ale mnie frapuje co innego. \u017be obecne k\u0142opoty UE ka\u017c\u0105 wr\u00f3ci\u0107 do idei za\u0142o\u017cycielskiej. Jest ni\u0105 wsp\u00f3lnota warto\u015bci, wsp\u00f3lnota polityczna, a nie tylko ekonomiczna.<\/p>\n<p><!--more-->Turbulencje euro o tym przypomnia\u0142y. Czy mo\u017cna mie\u0107 jedn\u0105 walut\u0119, a zarazem siedemna\u015bcie odr\u0119bnych polityk bud\u017cetowych i fiskalnych? Wsp\u00f3lny pieni\u0105dz zach\u0119ca do wsp\u00f3lnego rz\u0105du. Nie tylko ekonomicznego. Tego problemu nie da si\u0119 zagada\u0107 wywodami makro- i mikroekonomicznymi.<\/p>\n<p>Jedno\u015b\u0107 europejska\u00a0 to marzenie powojennej chadecji i lewicy demokratycznej. Przeciekawie pisze o tym polityczny wizjoner Eric Blair, znany w \u015bwiecie jako George Orwell, brytyjski socjalista. W 1947 r. opublikowa\u0142 kr\u00f3tki esej na ten temat: http:\/\/orwell.ru\/library\/articles\/European_Unity\/english\/e_teu.<\/p>\n<p>To by\u0142o zaledwie dwa lata po straszliwej wojnie, osiem lat przed pierwsz\u0105 przymiark\u0105 do europejskiej integracji. Wizjoner mo\u017ce si\u0119 myli\u0107, to mu ujmy nie przynosi. Orwell wyliczy\u0142 cztery przeszkody na drodze do jedno\u015bci Europy: wrogie nastawienie Rosji stalinowskiej, wrogie nastawienie Ameryki, imperializm, Ko\u015bci\u00f3\u0142 katolicki.<\/p>\n<p>Dzi\u015b wiemy, \u017ce projekt europejski jednak si\u0119 zmaterializowa\u0142, w innym kszta\u0142cie i innych okoliczno\u015bciach, ale powsta\u0142. Upad\u0142a Rosja radziecka, upad\u0142 imperializm,\u00a0 Ameryka zach\u0119ca Europ\u0119 do integracji, Ko\u015bci\u00f3\u0142 Powszechny jest za. Orwell ko\u0144czy sw\u00f3j esej pesymistycznie. I oto po ponad 60 latach od jego rozwa\u017ca\u0144 nad Europ\u0105 zn\u00f3w unosi si\u0119 duszny pesymizm. Czas wr\u00f3ci\u0107 do dyskusji o pryncypiach. Do dyskusji politycznej o jedno\u015bci europejskiej. Jakie s\u0105 dzi\u015b g\u0142\u00f3wne przeszkody na jej drodze?<\/p>\n<p>XXXX Mantra Hartmana<br \/>\nDzi\u0119kuj\u0119 prof. Hartmanowi za polemiczn\u0105 odpowied\u017a, skrzy\u017cowali\u015bmy szpady i schowali za siebie. Reszt\u0119 roboty wykonali dyskutanci, kt\u00f3rym tak\u017ce dzi\u0119kuj\u0119. Zw\u0142aszcza tym, kt\u00f3rzy doczytali do ko\u0144ca, a nie ulegli nask\u00f3rkowym emocjom.\u00a0 Krytyka jednej my\u015bli Hartmana nie oznacza odrzucenia problemu \u015bwiecko\u015bci pa\u0144stwa jako centralnego w naszej demokracji. Podobnie krytyka zapowiadanej przez Palikota akcji antykrzy\u017cowej nie oznacza odrzucenia jego programu rewizji stosunk\u00f3w pa\u0144stwo-Ko\u015bci\u00f3\u0142.<\/p>\n","protected":false},"excerpt":{"rendered":"<p>Wbrew Kasandrom, jest plan i wola ratowania strefy euro.\u00a0 Czy i jak zadzia\u0142a, zobaczymy. Pierwsze reakcje rynk\u00f3w s\u0105 optymistyczne. Ale mnie frapuje co innego. \u017be obecne k\u0142opoty UE ka\u017c\u0105 wr\u00f3ci\u0107 do idei za\u0142o\u017cycielskiej. Jest ni\u0105 wsp\u00f3lnota warto\u015bci, wsp\u00f3lnota polityczna, a nie tylko ekonomiczna.<\/p>\n","protected":false},"author":3,"featured_media":0,"comment_status":"open","ping_status":"open","sticky":false,"template":"","format":"standard","meta":{"footnotes":""},"categories":[1],"tags":[],"_links":{"self":[{"href":"https:\/\/blog.polityka.pl\/szostkiewicz\/wp-json\/wp\/v2\/posts\/1104"}],"collection":[{"href":"https:\/\/blog.polityka.pl\/szostkiewicz\/wp-json\/wp\/v2\/posts"}],"about":[{"href":"https:\/\/blog.polityka.pl\/szostkiewicz\/wp-json\/wp\/v2\/types\/post"}],"author":[{"embeddable":true,"href":"https:\/\/blog.polityka.pl\/szostkiewicz\/wp-json\/wp\/v2\/users\/3"}],"replies":[{"embeddable":true,"href":"https:\/\/blog.polityka.pl\/szostkiewicz\/wp-json\/wp\/v2\/comments?post=1104"}],"version-history":[{"count":4,"href":"https:\/\/blog.polityka.pl\/szostkiewicz\/wp-json\/wp\/v2\/posts\/1104\/revisions"}],"predecessor-version":[{"id":1150,"href":"https:\/\/blog.polityka.pl\/szostkiewicz\/wp-json\/wp\/v2\/posts\/1104\/revisions\/1150"}],"wp:attachment":[{"href":"https:\/\/blog.polityka.pl\/szostkiewicz\/wp-json\/wp\/v2\/media?parent=1104"}],"wp:term":[{"taxonomy":"category","embeddable":true,"href":"https:\/\/blog.polityka.pl\/szostkiewicz\/wp-json\/wp\/v2\/categories?post=1104"},{"taxonomy":"post_tag","embeddable":true,"href":"https:\/\/blog.polityka.pl\/szostkiewicz\/wp-json\/wp\/v2\/tags?post=1104"}],"curies":[{"name":"wp","href":"https:\/\/api.w.org\/{rel}","templated":true}]}}