
{"id":11123,"date":"2020-09-29T20:43:03","date_gmt":"2020-09-29T18:43:03","guid":{"rendered":"http:\/\/szostkiewicz.blog.polityka.pl\/?p=11123"},"modified":"2020-09-30T10:25:33","modified_gmt":"2020-09-30T08:25:33","slug":"minister-czarnek-od-lgbt","status":"publish","type":"post","link":"https:\/\/blog.polityka.pl\/szostkiewicz\/2020\/09\/29\/minister-czarnek-od-lgbt\/","title":{"rendered":"Minister Czarnek od LGBT"},"content":{"rendered":"\n<p>Tak si\u0119 bawi &#8222;zjednoczona prawica&#8221;. Na ministra edukacji wystawia cz\u0142owieka, kt\u00f3ry m\u00f3wi publicznie, \u017ce &#8222;ci ludzie nie s\u0105 r\u00f3wni normalnym ludziom&#8221;.  I kt\u00f3ry wcze\u015bniej wr\u0119cza\u0142 nagrody za uchwa\u0142y o strefach wolnych od &#8222;ideologii LGBT&#8221;. Ta nominacja to prowokacja polityczna w stylu os\u0142awionej mantry pisowskiej &#8222;S\u0142ycha\u0107 wycie? Znakomicie!&#8221;. Niech si\u0119 opozycja oburza, niech straszy konsekwencjami dla m\u0142odzie\u017cy, my Czarnka obronimy przed atakami &#8222;lewactwa&#8221;, a Czarnek w ko\u0144cu zrobi porz\u0105dek w o\u015bwiacie.<\/p>\n\n\n\n<!--more-->\n\n\n\n<p>Ale jest jeszcze drugi kandydat na nowego ministra: Micha\u0142 Wo\u015b z politycznej kanapy pana Ziobry. Ma si\u0119 zajmowa\u0107 &#8222;to\u017csamo\u015bci\u0105 europejsk\u0105&#8221; i prawami obywatelskimi. Czyli czym? Ano, spekuluj\u0105 sejmowe kuluary, dawaniem odporu polskiemu i europejskiemu, a jak\u017ce!, &#8222;lewactwu&#8221;. To te\u017c pomys\u0142 prowokacyjny. Bo przecie\u017c to si\u0119 dzieje w momencie og\u0142oszenia listu 50 ambasador\u00f3w akredytowanych w Polsce w obronie r\u00f3wnych praw wszystkich obywateli. I w momencie og\u0142oszenia innego listu: zachodnich prawnik\u00f3w w obronie s\u0119dzi\u00f3w n\u0119kanych w Polsce pod rz\u0105dami PiS za niezgod\u0119 na upolitycznienie wymiaru sprawiedliwo\u015bci.<\/p>\n\n\n\n<p>Adresatk\u0105 <a href=\"https:\/\/oko.press\/polska-opuscila-juz-porzadek-prawny-ue-prawnicy-wzywaja-szefowa-ke-do-dzialania\/\">tego listu<\/a> jest szefowa Komisji Europejskiej. Autorzy apeluj\u0105 do Ursuli von der Leyen: &#8222;Nadszed\u0142 czas, aby pokaza\u0107, \u017ce ma Pani na my\u015bli to, co Pani powiedzia\u0142a, zanim reputacja kierowanej przez Pani\u0105 Komisji zostanie trwale nadszarpni\u0119ta. Nie powinna Pani dopu\u015bci\u0107 do tego, aby pod rz\u0105dami tej w\u0142a\u015bnie Komisji zniszczona zosta\u0142a zasada wzajemnego zaufania. Stanie si\u0119 tak, gdy Komisja zaniecha aktywnej i konstruktywnej obrony rz\u0105d\u00f3w prawa&#8221;.<\/p>\n\n\n\n<p>Co to wszystko znaczy politycznie? Dwie rzeczy: \u017ce pisowskie \u017cerowanie na homofobicznych emocjach pomog\u0142o wygra\u0107 wybory, ale zarazem  wyprodukowa\u0142o w ko\u0144cu powa\u017cny problem nie tylko w Polsce, ale i na skal\u0119 mi\u0119dzynarodow\u0105. Skutki s\u0105 przeliczalne wizerunkowo, dyplomatycznie i finansowo, bo niech si\u0119 obecna w\u0142adza nie \u0142udzi, \u017ce kar za \u0142amanie praworz\u0105dno\u015bci jako\u015b uniknie.<\/p>\n\n\n\n<p>Im wi\u0119cej &#8222;chrze\u015bcija\u0144skiej&#8221; retoryki Morawieckiego, Dudy, Kaczy\u0144skiego i Orb\u00e1na, tym silniejsza b\u0119dzie presja na Bruksel\u0119 ze strony przeciwnik\u00f3w ich polityki. Linia przyj\u0119ta w Polsce Kaczy\u0144skiego i na W\u0119grzech Orb\u00e1na to ustawiczne wywo\u0142ywanie zadra\u017cnie\u0144, napi\u0119\u0107 i konflikt\u00f3w w relacjach z Uni\u0105. Najnowszy przyk\u0142ad to inicjatywa powo\u0142ania jakiego\u015b polsko-w\u0119gierskiego o\u015brodka monitoruj\u0105cego stan praworz\u0105dno\u015bci w UE. Czysty Orwell. Tak samo jak komentarze urz\u0119dnik\u00f3w MSZ, \u017ce w Polsce nic z\u0142ego w kwestii praw cz\u0142owieka, w tym os\u00f3b LGBT, si\u0119 nie dzieje.<\/p>\n\n\n\n<p>Druga rzecz: po co oni to robi\u0105? Czy chc\u0105 przykry\u0107 70 mln Sasina, 80 mld deficytu bud\u017cetowego, covidowy chaos w szpitalach, przychodniach, szko\u0142ach i gospodarce oraz nachodz\u0105ce zaciskanie pasa? Owszem, mo\u017ce tak by\u0107, ale wygl\u0105da na to, \u017ce te konfrontacyjne pomys\u0142y z ministrami Czarnkiem i Wosiem s\u0105 po prostu emanacj\u0105 ich szczerej determinacji ideologicznej.<\/p>\n\n\n\n<p>Nie \u017ceby ich tak naprawd\u0119 cokolwiek obchodzi\u0142y &#8222;warto\u015bci chrze\u015bcija\u0144skie&#8221;, bo to \u015bciema dla &#8222;ciemnego ludu&#8221; wyborczego. Ale po to, \u017ceby bole\u015bnie uderzy\u0107, zrani\u0107 i pokaza\u0107 &#8211; z \u017ca\u0142osnym wsparciem cz\u0119\u015bci biskup\u00f3w KRK &#8211; kto tu rz\u0105dzi i \u017ce im wolno wszystko. Maj\u0105 przecie\u017c ca\u0142y aparat pa\u0144stwowy, wszystkie przywileje i profity w\u0142adzy, a to jest najwa\u017cniejsze.<\/p>\n\n\n\n<p>Niestety, to jest te\u017c skutek wygranej Andrzeja Dudy. Sprawdza si\u0119 czarny scenariusz: poczuli si\u0119 tak pewni siebie, \u017ce rozkr\u0119cili lichy show pod has\u0142em &#8222;trudne rozmowy w sprawie koalicji&#8221;, a cz\u0119\u015b\u0107 medi\u00f3w niepisowskich wzi\u0119\u0142a  ten teatr na serio. Ideologicznie nic si\u0119 nie zmieni\u0142o w obozie w\u0142adzy, oni wszyscy s\u0105 z Czarnkiem, Wosiem i Ziobr\u0105 w korporacyjnej solidarno\u015bci.<\/p>\n","protected":false},"excerpt":{"rendered":"<p>Tak si\u0119 bawi &#8222;zjednoczona prawica&#8221;. Na ministra edukacji wystawia cz\u0142owieka, kt\u00f3ry m\u00f3wi publicznie, \u017ce &#8222;ci ludzie nie s\u0105 r\u00f3wni normalnym ludziom&#8221;. I kt\u00f3ry wcze\u015bniej wr\u0119cza\u0142 nagrody za uchwa\u0142y o strefach wolnych od &#8222;ideologii LGBT&#8221;. Ta nominacja to prowokacja polityczna w stylu os\u0142awionej mantry pisowskiej &#8222;S\u0142ycha\u0107 wycie? Znakomicie!&#8221;. Niech si\u0119 opozycja oburza, niech straszy konsekwencjami dla [&hellip;]<\/p>\n","protected":false},"author":3,"featured_media":11128,"comment_status":"open","ping_status":"closed","sticky":false,"template":"","format":"standard","meta":{"footnotes":""},"categories":[1],"tags":[],"_links":{"self":[{"href":"https:\/\/blog.polityka.pl\/szostkiewicz\/wp-json\/wp\/v2\/posts\/11123"}],"collection":[{"href":"https:\/\/blog.polityka.pl\/szostkiewicz\/wp-json\/wp\/v2\/posts"}],"about":[{"href":"https:\/\/blog.polityka.pl\/szostkiewicz\/wp-json\/wp\/v2\/types\/post"}],"author":[{"embeddable":true,"href":"https:\/\/blog.polityka.pl\/szostkiewicz\/wp-json\/wp\/v2\/users\/3"}],"replies":[{"embeddable":true,"href":"https:\/\/blog.polityka.pl\/szostkiewicz\/wp-json\/wp\/v2\/comments?post=11123"}],"version-history":[{"count":6,"href":"https:\/\/blog.polityka.pl\/szostkiewicz\/wp-json\/wp\/v2\/posts\/11123\/revisions"}],"predecessor-version":[{"id":11131,"href":"https:\/\/blog.polityka.pl\/szostkiewicz\/wp-json\/wp\/v2\/posts\/11123\/revisions\/11131"}],"wp:featuredmedia":[{"embeddable":true,"href":"https:\/\/blog.polityka.pl\/szostkiewicz\/wp-json\/wp\/v2\/media\/11128"}],"wp:attachment":[{"href":"https:\/\/blog.polityka.pl\/szostkiewicz\/wp-json\/wp\/v2\/media?parent=11123"}],"wp:term":[{"taxonomy":"category","embeddable":true,"href":"https:\/\/blog.polityka.pl\/szostkiewicz\/wp-json\/wp\/v2\/categories?post=11123"},{"taxonomy":"post_tag","embeddable":true,"href":"https:\/\/blog.polityka.pl\/szostkiewicz\/wp-json\/wp\/v2\/tags?post=11123"}],"curies":[{"name":"wp","href":"https:\/\/api.w.org\/{rel}","templated":true}]}}