
{"id":1114,"date":"2011-11-06T00:07:23","date_gmt":"2011-11-05T23:07:23","guid":{"rendered":"http:\/\/szostkiewicz.blog.polityka.pl\/?p=1114"},"modified":"2011-11-25T10:00:10","modified_gmt":"2011-11-25T09:00:10","slug":"partia-ziobry","status":"publish","type":"post","link":"https:\/\/blog.polityka.pl\/szostkiewicz\/2011\/11\/06\/partia-ziobry\/","title":{"rendered":"Partia Ziobry"},"content":{"rendered":"<p>Jaka b\u0119dzie partia Ziobry? Bo \u017ce b\u0119dzie, wydaje si\u0119 niemal pewne. Mo\u017ce nawet mie\u0107 klub w nowym sejmie. Wed\u0142ug sonda\u017cu z soboty, mia\u0142aby 9 procent poparcia. Prawie dwa razy wi\u0119cej ni\u017c SLD! Ciekawe. I optymistyczne, bo to oznacza\u0142oby du\u017ce os\u0142abienie PiS, a mo\u017ce nawet gw\u00f3\u017ad\u017a do trumny partii Kaczy\u0144skiego.<\/p>\n<p><!--more-->W wywiadzie dla radiomaryjnego Naszego Dziennika, od kt\u00f3rego zacz\u0105\u0142 si\u0119 dym z ziobrystami, Ziobro wspomnia\u0142 o partii narodowo-katolickiej. Tak\u0105 by pewno chcia\u0142 stworzy\u0107. Narodowo-katolicka? Czyli jaka? Bo PiS te\u017c za tak\u0105 si\u0119 podaje. I tak jest traktowany przez sympatyzuj\u0105c\u0105 z nim cz\u0119\u015b\u0107 Ko\u015bcio\u0142a. Kaczy\u0144ski i Ziobro s\u0105 faworytami Rydzyka. Teraz Rydzyk musi mi\u0119dzy nimi wybiera\u0107.<\/p>\n<p>Tomasz Wo\u0142ek uwa\u017ca, \u017ce Rydzyk kieruje si\u0119 wy\u0142\u0105cznie swoimi interesami, wi\u0119c raczej prezesa nie zdradzi. Mo\u017cliwe, ale mo\u017cliwe tak\u017ce, \u017ce jednak zdradzi, bo dojdzie do wniosku, \u017ce Ziobro ma przysz\u0142o\u015b\u0107, a Kaczy\u0144ski ju\u017c nie.<br \/>\nNieradiomaryjna acz wierna prezesowi prof. Staniszkis te\u017c za\u0142amuje r\u0119ce nad sytuacj\u0105 PiS-u i w PiSie. No to chyba naprawd\u0119 nie jest dobrze. Nie moje zmartwienie. Staniszkis w jednym ma racj\u0119 ? atutem Ziobry jest jego relatywna m\u0142odo\u015b\u0107. Ziobro mo\u017ce czeka\u0107, Kaczy\u0144ski ju\u017c nie.<\/p>\n<p>Na razie nie wiadomo prawie niczego. Czy partia Ziobry faktycznie powstanie, jaki obierze kurs, jakie mia\u0142aby poparcie za miesi\u0105c lub rok (PJN jak pami\u0119tamy te\u017c mia\u0142 zaraz po powstaniu podobny wynik sonda\u017cowy).<br \/>\nPartia Ziobry jest skazana na licytacj\u0119 z PiS-em od prawej flanki. Musi by\u0107 jeszcze bardziej na prawo i musi by\u0107 konfrontacyjna wzgl\u0119dem Kaczy\u0144skiego. Nie widz\u0119 tego, tak jak okaza\u0142o si\u0119 to niemo\u017cliwe w PJN. PiS soft si\u0119 nie sprawdzi\u0142. Co zostaje Ziobrze? Uczy\u0107 si\u0119 j\u0119zyk\u00f3w w Brukseli.<\/p>\n","protected":false},"excerpt":{"rendered":"<p>Jaka b\u0119dzie partia Ziobry? Bo \u017ce b\u0119dzie, wydaje si\u0119 niemal pewne. Mo\u017ce nawet mie\u0107 klub w nowym sejmie. Wed\u0142ug sonda\u017cu z soboty, mia\u0142aby 9 procent poparcia. Prawie dwa razy wi\u0119cej ni\u017c SLD! Ciekawe. I optymistyczne, bo to oznacza\u0142oby du\u017ce os\u0142abienie PiS, a mo\u017ce nawet gw\u00f3\u017ad\u017a do trumny partii Kaczy\u0144skiego.<\/p>\n","protected":false},"author":3,"featured_media":0,"comment_status":"open","ping_status":"open","sticky":false,"template":"","format":"standard","meta":{"footnotes":""},"categories":[1],"tags":[],"_links":{"self":[{"href":"https:\/\/blog.polityka.pl\/szostkiewicz\/wp-json\/wp\/v2\/posts\/1114"}],"collection":[{"href":"https:\/\/blog.polityka.pl\/szostkiewicz\/wp-json\/wp\/v2\/posts"}],"about":[{"href":"https:\/\/blog.polityka.pl\/szostkiewicz\/wp-json\/wp\/v2\/types\/post"}],"author":[{"embeddable":true,"href":"https:\/\/blog.polityka.pl\/szostkiewicz\/wp-json\/wp\/v2\/users\/3"}],"replies":[{"embeddable":true,"href":"https:\/\/blog.polityka.pl\/szostkiewicz\/wp-json\/wp\/v2\/comments?post=1114"}],"version-history":[{"count":3,"href":"https:\/\/blog.polityka.pl\/szostkiewicz\/wp-json\/wp\/v2\/posts\/1114\/revisions"}],"predecessor-version":[{"id":1148,"href":"https:\/\/blog.polityka.pl\/szostkiewicz\/wp-json\/wp\/v2\/posts\/1114\/revisions\/1148"}],"wp:attachment":[{"href":"https:\/\/blog.polityka.pl\/szostkiewicz\/wp-json\/wp\/v2\/media?parent=1114"}],"wp:term":[{"taxonomy":"category","embeddable":true,"href":"https:\/\/blog.polityka.pl\/szostkiewicz\/wp-json\/wp\/v2\/categories?post=1114"},{"taxonomy":"post_tag","embeddable":true,"href":"https:\/\/blog.polityka.pl\/szostkiewicz\/wp-json\/wp\/v2\/tags?post=1114"}],"curies":[{"name":"wp","href":"https:\/\/api.w.org\/{rel}","templated":true}]}}