
{"id":1116,"date":"2011-11-08T20:02:29","date_gmt":"2011-11-08T19:02:29","guid":{"rendered":"http:\/\/szostkiewicz.blog.polityka.pl\/?p=1116"},"modified":"2011-11-25T09:59:56","modified_gmt":"2011-11-25T08:59:56","slug":"bojkot-palikota-tylko-go-wzmocni","status":"publish","type":"post","link":"https:\/\/blog.polityka.pl\/szostkiewicz\/2011\/11\/08\/bojkot-palikota-tylko-go-wzmocni\/","title":{"rendered":"Bojkot Palikota tylko go wzmocni"},"content":{"rendered":"<p>Wanda Nowicka za drugim podej\u015bciem zosta\u0142a wybrana na wicemarsza\u0142ek sejmu. Ulga. Sprawa Nowickiej wystawia z\u0142e \u015bwiadectwo tej cz\u0119\u015bci innych klub\u00f3w sejmowych, kt\u00f3ra g\u0142osowa\u0142a najpierw przeciw. Zw\u0142aszcza w PO.<\/p>\n<p><!--more-->Rysuje si\u0119 w nowym sejmie ponadpartyjny front bojkotu Palikota i jego pos\u0142\u00f3w. Platforma nie powinna przyk\u0142ada\u0107 do tego r\u0119ki. Ruch Palikota nie jest antysystemowy, jak PiS i klub Ziobry. Na bojkot zas\u0142u\u017cy\u0142a sobie antysystemowa prawica, a nie liberalno-demokratyczna formacja Palikota. Palikot liberalnej demokracji nie bojkotuje, a jego has\u0142o laicko\u015bci pa\u0144stwa demokratycznego jest godne poparcia.<\/p>\n<p>Dzie\u0144 inauguracji nowego sejmu mia\u0142 wi\u0119c dobre i fatalne momenty. Dobre przem\u00f3wienie powiedzia\u0142 prezydent. Elegancko zachowa\u0142 si\u0119 po przem\u00f3wieniu Donald Tusk. Bardzo dobrze, \u017ce marsza\u0142ek sejmu zosta\u0142a Ewa Kopacz. I to pomimo serii nies\u0142ychanych smole\u0144skich atak\u00f3w. Je\u015bli PiS wraca w ten spos\u00f3b do Smole\u0144ska, znaczy, \u017ce rozpocz\u0105\u0142 walk\u0119 na \u015bmier\u0107 i \u017cycie z ziobrystami. Ziobry\u015bci chc\u0105 si\u0119 sprzedawa\u0107 jak prawdziwy PiS, Kaczy\u0144ski stara si\u0119 odeprze\u0107 ten atak. Co z tego zrozumie zwyk\u0142y wyborca pisowski, nie moje zmartwienie, ale ten zam\u0119t to kolejna dobra wiadomo\u015b\u0107 polityczna.<\/p>\n<p>No i na deser odrzucenie kandydatury pose\u0142 Kempy w miejsce Wandy Nowickiej. Odrzucona oda Kempy do krzy\u017ca sejmowego i warto\u015bci chrze\u015bcija\u0144skiej\u00a0 to ma\u0142e zwyci\u0119stwo Palikota. Ale te\u017c sygna\u0142, czym chc\u0105 by\u0107 w tym sejmie ziobry\u015bci. B\u0119dzie si\u0119 dzia\u0142o. Kopanie Kopacz Smole\u0144skiem i homilia\u00a0 Kempy to dwa kolejne gole samob\u00f3je prawicy Kaczy\u0144skiego i Ziobry.<\/p>\n","protected":false},"excerpt":{"rendered":"<p>Wanda Nowicka za drugim podej\u015bciem zosta\u0142a wybrana na wicemarsza\u0142ek sejmu. Ulga. Sprawa Nowickiej wystawia z\u0142e \u015bwiadectwo tej cz\u0119\u015bci innych klub\u00f3w sejmowych, kt\u00f3ra g\u0142osowa\u0142a najpierw przeciw. Zw\u0142aszcza w PO.<\/p>\n","protected":false},"author":3,"featured_media":0,"comment_status":"open","ping_status":"open","sticky":false,"template":"","format":"standard","meta":{"footnotes":""},"categories":[1],"tags":[],"_links":{"self":[{"href":"https:\/\/blog.polityka.pl\/szostkiewicz\/wp-json\/wp\/v2\/posts\/1116"}],"collection":[{"href":"https:\/\/blog.polityka.pl\/szostkiewicz\/wp-json\/wp\/v2\/posts"}],"about":[{"href":"https:\/\/blog.polityka.pl\/szostkiewicz\/wp-json\/wp\/v2\/types\/post"}],"author":[{"embeddable":true,"href":"https:\/\/blog.polityka.pl\/szostkiewicz\/wp-json\/wp\/v2\/users\/3"}],"replies":[{"embeddable":true,"href":"https:\/\/blog.polityka.pl\/szostkiewicz\/wp-json\/wp\/v2\/comments?post=1116"}],"version-history":[{"count":2,"href":"https:\/\/blog.polityka.pl\/szostkiewicz\/wp-json\/wp\/v2\/posts\/1116\/revisions"}],"predecessor-version":[{"id":1146,"href":"https:\/\/blog.polityka.pl\/szostkiewicz\/wp-json\/wp\/v2\/posts\/1116\/revisions\/1146"}],"wp:attachment":[{"href":"https:\/\/blog.polityka.pl\/szostkiewicz\/wp-json\/wp\/v2\/media?parent=1116"}],"wp:term":[{"taxonomy":"category","embeddable":true,"href":"https:\/\/blog.polityka.pl\/szostkiewicz\/wp-json\/wp\/v2\/categories?post=1116"},{"taxonomy":"post_tag","embeddable":true,"href":"https:\/\/blog.polityka.pl\/szostkiewicz\/wp-json\/wp\/v2\/tags?post=1116"}],"curies":[{"name":"wp","href":"https:\/\/api.w.org\/{rel}","templated":true}]}}