
{"id":11696,"date":"2021-02-02T18:39:26","date_gmt":"2021-02-02T17:39:26","guid":{"rendered":"http:\/\/szostkiewicz.blog.polityka.pl\/?p=11696"},"modified":"2021-02-02T20:34:30","modified_gmt":"2021-02-02T19:34:30","slug":"w-rosji-maja-dosc-putina","status":"publish","type":"post","link":"https:\/\/blog.polityka.pl\/szostkiewicz\/2021\/02\/02\/w-rosji-maja-dosc-putina\/","title":{"rendered":"W Rosji maj\u0105 do\u015b\u0107 Putina"},"content":{"rendered":"\n<p>Aleksiej Nawalny w nagrod\u0119 za powr\u00f3t do ojczyzny zosta\u0142 skazany na dwa i p\u00f3\u0142 roku wi\u0119zienia. Jego imponuj\u0105ca odwaga cywilna wyprowadza na ulice rosyjskich miast setki tysi\u0119cy ludzi. Skanduj\u0105: &#8222;Putin wor!&#8221;, machaj\u0105 klozetowymi szczotkami. We wtorek zebrali si\u0119 pod s\u0105dem, cho\u0107 wiedzieli, \u017ce policja zaraz ich rozp\u0119dzi, a niekt\u00f3rych zatrzyma. Teraz to g\u0142\u00f3wnie od nich zale\u017cy dalszy los ich bohatera.<\/p>\n\n\n\n<!--more-->\n\n\n\n<p>Tysi\u0105ce to nie miliony, ale to te\u017c wielka si\u0142a, bo nie boj\u0105 si\u0119 brutalnych interwencji policji i szykan. Dzi\u0119ki nim dyktatorska w\u0142adza nie mo\u017ce si\u0119 \u0142udzi\u0107, \u017ce ma masowe i bezwarunkowe poparcie. To w\u0142a\u015bnie ta &#8222;si\u0142a bezsilnych&#8221;, o kt\u00f3rej za komunizmu pisa\u0142 czeski dysydent Vaclav Havel. Wcze\u015bniej wielokrotnie wi\u0119ziony, po aksamitnej rewolucji zosta\u0142 prezydentem Czechos\u0142owacji. Gdy siedzia\u0142, opozycja by\u0142a aktywna, rzesze obywateli mniej. Ale bywaj\u0105 w historii takie chwile, \u017ce jeden cz\u0142owiek lub niewielka grupa wystarczy, aby zmieni\u0107 bieg wydarze\u0144.<\/p>\n\n\n\n<p>Je\u015bli Nawalny nie zgnije w wi\u0119zieniu lub nie zostanie tym razem skutecznie otruty, mo\u017ce kiedy\u015b zosta\u0107 prezydentem Rosji. Eksperci zachodni i rosyjscy w to <a href=\"https:\/\/www.atlanticcouncil.org\/blogs\/ukrainealert\/navalny-vs-putin-what-next\/\">raczej nie wierz\u0105<\/a>, ale czy kto\u015b z nich przewidzia\u0142 upadek bloku radzieckiego, &#8222;kolorowe&#8221; rewolucje czy masowe protesty Bia\u0142orusin\u00f3w?<\/p>\n\n\n\n<p>Nawalny ma za sob\u0105 d\u0142ugie lata aktywno\u015bci opozycyjnej. Dawniej umiarkowany nacjonalista, dzi\u015b lider obywatelski pi\u0119tnuj\u0105cy korupcj\u0119 putinowskich elit politycznych i biznesowych. <a href=\"http:\/\/www.o2.pl\/film\/palac-putina-zniknal-z-rosyjskich-map-film-o-jego-istnieniu-bije-rekordy-popularnosci-6602378538830720a\">Pokaza\u0142 Rosjanom<\/a>, w jakich luksusach (szczotka klozetowa za kilkaset dolar\u00f3w) p\u0142awi si\u0119 rosyjska oligarchia).<\/p>\n\n\n\n<p>I to robi dzi\u015b w Rosji wi\u0119ksze wra\u017cenie ni\u017c s\u0142uszne i potrzebne, ale niemaj\u0105ce takiej si\u0142y przebicia do narodu protesty w obronie demokracji i praw cz\u0142owieka. Pa\u0142ac w Gelend\u017cyku sta\u0142 si\u0119 symbolem gigantycznej nier\u00f3wno\u015bci spo\u0142ecznej pod rz\u0105dami (ju\u017c 20 lat! &#8211; a chce rz\u0105dzi\u0107 kolejne d\u0142ugie lata) Putina. Po upadku ZSSR i bloku sowieckiego nier\u00f3wno\u015bci nie znikn\u0119\u0142y, ale nawet w Rosji przeci\u0119tny poziom \u017cycia i dobrostan obywateli si\u0119 podni\u00f3s\u0142. Po raz pierwszy od bolszewickiego zamachu stanu pod wodz\u0105 Lenina zwykli Rosjanie mogli si\u0119 dorabia\u0107, je\u017adzi\u0107 po \u015bwiecie, pracowa\u0107 i osiedla\u0107 si\u0119 na Zachodzie.<\/p>\n\n\n\n<p>Technologiczna rewolucja cyfrowa da\u0142a im mo\u017cliwo\u015b\u0107 wzgl\u0119dnie swobodnego komunikowania si\u0119 mi\u0119dzy sob\u0105 niezale\u017cnie od rz\u0105dowej propagandy. Nawalny potrafi te wszystkie zmiany wykorzysta\u0107 w swojej m\u0119\u017cnej, niemal heroicznej walce z patologiami systemu Putina.<\/p>\n\n\n\n<p>W systemach wodzowskich wszystko staje si\u0119 polityk\u0105. Najdrobniejszy publiczny przejaw oporu czy buntu niesie ryzyko prze\u015bladowa\u0144. <a href=\"http:\/\/ferl.org\/a\/a-new-level-of-brutality-how-russian-police-dealt-with-the-latest-mass-protests\/31080705.html\">Interwencje policji rosyjskiej<\/a> kojarz\u0105 si\u0119 w Polsce z interwencjami naszej policji. To samo dotyczy propagandy rz\u0105dowej, kt\u00f3ra si\u0119ga po te same chwyty maj\u0105ce protesty dyskredytowa\u0107: to niby tylko chuligani i prowokatorzy, a mo\u017ce i obca pi\u0105ta kolumna.<\/p>\n\n\n\n<p>Ale te metody zarz\u0105dzania kryzysem przez nieudolnie rz\u0105dz\u0105cych przestaj\u0105 dzia\u0142a\u0107. W Polsce i Rosji mamy t\u0119 sam\u0105 zmian\u0119 klimatu spo\u0142ecznego: ludzie maj\u0105 do\u015b\u0107. St\u0105d rosn\u0105cy niepok\u00f3j rz\u0105dz\u0105cych i przykr\u0119canie \u015bruby. Nie wiemy, czy Nawalny prze\u017cyje i czy jego zwolennicy wytrwaj\u0105 w protestach. Nie chodzi im tylko o Nawalnego, ale przede wszystkim o wolno\u015b\u0107. I dlatego ci &#8222;przyjaciele Moskale&#8221; zas\u0142uguj\u0105 na podziw.<\/p>\n","protected":false},"excerpt":{"rendered":"<p>Aleksiej Nawalny w nagrod\u0119 za powr\u00f3t do ojczyzny zosta\u0142 skazany na dwa i p\u00f3\u0142 roku wi\u0119zienia. Jego imponuj\u0105ca odwaga cywilna wyprowadza na ulice rosyjskich miast setki tysi\u0119cy ludzi. Skanduj\u0105: &#8222;Putin wor!&#8221;, machaj\u0105 klozetowymi szczotkami. We wtorek zebrali si\u0119 pod s\u0105dem, cho\u0107 wiedzieli, \u017ce policja zaraz ich rozp\u0119dzi, a niekt\u00f3rych zatrzyma. Teraz to g\u0142\u00f3wnie od nich [&hellip;]<\/p>\n","protected":false},"author":3,"featured_media":7303,"comment_status":"open","ping_status":"closed","sticky":false,"template":"","format":"standard","meta":{"footnotes":""},"categories":[1],"tags":[],"_links":{"self":[{"href":"https:\/\/blog.polityka.pl\/szostkiewicz\/wp-json\/wp\/v2\/posts\/11696"}],"collection":[{"href":"https:\/\/blog.polityka.pl\/szostkiewicz\/wp-json\/wp\/v2\/posts"}],"about":[{"href":"https:\/\/blog.polityka.pl\/szostkiewicz\/wp-json\/wp\/v2\/types\/post"}],"author":[{"embeddable":true,"href":"https:\/\/blog.polityka.pl\/szostkiewicz\/wp-json\/wp\/v2\/users\/3"}],"replies":[{"embeddable":true,"href":"https:\/\/blog.polityka.pl\/szostkiewicz\/wp-json\/wp\/v2\/comments?post=11696"}],"version-history":[{"count":3,"href":"https:\/\/blog.polityka.pl\/szostkiewicz\/wp-json\/wp\/v2\/posts\/11696\/revisions"}],"predecessor-version":[{"id":11700,"href":"https:\/\/blog.polityka.pl\/szostkiewicz\/wp-json\/wp\/v2\/posts\/11696\/revisions\/11700"}],"wp:featuredmedia":[{"embeddable":true,"href":"https:\/\/blog.polityka.pl\/szostkiewicz\/wp-json\/wp\/v2\/media\/7303"}],"wp:attachment":[{"href":"https:\/\/blog.polityka.pl\/szostkiewicz\/wp-json\/wp\/v2\/media?parent=11696"}],"wp:term":[{"taxonomy":"category","embeddable":true,"href":"https:\/\/blog.polityka.pl\/szostkiewicz\/wp-json\/wp\/v2\/categories?post=11696"},{"taxonomy":"post_tag","embeddable":true,"href":"https:\/\/blog.polityka.pl\/szostkiewicz\/wp-json\/wp\/v2\/tags?post=11696"}],"curies":[{"name":"wp","href":"https:\/\/api.w.org\/{rel}","templated":true}]}}