
{"id":12016,"date":"2021-04-22T23:52:01","date_gmt":"2021-04-22T21:52:01","guid":{"rendered":"http:\/\/szostkiewicz.blog.polityka.pl\/?p=12016"},"modified":"2021-04-23T00:24:26","modified_gmt":"2021-04-22T22:24:26","slug":"tuleya-gora","status":"publish","type":"post","link":"https:\/\/blog.polityka.pl\/szostkiewicz\/2021\/04\/22\/tuleya-gora\/","title":{"rendered":"Tuleya g\u00f3r\u0105!"},"content":{"rendered":"\n<p>Obywatele, s\u0119dziowie i wolne media wybroni\u0142y s\u0119dziego Igora Tuley\u0119. Szykowano mu upokorzenie, mia\u0142 by\u0107 doprowadzony si\u0142\u0105 przed tzw. Izb\u0119 Dyscyplinarn\u0105, ale wniosek prokuratury zosta\u0142 przez ni\u0105 oddalony. To sukces s\u0119dziego, jego obro\u0144c\u00f3w prawnych i wspieraj\u0105cych go obywateli. Zamiast Tulei upokorzenia zazna\u0142a prokuratura Ziobry. Ale zwyci\u0119stwo prawa i sprawiedliwo\u015bci b\u0119dzie dopiero wtedy pe\u0142ne, gdy s\u0119dzia Tuleya wr\u00f3ci do pracy, a jego krzywda zostanie wyr\u00f3wnana.<\/p>\n\n\n\n<!--more-->\n\n\n\n<p>R\u00f3\u017cnie mo\u017cna patrze\u0107 na posuni\u0119cie Izby Dyscyplinarnej. Propaganda rz\u0105dowa b\u0119dzie j\u0105 dyskontowa\u0142a na korzy\u015b\u0107 tego gremium. Jest ono postrzegane jako cia\u0142o obce w S\u0105dzie Najwy\u017cszym. Pozosta\u0142e izby SN wyda\u0142y w tej sprawie uchwa\u0142\u0119. Prawnicy niezale\u017cni, w Polsce i w Europie, uwa\u017caj\u0105 ID za nieumocowan\u0105 w prawie.<\/p>\n\n\n\n<p>Powstaj\u0105 pytania: czy decyzja w sprawie Tulei, cho\u0107 s\u0142uszna, ma warto\u015b\u0107 prawn\u0105? I czy nie jest ona zabiegiem autopromocyjnym maj\u0105cym dowodzi\u0107, \u017ce Izba jest niezale\u017cna od nacisk\u00f3w politycznych? Bo przecie\u017c sam s\u0119dzia Tuleya m\u00f3wi\u0142 mediom jeszcze w czwartek wieczorem, \u017ce werdykt w jego sprawie zosta\u0142 ustalony poza gmachem S\u0105du Najwy\u017cszego. I bach! Prokuratura odes\u0142ana z kwitkiem \u2013 prosz\u0119, jest niezale\u017cno\u015b\u0107 i praworz\u0105dno\u015b\u0107 w Izbie Dyscyplinarnej!<\/p>\n\n\n\n<p>Ale to nie rujnuje tezy Tulei: decyzja mog\u0142a by\u0107 podj\u0119ta poza ID. Inna ni\u017c si\u0119 spodziewano, ale w\u0142a\u015bnie pod naciskiem obywatelskim niezale\u017cnej opinii publicznej. Skalkulowano, \u017ce w obecnej sytuacji politycznej nie op\u0142aca si\u0119 ostentacyjnie n\u0119ka\u0107 s\u0119dziego Tulei, bo wi\u0119cej z tego b\u0119dzie dla obecnej w\u0142adzy k\u0142opot\u00f3w ni\u017c korzy\u015bci. A przy okazji mo\u017cna b\u0119dzie poprawi\u0107 fatalny wizerunek Izby Dyscyplinarnej.<\/p>\n\n\n\n<p>Cieszymy si\u0119 wraz z s\u0119dzi\u0105 Tuley\u0105, lecz rado\u015b\u0107 nie powinna nam przys\u0142ania\u0107 szerszego obrazu: S\u0105d Najwy\u017cszy obstawiony policj\u0105. Trybuna\u0142 Konstytucyjny Przy\u0142\u0119bskiej obstawiony policj\u0105. Ministerstwo o\u015bwiaty Czarnka obstawione policj\u0105. Sejm obstawiony policj\u0105. Willa Kaczy\u0144skiego obstawiona policj\u0105. Pa\u0144stwo pisowskie za kordonem policji. Policja chroni to pa\u0144stwo przed jego obywatelami. Traktuje protestuj\u0105cych jak przest\u0119pc\u00f3w.<\/p>\n\n\n\n<p>Sze\u015b\u0107dziesi\u0119cioletni\u0105 kobiet\u0119 doprowadza przed s\u0105d 24-godzinny, otacza kordonem dwie siedz\u0105ce pod s\u0105dem dziewczyny, inn\u0105 dziewczyn\u0119 bije pa\u0142k\u0105 funkcjonariusz bez \u017cadnego powodu. Pa\u0144stwo, kt\u00f3re chroni si\u0119 za kordonem policji przed pokojowymi protestami obywateli. Do tego doszli\u015bmy w sz\u00f3stym roku rz\u0105d\u00f3w &#8222;zjednoczonej prawicy&#8221;. S\u0119dziemu Tulei nie grozi policyjna przemoc, ale prze\u0142om przyjdzie, gdy nie b\u0119dzie grozi\u0142a \u017cadnemu pokojowo protestuj\u0105cemu obywatelowi Rzeczpospolitej.<\/p>\n","protected":false},"excerpt":{"rendered":"<p>Obywatele, s\u0119dziowie i wolne media wybroni\u0142y s\u0119dziego Igora Tuley\u0119. Szykowano mu upokorzenie, mia\u0142 by\u0107 doprowadzony si\u0142\u0105 przed tzw. Izb\u0119 Dyscyplinarn\u0105, ale wniosek prokuratury zosta\u0142 przez ni\u0105 oddalony. To sukces s\u0119dziego, jego obro\u0144c\u00f3w prawnych i wspieraj\u0105cych go obywateli. Zamiast Tulei upokorzenia zazna\u0142a prokuratura Ziobry. Ale zwyci\u0119stwo prawa i sprawiedliwo\u015bci b\u0119dzie dopiero wtedy pe\u0142ne, gdy s\u0119dzia Tuleya [&hellip;]<\/p>\n","protected":false},"author":3,"featured_media":12018,"comment_status":"open","ping_status":"closed","sticky":false,"template":"","format":"standard","meta":{"footnotes":""},"categories":[1],"tags":[],"_links":{"self":[{"href":"https:\/\/blog.polityka.pl\/szostkiewicz\/wp-json\/wp\/v2\/posts\/12016"}],"collection":[{"href":"https:\/\/blog.polityka.pl\/szostkiewicz\/wp-json\/wp\/v2\/posts"}],"about":[{"href":"https:\/\/blog.polityka.pl\/szostkiewicz\/wp-json\/wp\/v2\/types\/post"}],"author":[{"embeddable":true,"href":"https:\/\/blog.polityka.pl\/szostkiewicz\/wp-json\/wp\/v2\/users\/3"}],"replies":[{"embeddable":true,"href":"https:\/\/blog.polityka.pl\/szostkiewicz\/wp-json\/wp\/v2\/comments?post=12016"}],"version-history":[{"count":2,"href":"https:\/\/blog.polityka.pl\/szostkiewicz\/wp-json\/wp\/v2\/posts\/12016\/revisions"}],"predecessor-version":[{"id":12019,"href":"https:\/\/blog.polityka.pl\/szostkiewicz\/wp-json\/wp\/v2\/posts\/12016\/revisions\/12019"}],"wp:featuredmedia":[{"embeddable":true,"href":"https:\/\/blog.polityka.pl\/szostkiewicz\/wp-json\/wp\/v2\/media\/12018"}],"wp:attachment":[{"href":"https:\/\/blog.polityka.pl\/szostkiewicz\/wp-json\/wp\/v2\/media?parent=12016"}],"wp:term":[{"taxonomy":"category","embeddable":true,"href":"https:\/\/blog.polityka.pl\/szostkiewicz\/wp-json\/wp\/v2\/categories?post=12016"},{"taxonomy":"post_tag","embeddable":true,"href":"https:\/\/blog.polityka.pl\/szostkiewicz\/wp-json\/wp\/v2\/tags?post=12016"}],"curies":[{"name":"wp","href":"https:\/\/api.w.org\/{rel}","templated":true}]}}