
{"id":12565,"date":"2021-10-25T21:43:49","date_gmt":"2021-10-25T19:43:49","guid":{"rendered":"http:\/\/szostkiewicz.blog.polityka.pl\/?p=12565"},"modified":"2021-10-25T22:09:42","modified_gmt":"2021-10-25T20:09:42","slug":"czy-tusk-dogoni-kroliczka","status":"publish","type":"post","link":"https:\/\/blog.polityka.pl\/szostkiewicz\/2021\/10\/25\/czy-tusk-dogoni-kroliczka\/","title":{"rendered":"Czy Tusk dogoni kr\u00f3liczka?"},"content":{"rendered":"\n<p>Najwi\u0119ksza partia demokratyczna wybra\u0142a demokratycznie, cho\u0107 bez kontrkandydat\u00f3w, Donalda Tuska na przewodnicz\u0105cego. Przy okazji dowiedzieli\u015bmy si\u0119, \u017ce PO stopnia\u0142a o po\u0142ow\u0119, ma znacznie poni\u017cej 20 tys. os\u00f3b aktywnych, podczas gdy PiS ma ich dobrze ponad 40 tys. Platforma tak\u0105 liczb\u0105 aktywist\u00f3w mog\u0142a si\u0119 cieszy\u0107 w swej z\u0142otej epoce przed odej\u015bciem Tuska do polityki unijnej. By\u0142a wtedy parti\u0105 w\u0142adzy, dzi\u015b jest ni\u0105 PiS.<\/p>\n\n\n\n<!--more-->\n\n\n\n<p>Partia Kaczy\u0144skiego z przystawk\u0105 Ziobry ma rz\u0105d, prezydenta, szanse na trzeci\u0105 kadencj\u0119, co dot\u0105d nie uda\u0142o si\u0119 nikomu po 1989 r. No to niekt\u00f3rzy ludzie si\u0119 garn\u0105 do &#8222;zjednoczonej prawicy&#8221;. Licz\u0105 na kariery, dobre zarobki i nimb patriotyczny. Konfederaci i reszt\u00f3wka Gowina tego im zaoferowa\u0107 nie mo\u017ce. Gowin wypad\u0142 z gry, ju\u017c coraz rzadziej media pytaj\u0105 go o opini\u0119, chodz\u0105 s\u0142uchy, \u017ce przygarnie go Kosiniak-Kamysz. Za to konfederaci mog\u0105 mie\u0107 przysz\u0142o\u015b\u0107 polityczn\u0105, gdyby dogadali si\u0119 z Kaczy\u0144skim. Taka wi\u0119kszo\u015b\u0107 sejmowa by\u0142aby jeszcze bardziej prawicowa i niech\u0119tna Unii ni\u017c obecna. Jest si\u0119 czym niepokoi\u0107.<\/p>\n\n\n\n<p>W takiej sytuacji Tusk przejmuje formalnie stery Platformy. Jego w wewn\u0119trznych wyborach mia\u017cd\u017c\u0105ce zwyci\u0119stwo nie zaskakuje, bo kto, je\u015bli nie on? Jednak s\u0105 &#8222;plusy ujemne&#8221;. Bo jednocze\u015bnie Platforma wybiera\u0142a lider\u00f3w regionalnych. Dwoje kandydat\u00f3w z poparciem Tuska, w tym Agnieszka Pomaska, przegra\u0142o rywalizacj\u0119. Tr\u00f3jka kandydat\u00f3w wspartych przez Trzaskowskiego te\u017c odpad\u0142a. \u017badna kobieta nie zosta\u0142a wybrana na szefow\u0105 regionu. S\u0105 szanse, \u017ce kobiety znajd\u0105 si\u0119 w prezydium Platformy, ale te wybory jeszcze przed nami. Na razie wizerunkowo nie wysz\u0142o najlepiej: &#8222;silny Tusk w s\u0142abowitej Platformie&#8221;. A politycznie?<\/p>\n\n\n\n<p>Platforma pod przewodem Tuska stawia na centrum. Ale gdzie ono dzi\u015b jest w polskiej polityce? Jak Tusk je definiuje? Od tego zale\u017cy powodzenie jego linii. Wiemy, \u017ce u jego boku zn\u00f3w pierwsze skrzypce gra Igor Ostachowicz. Wr\u00f3ci\u0142 do doradzania liderom PO przed powrotem Tuska do polityki krajowej. Ma do\u015bwiadczenie, ale jakie ma pomys\u0142y? Platforma nie ma dzi\u015b takiego politycznego <em>sex appealu<\/em> jak w pocz\u0105tkach swego istnienia. Ma przeciw sobie nie tylko ob\u00f3z Kaczy\u0144skiego, ale tak\u017ce konfederat\u00f3w i cz\u0119\u015b\u0107 lewicy, a ludowcy i Ho\u0142ownia klucz\u0105. To skutkuje rozproszeniem prodemokratycznego elektoratu.<\/p>\n\n\n\n<p>Polityka polska nie do\u015b\u0107, \u017ce naznaczona wzajemn\u0105 nieufno\u015bci\u0105, a nawet nienawi\u015bci\u0105, nie jest dzi\u015b w stanie wypracowa\u0107 jakiegokolwiek konsensu, np. w kwestiach polityki zagranicznej czy finans\u00f3w publicznych. Podobnie z polityk\u0105 energetyczn\u0105 czy klimatyczn\u0105. A co dopiero w tak wydawa\u0142oby si\u0119 prostej sprawie jak kryzys humanitarny na wschodniej rubie\u017cy czy zaszczepienie bezpiecznej wi\u0119kszo\u015bci spo\u0142ecze\u0144stwa przed covidem.<\/p>\n\n\n\n<p>Wi\u0119c gdzie to centrum? Niestety, kurczy si\u0119, zamienia w znikaj\u0105cy punkt, kt\u00f3ry ucieka przed politykami umiarkowanymi, niech\u0119tnymi radykalnym podzia\u0142om. Znikaj\u0105ce centrum to efekt polityki prawicowej. Nastawiona jest ona na radykalizacj\u0119, czyli eliminacj\u0119 si\u0142 centrowych. Gdy rz\u0105dz\u0105 radyka\u0142owie, w spo\u0142ecze\u0144stwie ro\u015bnie niech\u0119\u0107 do polityki umiarkowanej, szukaj\u0105cej kompromisu, unikaj\u0105cej konfrontacji.<\/p>\n\n\n\n<p>Lewicy nie podoba si\u0119 kapitalizm, prawica chce wi\u0119cej kapitalizmu. Liberalne centrum chce pozostania Polski w UE i ochrony praw cz\u0142owieka, prawica chce polexitu i gardzi &#8222;jakimi\u015b tam prawami cz\u0142owieka&#8221;. W efekcie wyt\u0119sknione centrum si\u0119 kurczy lub przesuwa na prawo, bo ulega zmasowanej propagandzie rz\u0105dowej i ko\u015bcielnej. Trudne zadanie staje wi\u0119c przed Donaldem: \u015bciganie kr\u00f3liczka. Ale po to, by go dogoni\u0107, a nie tylko \u015bciga\u0107.<\/p>\n","protected":false},"excerpt":{"rendered":"<p>Najwi\u0119ksza partia demokratyczna wybra\u0142a demokratycznie, cho\u0107 bez kontrkandydat\u00f3w, Donalda Tuska na przewodnicz\u0105cego. Przy okazji dowiedzieli\u015bmy si\u0119, \u017ce PO stopnia\u0142a o po\u0142ow\u0119, ma znacznie poni\u017cej 20 tys. os\u00f3b aktywnych, podczas gdy PiS ma ich dobrze ponad 40 tys. Platforma tak\u0105 liczb\u0105 aktywist\u00f3w mog\u0142a si\u0119 cieszy\u0107 w swej z\u0142otej epoce przed odej\u015bciem Tuska do polityki unijnej. By\u0142a [&hellip;]<\/p>\n","protected":false},"author":3,"featured_media":12567,"comment_status":"open","ping_status":"closed","sticky":false,"template":"","format":"standard","meta":{"footnotes":""},"categories":[1],"tags":[],"_links":{"self":[{"href":"https:\/\/blog.polityka.pl\/szostkiewicz\/wp-json\/wp\/v2\/posts\/12565"}],"collection":[{"href":"https:\/\/blog.polityka.pl\/szostkiewicz\/wp-json\/wp\/v2\/posts"}],"about":[{"href":"https:\/\/blog.polityka.pl\/szostkiewicz\/wp-json\/wp\/v2\/types\/post"}],"author":[{"embeddable":true,"href":"https:\/\/blog.polityka.pl\/szostkiewicz\/wp-json\/wp\/v2\/users\/3"}],"replies":[{"embeddable":true,"href":"https:\/\/blog.polityka.pl\/szostkiewicz\/wp-json\/wp\/v2\/comments?post=12565"}],"version-history":[{"count":2,"href":"https:\/\/blog.polityka.pl\/szostkiewicz\/wp-json\/wp\/v2\/posts\/12565\/revisions"}],"predecessor-version":[{"id":12568,"href":"https:\/\/blog.polityka.pl\/szostkiewicz\/wp-json\/wp\/v2\/posts\/12565\/revisions\/12568"}],"wp:featuredmedia":[{"embeddable":true,"href":"https:\/\/blog.polityka.pl\/szostkiewicz\/wp-json\/wp\/v2\/media\/12567"}],"wp:attachment":[{"href":"https:\/\/blog.polityka.pl\/szostkiewicz\/wp-json\/wp\/v2\/media?parent=12565"}],"wp:term":[{"taxonomy":"category","embeddable":true,"href":"https:\/\/blog.polityka.pl\/szostkiewicz\/wp-json\/wp\/v2\/categories?post=12565"},{"taxonomy":"post_tag","embeddable":true,"href":"https:\/\/blog.polityka.pl\/szostkiewicz\/wp-json\/wp\/v2\/tags?post=12565"}],"curies":[{"name":"wp","href":"https:\/\/api.w.org\/{rel}","templated":true}]}}