
{"id":1295,"date":"2012-02-03T23:55:42","date_gmt":"2012-02-03T22:55:42","guid":{"rendered":"http:\/\/szostkiewicz.blog.polityka.pl\/?p=1295"},"modified":"2012-02-03T23:59:53","modified_gmt":"2012-02-03T22:59:53","slug":"dosolic-scejntologom","status":"publish","type":"post","link":"https:\/\/blog.polityka.pl\/szostkiewicz\/2012\/02\/03\/dosolic-scejntologom\/","title":{"rendered":"Dosoli\u0107 scejntologom"},"content":{"rendered":"<p><!--more-->Francuski\u00a0 s\u0105d skaza\u0142 Ko\u015bci\u00f3\u0142 scjentolog\u00f3w (KS) na 600 tysi\u0119cy euro grzywny za domniemane przekr\u0119ty finansowe. Nad dol\u0105 scjentolog\u00f3w nie p\u0142acz\u0119, ale sprawa jest bardziej skomplikowana.<!--more--><\/p>\n<p>\u00a0<br \/>\nNie przekonuje mnie kampania zwolennik\u00f3w scjentologii, \u017ce dzieje si\u0119 im krzywda, a przecie\u017c w demokracji gwarantowana jest wolno\u015b\u0107 religii, wyznania i sumienia. Scjentolodzy to w najlepszym razie ruch samorozwoju, a w najgorszym sekta, ale nie ,,religia&#8221;. Zatem argument, \u017ce s\u0105 we Francji przedmiotem religijnych prze\u015bladowa\u0144, mnie nie przekonuje. Zgromadzone dowody przekonuj\u0105 raczej, \u017ce ta ,,religia&#8221; s\u0142u\u017cy do robienia ci\u0119\u017ckich pieni\u0119dzy na ludziach wci\u0105gni\u0119tych w tryby tego ,,Ko\u015bcio\u0142a&#8221; i traktowanych jak darmowa si\u0142a robocza.\u00a0<br \/>\nAle z drugiej strony w USA\u00a0 i niekt\u00f3rych innych krajach KS dzia\u0142a legalnie i cz\u0119sto wygrywa procesy wytaczane mu przez by\u0142ych cz\u0142onk\u00f3w. Jest te\u017c inny problem: czy pa\u0144stwo mo\u017ce ignorowa\u0107 fakt, \u017ce jaka\u015b grupa ludzi, zrzeszaj\u0105cych si\u0119 dobrowolnie i zgadzaj\u0105cych si\u0119 na zasady kieruj\u0105ce takim zrzeszeniem, podaje si\u0119 za religi\u0119 czy Ko\u015bci\u00f3\u0142 albo &#8211; jak u nas w Polsce w przypadku niekt\u00f3rych mieszka\u0144c\u00f3w \u015al\u0105ska &#8211; za mniejszo\u015b\u0107 narodow\u0105 czy etniczn\u0105? W liberalnej demokracji raczej nie mo\u017ce.<br \/>\nObywatele mog\u0105 sobie wierzy\u0107 w co chc\u0105 i uwa\u017ca\u0107 siebie za co chc\u0105, nawet za potomk\u00f3w Marsjan, byle nie \u0142amali prawa. Laicka Francja nie lubi takich ,,Ko\u015bcio\u0142\u00f3w&#8221; jak scjentolodzy i od dawna je pilnie obserwuje, by wytropi\u0107 ewentualne nadu\u017cycia finansowe, seksualne itp. w takich zamkni\u0119tych spo\u0142eczno\u015bciach.<\/p>\n<p>Tylko \u017ce pod pozorem zwalczania ,,sekt&#8221; zwalcza si\u0119 czasem duchowy pluralizm. Prawda, \u017ce s\u0105 sekty naprawd\u0119 szkodliwe, wr\u0119cz kryminalne, ale to znikomy procent nowych ruch\u00f3w religijnych czy parareligijnych.\u00a0\u00a0\u00a0<\/p>\n<p>Wi\u0119c\u00a0 gdzie jest granica mi\u0119dzy takim monitorowaniem a pa\u0144stwem policyjnym? Monitorowanie -tak, d\u0142awienie swobody poszukiwa\u0144 duchowych i samoorganizowania si\u0119 w tej dziedzinie &#8211; nie. Tak to widz\u0119. I nie wykluczam, \u017ce Europejski Trybuna\u0142 Praw Cz\u0142owieka przyjmie skargi scjentolog\u00f3w z Francji i \u017ce przyzna im w jakim\u015b stopniu racj\u0119.<br \/>\nXXXX Prawybory<br \/>\nSzkoda, \u017ce dyskusja, kt\u00f3ra si\u0119 ciekawie rozwija\u0142a, posz\u0142a w ko\u0144cu w limeryki (niekt\u00f3re ca\u0142kiem zgrabne \ud83d\ude42 ). Ryba25 &#8211; dzi\u0119ki za lektur\u0119 MK; ,,Roman&#8221; jako\u015b tam\u00a0nie dotar\u0142. Jacobsky &#8211; oczywi\u015bcie, \u017ce kasa to sedno sprawy, ale nie tylko. I nawet nie chodzi o dominuj\u0105cy, ,,wodzowski&#8221; model naszych partii politycznych, lecz tak\u017ce sto\u0142eczno- centryczno\u015b\u0107 naszej polityki, kultury i medi\u00f3w.<\/p>\n","protected":false},"excerpt":{"rendered":"","protected":false},"author":3,"featured_media":0,"comment_status":"open","ping_status":"open","sticky":false,"template":"","format":"standard","meta":{"footnotes":""},"categories":[1],"tags":[],"_links":{"self":[{"href":"https:\/\/blog.polityka.pl\/szostkiewicz\/wp-json\/wp\/v2\/posts\/1295"}],"collection":[{"href":"https:\/\/blog.polityka.pl\/szostkiewicz\/wp-json\/wp\/v2\/posts"}],"about":[{"href":"https:\/\/blog.polityka.pl\/szostkiewicz\/wp-json\/wp\/v2\/types\/post"}],"author":[{"embeddable":true,"href":"https:\/\/blog.polityka.pl\/szostkiewicz\/wp-json\/wp\/v2\/users\/3"}],"replies":[{"embeddable":true,"href":"https:\/\/blog.polityka.pl\/szostkiewicz\/wp-json\/wp\/v2\/comments?post=1295"}],"version-history":[{"count":3,"href":"https:\/\/blog.polityka.pl\/szostkiewicz\/wp-json\/wp\/v2\/posts\/1295\/revisions"}],"predecessor-version":[{"id":1297,"href":"https:\/\/blog.polityka.pl\/szostkiewicz\/wp-json\/wp\/v2\/posts\/1295\/revisions\/1297"}],"wp:attachment":[{"href":"https:\/\/blog.polityka.pl\/szostkiewicz\/wp-json\/wp\/v2\/media?parent=1295"}],"wp:term":[{"taxonomy":"category","embeddable":true,"href":"https:\/\/blog.polityka.pl\/szostkiewicz\/wp-json\/wp\/v2\/categories?post=1295"},{"taxonomy":"post_tag","embeddable":true,"href":"https:\/\/blog.polityka.pl\/szostkiewicz\/wp-json\/wp\/v2\/tags?post=1295"}],"curies":[{"name":"wp","href":"https:\/\/api.w.org\/{rel}","templated":true}]}}