
{"id":13090,"date":"2022-05-05T23:02:55","date_gmt":"2022-05-05T21:02:55","guid":{"rendered":"http:\/\/szostkiewicz.blog.polityka.pl\/?p=13090"},"modified":"2022-05-05T23:51:16","modified_gmt":"2022-05-05T21:51:16","slug":"zelazna-miotla","status":"publish","type":"post","link":"https:\/\/blog.polityka.pl\/szostkiewicz\/2022\/05\/05\/zelazna-miotla\/","title":{"rendered":"\u017belazna miot\u0142a"},"content":{"rendered":"\n<p>Donald Tusk musi mie\u0107 szans\u0119 wygrania wybor\u00f3w, bo inaczej &#8222;kurwizja&#8221; tak by go nie atakowa\u0142a. Nie ma daty wybor\u00f3w do parlamentu, ale s\u0105 spekulacje, \u017ce b\u0119d\u0105 wiosn\u0105. Tusk ma plan, jak je wygra\u0107: wsp\u00f3lny blok demokratyczny. Lewica, Ho\u0142ownia i ludowcy staj\u0105 okoniem. Nieko\u0144cz\u0105ca si\u0119 opowie\u015b\u0107 o Polakach, kt\u00f3rzy s\u0105 m\u0105drzy po szkodzie, zamiast wyzby\u0107 si\u0119 prywaty.<\/p>\n\n\n\n<p>Tusk ma racj\u0119, oni wiedz\u0105 swoje: W\u0119gry mia\u0142y jeden blok, a sromotnie przegra\u0142y, u nas wsp\u00f3lna lista nie przejdzie. Przejd\u0105 dwa bloki i na to dzi\u015b stawiaj\u0105. Ich &#8222;kurwizja&#8221; codziennie nie grilluje, wi\u0119c zacieraj\u0105 r\u0119ce. Je\u017celi przetrwaj\u0105, wejd\u0105 do parlamentu, a PiS zrobi s\u0142abszy wynik, mo\u017ce zaczn\u0105 kombinowa\u0107 z Tuskiem, \u017ceby stworzy\u0107 rz\u0105d. No tak, ale kto mia\u0142by by\u0107 premierem? Tusk, Ho\u0142ownia czy Kosiniak-Kamysz, o ile PSL przeskoczy poprzeczk\u0119 5 proc. poparcia?<\/p>\n\n\n\n<p>Tusk, cho\u0107 robi uniki, chce by\u0107 premierem. Tak nale\u017cy czyta\u0107 jego najnowsz\u0105 mantr\u0119, \u017ce potrzebuje stu, mo\u017ce czterystu dni, by po wygranej posprz\u0105ta\u0107 \u017celazn\u0105 miot\u0142\u0105 pisowsk\u0105 stajni\u0119 Augiasza. Grecki mit, z kt\u00f3rego wzi\u0119to ten motyw, opowiada o tym, jak Herakles w jeden dzie\u0144 oczy\u015bci\u0142 z ton bydl\u0119cego i ko\u0144skiego \u0142ajna w\u0142a\u015bnie stajnie. U\u017cy\u0142 fortelu i dokona\u0142 rzeczy niemo\u017cliwej. Czy Tusk ma w zanadrzu sw\u00f3j fortel? Mo\u017ce ma, ale na razie go nie zdradza. Przekonamy si\u0119 po jego ewentualnym zwyci\u0119stwie.<\/p>\n\n\n\n<p>\u0141ajna s\u0105 g\u00f3ry, Tusk ma szans\u0119. Dzi\u0119ki inflacji. Ale \u017ceby wzi\u0105\u0107 miot\u0142\u0119 w r\u0119ce i zacz\u0105\u0107 zamiata\u0107 i wymiata\u0107 &#8211; bo potrzebne b\u0119d\u0105 i odnowa pa\u0144stwa, i usuni\u0119cie nomenklatury Kaczy\u0144skiego &#8211; musi zrobi\u0107 naprawd\u0119 dobry wynik. A w tym fochy i kalkulacje innych lider\u00f3w mu nie pomog\u0105. Pomog\u0105 os\u0142abi\u0107 wynik PO. W tym sensie ci, kt\u00f3rzy nie chc\u0105 wsp\u00f3\u0142pracy z Tuskiem przed wyborami, tylko ewentualnie w nowym parlamencie, pomog\u0105 Kaczy\u0144skiemu uchroni\u0107 si\u0119 przed miot\u0142\u0105 Tuska.<\/p>\n","protected":false},"excerpt":{"rendered":"<p>Donald Tusk musi mie\u0107 szans\u0119 wygrania wybor\u00f3w, bo inaczej &#8222;kurwizja&#8221; tak by go nie atakowa\u0142a. Nie ma daty wybor\u00f3w do parlamentu, ale s\u0105 spekulacje, \u017ce b\u0119d\u0105 wiosn\u0105. Tusk ma plan, jak je wygra\u0107: wsp\u00f3lny blok demokratyczny. Lewica, Ho\u0142ownia i ludowcy staj\u0105 okoniem. Nieko\u0144cz\u0105ca si\u0119 opowie\u015b\u0107 o Polakach, kt\u00f3rzy s\u0105 m\u0105drzy po szkodzie, zamiast wyzby\u0107 si\u0119 [&hellip;]<\/p>\n","protected":false},"author":3,"featured_media":12567,"comment_status":"open","ping_status":"closed","sticky":false,"template":"","format":"standard","meta":{"footnotes":""},"categories":[1],"tags":[],"_links":{"self":[{"href":"https:\/\/blog.polityka.pl\/szostkiewicz\/wp-json\/wp\/v2\/posts\/13090"}],"collection":[{"href":"https:\/\/blog.polityka.pl\/szostkiewicz\/wp-json\/wp\/v2\/posts"}],"about":[{"href":"https:\/\/blog.polityka.pl\/szostkiewicz\/wp-json\/wp\/v2\/types\/post"}],"author":[{"embeddable":true,"href":"https:\/\/blog.polityka.pl\/szostkiewicz\/wp-json\/wp\/v2\/users\/3"}],"replies":[{"embeddable":true,"href":"https:\/\/blog.polityka.pl\/szostkiewicz\/wp-json\/wp\/v2\/comments?post=13090"}],"version-history":[{"count":2,"href":"https:\/\/blog.polityka.pl\/szostkiewicz\/wp-json\/wp\/v2\/posts\/13090\/revisions"}],"predecessor-version":[{"id":13092,"href":"https:\/\/blog.polityka.pl\/szostkiewicz\/wp-json\/wp\/v2\/posts\/13090\/revisions\/13092"}],"wp:featuredmedia":[{"embeddable":true,"href":"https:\/\/blog.polityka.pl\/szostkiewicz\/wp-json\/wp\/v2\/media\/12567"}],"wp:attachment":[{"href":"https:\/\/blog.polityka.pl\/szostkiewicz\/wp-json\/wp\/v2\/media?parent=13090"}],"wp:term":[{"taxonomy":"category","embeddable":true,"href":"https:\/\/blog.polityka.pl\/szostkiewicz\/wp-json\/wp\/v2\/categories?post=13090"},{"taxonomy":"post_tag","embeddable":true,"href":"https:\/\/blog.polityka.pl\/szostkiewicz\/wp-json\/wp\/v2\/tags?post=13090"}],"curies":[{"name":"wp","href":"https:\/\/api.w.org\/{rel}","templated":true}]}}