
{"id":13242,"date":"2022-07-04T19:11:11","date_gmt":"2022-07-04T17:11:11","guid":{"rendered":"http:\/\/szostkiewicz.blog.polityka.pl\/?p=13242"},"modified":"2022-07-04T19:34:05","modified_gmt":"2022-07-04T17:34:05","slug":"franciszek-juz-nie-imponuje","status":"publish","type":"post","link":"https:\/\/blog.polityka.pl\/szostkiewicz\/2022\/07\/04\/franciszek-juz-nie-imponuje\/","title":{"rendered":"Franciszek ju\u017c nie imponuje"},"content":{"rendered":"\n<p>Nie dziwi, \u017ce w Polsce autorytet papie\u017ca Franciszka maleje. Dziwi, \u017ce na prawicy podwa\u017ca si\u0119 jego pontyfikat za rzekome &#8222;lewackie&#8221; odchylenie. &#8222;Lewactwem&#8221; dla polskiej prawicy jest generalnie wszystko, co odrzuca &#8222;prawactwo&#8221;, czyli &#8222;katolick\u0105 kontrrewolucj\u0119&#8221; Kaczy\u0144skiego, J\u0119draszewskiego, Czarnka i Rydzyka. Zero &#8222;jakich\u015b tam praw cz\u0142owieka&#8221; i &#8222;ideologii LGBT&#8221;, a teraz &#8222;mody, \u017ce Sta\u015b to Zosia od godz. 18&#8221;. To na u\u017cytek &#8222;ciemnego ludu&#8221; wyborczego. Dla bardziej zaawansowanych prawica pisowska gra p\u0142yt\u0119 &#8222;porzu\u0107my Uni\u0119 Europejsk\u0105, odbudujmy civitas christiana&#8221;.<\/p>\n\n\n\n<p>Spadek pozytywnych ocen Franciszka jest wyra\u017any. Wed\u0142ug \u015bwie\u017cego badania o\u015brodka CBOS dzi\u015b darzy go uznaniem 57 proc. pytanych. To wci\u0105\u017c wi\u0119kszo\u015b\u0107, ale siedem lat temu papie\u017c z Argentyny ciszy\u0142 si\u0119 u nas uznaniem a\u017c 84 proc. ankietowanych. Co si\u0119 sta\u0142o?<\/p>\n\n\n\n<p>Sta\u0142a si\u0119 wojna Putina z Ukrain\u0105, wobec kt\u00f3rej Franciszek zaj\u0105\u0142 bulwersuj\u0105co niejednoznaczne stanowisko, gdy rzesze polskich obywateli nie mia\u0142y w\u0105tpliwo\u015bci, \u017ce brudn\u0105 wojn\u0119 nale\u017cy jednoznacznie pot\u0119pi\u0107 i wskaza\u0107 palcem winowajc\u0119. Natychmiast ruszy\u0142a oddolna, spontaniczna i masowa pomoc obywatelska dla kobiet i dzieci, kt\u00f3re szuka\u0142y w Polsce schronienia. Tymczasem papie\u017c moralizowa\u0142, \u017ce nie ma wojny sprawiedliwej, i obarcza\u0142 win\u0105 za krwaw\u0105 agresj\u0119 Rosji &#8222;szczekanie&#8221; NATO u jej wr\u00f3t.<\/p>\n\n\n\n<p>Gdy Kij\u00f3w odwiedzali na znak solidarno\u015bci z walcz\u0105c\u0105 Ukrain\u0105 przyw\u00f3dcy zachodni, a tak\u017ce polscy, r\u00f3wnie\u017c z opozycji, Franciszek dywagowa\u0142, \u017ce sam te\u017c chce przyjecha\u0107 do Kijowa, ale uwa\u017ca, \u017ce najpierw powinien jecha\u0107 do Moskwy. Teraz zn\u00f3w powiedzia\u0142 agencji Reuters, \u017ce Watykan stara si\u0119, by Putin otworzy\u0142 ma\u0142e okienko dla Franciszka, i je\u015bli Putin jednak okienka dla Franciszka nie otworzy, to mo\u017ce papie\u017c w drodze powrotnej z Kanady, dok\u0105d ma si\u0119 wybra\u0107 pod koniec lipca, odwiedzi Ukrain\u0119.<\/p>\n\n\n\n<p>Drogi mi\u0119dzy Polsk\u0105 a Franciszkiem w sprawie napa\u015bci Rosji na Ukrain\u0119 rozesz\u0142y si\u0119 drastycznie. Rozesz\u0142y si\u0119 te\u017c w sprawie pedofilii w Ko\u015bciele. W obu sprawach Franciszek powiedzia\u0142 wiele s\u0142\u00f3w prawdy, ale zabrak\u0142o jednoznacznego \u015bwiadectwa, cho\u0107by przy okazji zarzut\u00f3w wobec kard. Dziwisza. Dzi\u0119ki dokumentalistom wiemy dzi\u015b w Polsce du\u017co wi\u0119cej, jak dzia\u0142a u nas ko\u015bcielna omerta, zmowa milczenia o ksi\u0119\u017cach krzywdzicielach i system tuszowania ich przest\u0119pstw. Suchym komunikatem watyka\u0144skim opinia katolicka w Polsce ju\u017c si\u0119 nie zadowoli. Zreszt\u0105 nawet gdyby komunika by\u0142 wyczerpuj\u0105cy, wskazywa\u0142 mechanizm, te\u017c by nie zahamowa\u0142 oddolnej laicyzacji polskiego spo\u0142ecze\u0144stwa. Bo takie jest t\u0142o spadku wiarygodno\u015bci Ko\u015bcio\u0142a, Watykanu i samego Franciszka.<\/p>\n\n\n\n<p>Na polskiej prawicy wizerunek papie\u017ca Bergoglio te\u017c nie b\u0142yszczy. Publicy\u015bci t\u0142umacz\u0105 brak nominacji kardynalskich dla dygnitarzy Ko\u015bcio\u0142a w Polsce &#8211; na czele z abp. J\u0119draszewskim, biczuj\u0105cym ludzi LGBT z zajad\u0142o\u015bci\u0105 Kaczy\u0144skiego &#8211; tym, \u017ce Franciszek nie lubi tego Ko\u015bcio\u0142a, bo jest mu bli\u017cej do jakiej\u015b wymy\u015blonej przez tych publicyst\u00f3w frakcji relatywist\u00f3w w Ko\u015bciele i poza nim ni\u017c do ich demaskatora Ratzingera, dzi\u015b papie\u017ca emeryta. Czy Franciszek lubi czy nie lubi polskich biskup\u00f3w, tego si\u0119 nigdy nie dowiemy, ale notoryczne ich omijanie przy rozdzielaniu kardynalskich kapeluszy rzeczywi\u015bcie rzuca si\u0119 w oczy i mo\u017ce by\u0107 szyfrowan\u0105 depesz\u0105: przesta\u0144cie by\u0107 bardziej papiescy od papie\u017ca!<\/p>\n","protected":false},"excerpt":{"rendered":"<p>Nie dziwi, \u017ce w Polsce autorytet papie\u017ca Franciszka maleje. Dziwi, \u017ce na prawicy podwa\u017ca si\u0119 jego pontyfikat za rzekome &#8222;lewackie&#8221; odchylenie. &#8222;Lewactwem&#8221; dla polskiej prawicy jest generalnie wszystko, co odrzuca &#8222;prawactwo&#8221;, czyli &#8222;katolick\u0105 kontrrewolucj\u0119&#8221; Kaczy\u0144skiego, J\u0119draszewskiego, Czarnka i Rydzyka. Zero &#8222;jakich\u015b tam praw cz\u0142owieka&#8221; i &#8222;ideologii LGBT&#8221;, a teraz &#8222;mody, \u017ce Sta\u015b to Zosia od [&hellip;]<\/p>\n","protected":false},"author":3,"featured_media":5614,"comment_status":"open","ping_status":"closed","sticky":false,"template":"","format":"standard","meta":{"footnotes":""},"categories":[1],"tags":[],"_links":{"self":[{"href":"https:\/\/blog.polityka.pl\/szostkiewicz\/wp-json\/wp\/v2\/posts\/13242"}],"collection":[{"href":"https:\/\/blog.polityka.pl\/szostkiewicz\/wp-json\/wp\/v2\/posts"}],"about":[{"href":"https:\/\/blog.polityka.pl\/szostkiewicz\/wp-json\/wp\/v2\/types\/post"}],"author":[{"embeddable":true,"href":"https:\/\/blog.polityka.pl\/szostkiewicz\/wp-json\/wp\/v2\/users\/3"}],"replies":[{"embeddable":true,"href":"https:\/\/blog.polityka.pl\/szostkiewicz\/wp-json\/wp\/v2\/comments?post=13242"}],"version-history":[{"count":3,"href":"https:\/\/blog.polityka.pl\/szostkiewicz\/wp-json\/wp\/v2\/posts\/13242\/revisions"}],"predecessor-version":[{"id":13246,"href":"https:\/\/blog.polityka.pl\/szostkiewicz\/wp-json\/wp\/v2\/posts\/13242\/revisions\/13246"}],"wp:featuredmedia":[{"embeddable":true,"href":"https:\/\/blog.polityka.pl\/szostkiewicz\/wp-json\/wp\/v2\/media\/5614"}],"wp:attachment":[{"href":"https:\/\/blog.polityka.pl\/szostkiewicz\/wp-json\/wp\/v2\/media?parent=13242"}],"wp:term":[{"taxonomy":"category","embeddable":true,"href":"https:\/\/blog.polityka.pl\/szostkiewicz\/wp-json\/wp\/v2\/categories?post=13242"},{"taxonomy":"post_tag","embeddable":true,"href":"https:\/\/blog.polityka.pl\/szostkiewicz\/wp-json\/wp\/v2\/tags?post=13242"}],"curies":[{"name":"wp","href":"https:\/\/api.w.org\/{rel}","templated":true}]}}