
{"id":135,"date":"2007-01-28T19:20:01","date_gmt":"2007-01-28T18:20:01","guid":{"rendered":"http:\/\/szostkiewicz.blog.polityka.pl\/?p=135"},"modified":"2007-01-29T17:34:17","modified_gmt":"2007-01-29T16:34:17","slug":"do-davos-panowie","status":"publish","type":"post","link":"https:\/\/blog.polityka.pl\/szostkiewicz\/2007\/01\/28\/do-davos-panowie\/","title":{"rendered":"Do Davos, panowie!"},"content":{"rendered":"<p>Co to za nonsens z tym bojkotem forum w Davos przez polskich lider\u00f3w. Absurdalne insynuacje, \u017ce to forum nie do\u015b\u0107 zabiega\u0142o o ich goszczenie, albo sugestie, \u017ce jest tyle innych wa\u017cnych i wa\u017cniejszych okazji, by si\u0119 spotyka\u0107 i rozmawia\u0107 &#8211; tylko pot\u0119guj\u0105 przykre wra\u017cenie dziecinady. Co otworz\u0119 zagraniczn\u0105 gazet\u0119 lub w\u0142\u0105cz\u0119 zagraniczn\u0105 telewizj\u0119 informacyjn\u0105 &#8211; pe\u0142no Davos. BBC transmituje z kurortu pasjonuj\u0105ce debaty na kluczowe tematy planetarne.\u00a0 Ostatni numer tygodnika\u00a0 &#8222;Time&#8221; z okazji Davos drukuje ogromny raport o stanie gospodarki \u015bwiatowej.<\/p>\n<p>S\u0142ycha\u0107 czasem narzekania, \u017ce Davos ju\u017c nie to co dawniej: rutyna, zm\u0119czenie materia\u0142u. By\u0107 mo\u017ce, a jednak jak co roku i tym razem zaroi\u0142o si\u0119 tu od \u015bwiatowej ekstraklasy. Jednym z hit\u00f3w by\u0142 autor raportu o globalnej zmianie klimatu, Nicholas Stern, g\u0142\u00f3wny doradca ekonomiczny premiera Blaira.\u00a0 Wzywa\u0142 do wsp\u00f3\u0142dzia\u0142ania i podkre\u015bla\u0142, \u017ce im szybciej, tym taniej.\u00a0 Do Davos w tym roku odby\u0142a si\u0119 prawdziwa pielgrzymka Brytyjczyk\u00f3w. Przyjechali i Blair, i jego domniemany rych\u0142y (ale obecny premier\u00a0 jako\u015b si\u0119 nie kwapi zmienia\u0107 posady) nast\u0119pca Gordon Brown, i &#8211; precedens! &#8211; lider opozycji, konserwatysta David Cameron. Ten pochwali\u0142 si\u0119 od razu dziennikarzom, \u017ce w ramach przygotowa\u0144 do przej\u0119cia rz\u0105d\u00f3w\u00a0 spotka\u0142 si\u0119 na pocz\u0105tek pobytu z trzema premierami i szefem Mi\u0119dzynarodowej Agencji Energii Atomowej.<\/p>\n<p>A swoj\u0105 drog\u0105, ja tu wytykam naszym naczelnikom nawy pa\u0144stwowej, \u017ce si\u0119 ze szkod\u0105 dla kraju i w\u0142asnego rozwoju absentuj\u0105 ze szwajcarskiego zlotu, a czy do Davos pojechali liderzy naszej opozycji? Czy Tusk, Rokita, Komorowski wykazali wi\u0119cej zainteresowania? A ile uwagi po\u015bwi\u0119ci\u0142y forum nasze powa\u017cne opiniotw\u00f3rcze media? Niem\u0105dra jest ta polska dezynwoltura. Davos to naturalnie jest te\u017c festiwal pr\u00f3\u017cno\u015bci polityk\u00f3w i wszelkiej ma\u015bci guru, ale nie zmienia to faktu, \u017ce to tam, a nie u nas, mo\u017cna us\u0142ysze\u0107, co w trawie piszczy.<\/p>\n","protected":false},"excerpt":{"rendered":"<p>Co to za nonsens z tym bojkotem forum w Davos przez polskich lider\u00f3w. Absurdalne insynuacje, \u017ce to forum nie do\u015b\u0107 zabiega\u0142o o ich goszczenie, albo sugestie, \u017ce jest tyle innych wa\u017cnych i wa\u017cniejszych okazji, by si\u0119 spotyka\u0107 i rozmawia\u0107 &#8211; tylko pot\u0119guj\u0105 przykre wra\u017cenie dziecinady. Co otworz\u0119 zagraniczn\u0105 gazet\u0119 lub w\u0142\u0105cz\u0119 zagraniczn\u0105 telewizj\u0119 informacyjn\u0105 &#8211; [&hellip;]<\/p>\n","protected":false},"author":3,"featured_media":0,"comment_status":"open","ping_status":"open","sticky":false,"template":"","format":"standard","meta":{"footnotes":""},"categories":[1],"tags":[],"_links":{"self":[{"href":"https:\/\/blog.polityka.pl\/szostkiewicz\/wp-json\/wp\/v2\/posts\/135"}],"collection":[{"href":"https:\/\/blog.polityka.pl\/szostkiewicz\/wp-json\/wp\/v2\/posts"}],"about":[{"href":"https:\/\/blog.polityka.pl\/szostkiewicz\/wp-json\/wp\/v2\/types\/post"}],"author":[{"embeddable":true,"href":"https:\/\/blog.polityka.pl\/szostkiewicz\/wp-json\/wp\/v2\/users\/3"}],"replies":[{"embeddable":true,"href":"https:\/\/blog.polityka.pl\/szostkiewicz\/wp-json\/wp\/v2\/comments?post=135"}],"version-history":[{"count":0,"href":"https:\/\/blog.polityka.pl\/szostkiewicz\/wp-json\/wp\/v2\/posts\/135\/revisions"}],"wp:attachment":[{"href":"https:\/\/blog.polityka.pl\/szostkiewicz\/wp-json\/wp\/v2\/media?parent=135"}],"wp:term":[{"taxonomy":"category","embeddable":true,"href":"https:\/\/blog.polityka.pl\/szostkiewicz\/wp-json\/wp\/v2\/categories?post=135"},{"taxonomy":"post_tag","embeddable":true,"href":"https:\/\/blog.polityka.pl\/szostkiewicz\/wp-json\/wp\/v2\/tags?post=135"}],"curies":[{"name":"wp","href":"https:\/\/api.w.org\/{rel}","templated":true}]}}