
{"id":13777,"date":"2023-02-11T13:07:05","date_gmt":"2023-02-11T12:07:05","guid":{"rendered":"http:\/\/szostkiewicz.blog.polityka.pl\/?p=13777"},"modified":"2023-02-12T12:20:20","modified_gmt":"2023-02-12T11:20:20","slug":"prezydent-umywa-rece","status":"publish","type":"post","link":"https:\/\/blog.polityka.pl\/szostkiewicz\/2023\/02\/11\/prezydent-umywa-rece\/","title":{"rendered":"Prezydent umywa r\u0119ce"},"content":{"rendered":"\n<p>Prezydent Duda to wci\u0105\u017c nadzieja Zachodu, \u017ce w Polsce pod panowaniem Kaczy\u0144skiego mo\u017ce by\u0107 inaczej. To znaczy, \u017ce antyzachodni kurs Kaczy\u0144skiego i ziobryst\u00f3w Duda jakim\u015b cudem zatrzyma. Zach\u00f3d stawia na Dud\u0119 jako na mniejsze z\u0142o. Ludzie prezydenta wpisuj\u0105 si\u0119 w te nadzieje.<\/p>\n\n\n\n<!--more-->\n\n\n\n<p>W wyst\u0105pieniu telewizyjnym po przyj\u0119ciu przez PiS i jego przystawki nadal wadliwej noweli o S\u0105dzie Najwy\u017cszym &#8211; wszystkie poprawki senackie odrzucili &#8211; Duda z marsow\u0105 min\u0105 o\u015bwiadczy\u0142, \u017ce cz\u0142onkostwo w NATO i Unii Europejskiej to polska racja stanu. Po czym umy\u0142 r\u0119ce: nie podpisa\u0142 ustawy, tylko odes\u0142a\u0142 j\u0105 do fasadowego Trybuna\u0142u Konstytucyjnego, niech zbada jak najszybciej, czy nadal wadliwa ustawa jest zgodna z nasz\u0105 konstytucj\u0105.<\/p>\n\n\n\n<p>Tak, Paw\u0142owicz (flaga UE to &#8222;szmata&#8221;), prokurator stanu wojennego (b\u0119dziemy broni\u0107 socjalizmu jak niepodleg\u0142o\u015bci) Piotrowicz i mgr Przy\u0142\u0119bska (odkrycie towarzyskie Kaczy\u0144skiego) b\u0119d\u0105 sprawdza\u0107, czy wadliwa ustawa jest zgodna z konstytucj\u0105. \u015amia\u0107 si\u0119 czy rwa\u0107 w\u0142osy z g\u0142owy? Jedno i drugie. Gest Pi\u0142ata nie zmienia fakt\u00f3w: prezydent sam popsu\u0142 s\u0105downictwo, nominuj\u0105c s\u0119dzi\u00f3w na zaj\u0119te ju\u017c miejsca w SN, ob\u00f3z Kaczy\u0144skiego z ziobrystami nie przestaje psu\u0107 naszego wymiaru sprawiedliwo\u015bci, a zaszanta\u017cowana opozycja demokratyczna szanta\u017cu nie mo\u017ce przem\u00f3c. Mamy si\u0119 zgodzi\u0107 na obezw\u0142adnianie trzeciej w\u0142adzy, aby Unia odblokowa\u0142a fundusze dla Polski.<\/p>\n\n\n\n<p>Nadzieje Zachodu wobec Dudy s\u0105 \u015bwiadomie podj\u0119tym ryzykiem politycznym. Moim zdaniem spal\u0105 na panewce, ale nale\u017ca\u0142o je podj\u0105\u0107. Napa\u015b\u0107 Rosji na Ukrain\u0119 zmieni\u0142a geopolityk\u0119 europejsk\u0105 i globaln\u0105. Polska jest najwi\u0119kszym pa\u0144stwem na wschodniej granicy UE i NATO w naszym regionie. Przez Polsk\u0119 idzie pomoc militarna i humanitarna dla walcz\u0105cej Ukrainy. Na szcz\u0119\u015bcie w sprawie inwazji ob\u00f3z pisowski nie poszed\u0142 za Orb\u00e1nem. To zauwa\u017cono w stolicach zachodnich, w tym w Londynie i Waszyngtonie.<\/p>\n\n\n\n<p>Ob\u00f3z Kaczy\u0144skiego w sprawie napa\u015bci poszed\u0142 drog\u0105 transatlantyck\u0105. W nagrod\u0119 Waszyngton Bidena zapowiedzia\u0142, \u017ce prezydent USA odwiedzi Polsk\u0119 tu\u017c przed pierwsz\u0105 rocznic\u0105 wybuchu najwi\u0119kszego konfliktu zbrojnego w powojennej Europie. I ta nagroda rzeczywi\u015bcie si\u0119 nale\u017ca\u0142a w\u0142adzy, a przede wszystkim spo\u0142ecze\u0144stwu &#8211; za solidarno\u015b\u0107 z napadni\u0119t\u0105 Ukrain\u0105.<\/p>\n\n\n\n<p>Dyplomaci zachodni nie powinni jednak odp\u0142aca\u0107 obozowi Kaczy\u0144skiego przymkni\u0119ciem oka na to, \u017ce w polityce wewn\u0119trznej obecna w\u0142adza wci\u0105\u017c &#8222;orbanizuje&#8221; pa\u0144stwo i prawo. Tu kurs jest wci\u0105\u017c autorytarny: konsolidacja w\u0142adzy przed wyborami. Na rympa\u0142 i na bakier ze standardami demokracji w \u015bwiecie zachodnim.<\/p>\n\n\n\n<p>Prezydent Duda, kt\u00f3ry dzi\u015b s\u0142usznie podkre\u015bla, \u017ce nasze miejsce jest we wsp\u00f3lnocie zachodniej, jeszcze niedawno, w drugiej kampanii prezydenckiej, podwa\u017ca\u0142 sens polskiej obecno\u015bci w &#8222;wyimaginowanej wsp\u00f3lnocie&#8221;, w kt\u00f3rej LGBT to jednak ludzie, a nie &#8222;ideologia&#8221;. Jeden z guru Kaczy\u0144skiego usi\u0142owa\u0142 zmobilizowa\u0107 jego wyborc\u00f3w przeciw Europie, bo przecie\u017c nam pono\u0107 bli\u017cej do Wschodu ni\u017c do Zachodu. Jastrz\u0105b w garniturze ministra sprawiedliwo\u015bci j\u0105trzy codziennie przeciwko Niemcom i Unii, zamiast wykona\u0107 orzeczenia jej trybuna\u0142u, co zako\u0144czy\u0142oby absurdalnie nacjonalistyczny i przeciwskuteczny sp\u00f3r z Bruksel\u0105.<\/p>\n","protected":false},"excerpt":{"rendered":"<p>Prezydent Duda to wci\u0105\u017c nadzieja Zachodu, \u017ce w Polsce pod panowaniem Kaczy\u0144skiego mo\u017ce by\u0107 inaczej. To znaczy, \u017ce antyzachodni kurs Kaczy\u0144skiego i ziobryst\u00f3w Duda jakim\u015b cudem zatrzyma. Zach\u00f3d stawia na Dud\u0119 jako na mniejsze z\u0142o. Ludzie prezydenta wpisuj\u0105 si\u0119 w te nadzieje.<\/p>\n","protected":false},"author":3,"featured_media":10411,"comment_status":"open","ping_status":"closed","sticky":false,"template":"","format":"standard","meta":{"footnotes":""},"categories":[1],"tags":[],"_links":{"self":[{"href":"https:\/\/blog.polityka.pl\/szostkiewicz\/wp-json\/wp\/v2\/posts\/13777"}],"collection":[{"href":"https:\/\/blog.polityka.pl\/szostkiewicz\/wp-json\/wp\/v2\/posts"}],"about":[{"href":"https:\/\/blog.polityka.pl\/szostkiewicz\/wp-json\/wp\/v2\/types\/post"}],"author":[{"embeddable":true,"href":"https:\/\/blog.polityka.pl\/szostkiewicz\/wp-json\/wp\/v2\/users\/3"}],"replies":[{"embeddable":true,"href":"https:\/\/blog.polityka.pl\/szostkiewicz\/wp-json\/wp\/v2\/comments?post=13777"}],"version-history":[{"count":3,"href":"https:\/\/blog.polityka.pl\/szostkiewicz\/wp-json\/wp\/v2\/posts\/13777\/revisions"}],"predecessor-version":[{"id":13781,"href":"https:\/\/blog.polityka.pl\/szostkiewicz\/wp-json\/wp\/v2\/posts\/13777\/revisions\/13781"}],"wp:featuredmedia":[{"embeddable":true,"href":"https:\/\/blog.polityka.pl\/szostkiewicz\/wp-json\/wp\/v2\/media\/10411"}],"wp:attachment":[{"href":"https:\/\/blog.polityka.pl\/szostkiewicz\/wp-json\/wp\/v2\/media?parent=13777"}],"wp:term":[{"taxonomy":"category","embeddable":true,"href":"https:\/\/blog.polityka.pl\/szostkiewicz\/wp-json\/wp\/v2\/categories?post=13777"},{"taxonomy":"post_tag","embeddable":true,"href":"https:\/\/blog.polityka.pl\/szostkiewicz\/wp-json\/wp\/v2\/tags?post=13777"}],"curies":[{"name":"wp","href":"https:\/\/api.w.org\/{rel}","templated":true}]}}