
{"id":138,"date":"2007-02-03T00:21:34","date_gmt":"2007-02-02T23:21:34","guid":{"rendered":"http:\/\/szostkiewicz.blog.polityka.pl\/?p=138"},"modified":"2007-02-03T00:26:04","modified_gmt":"2007-02-02T23:26:04","slug":"teraz-kosowo","status":"publish","type":"post","link":"https:\/\/blog.polityka.pl\/szostkiewicz\/2007\/02\/03\/teraz-kosowo\/","title":{"rendered":"Teraz Kosowo"},"content":{"rendered":"<p>No i po Czarnog\u00f3rze b\u0119dziemy mieli nowe pa\u0144stwo ba\u0142ka\u0144skie &#8211; Kosowo. Ghandi Ba\u0142kan\u00f3w, jak przezwano Ibrahima Rugov\u0119,ojca za\u0142o\u017cyciela kosowskiej niepodleg\u0142o\u015bci, pewno by popar\u0142 plan dla Kosowa przedstawiony dzi\u015b publicznie przez Fina Ahtisaariego jako specjalnego wys\u0142annika ONZ do sprawy Kosowa. Plan nie m\u00f3wi wprost o niepodleg\u0142o\u015bci, ale w praktyce j\u0105 oznacza, cho\u0107 pod kontrol\u0105 mi\u0119dzynarodow\u0105. Plan musi by\u0107 jeszcze przyj\u0119ty przez Rad\u0119 Bezpiecze\u0144stwa, a ju\u017c wiadomo, \u017ce Serbia od razu go odrzuci\u0142a, co mo\u017ce by\u0107 pretekstem dla proserbskiej Rosji do weta.<\/p>\n<p>Kosowo to niespe\u0142na dwa miliony ludzi, z kt\u00f3rych ponad 90 procent to Alba\u0144czycy. Kosowo to jednocze\u015bnie matecznik serbsko\u015bci, gdzie ponad 600 lat temu Serbowie stoczyli przegran\u0105 ale opiewan\u0105 przez ich poet\u00f3w bitw\u0119 z Turkami. W narodowej wyobra\u017ani serbskiej zajmuje Kosowo takie miejsce jak, bo ja wiem, nasze Kresy wschodnie, Kamieniec Podolski pu\u0142kownika Wo\u0142odyjowskiego. Ale dzi\u015b Serb\u00f3w zosta\u0142o w Kosowie kilka procent, mo\u017ce nawet proporcjonalnie mniej ni\u017c na przyk\u0142ad Polak\u00f3w na Ukrainie. Kosowo przylega do Albanii, jak ziemia lwowska do Polski, ale plan Ahtisaariego wyklucza po\u0142\u0105czenie Kosowa z Albani\u0105, tak samo jak po\u0142\u0105czenie p\u00f3\u0142nocnej &#8211; serbskiej &#8211; cz\u0119\u015bci Kosowa z przylegaj\u0105c\u0105 do niej Serbi\u0105. Kosowo ma by\u0107 samodzielne, demokratyczne, niezawis\u0142e i samorz\u0105dne &#8211; tak chce plan.<\/p>\n<p>Niech by tak by\u0142o. Na pierwszy rzut oka niepodleg\u0142e Kosowo to stworzenie w Europie jeszcze jednego problemu. Skoro Serbowie przysi\u0119gaj\u0105, \u017ce nigdy i za nic nie zgodz\u0105 si\u0119 na proponowany ,,finalny status&#8221; tej ziemi, to mo\u017cemy by\u0107 pewni, \u017ce b\u0119d\u0105 k\u0142opoty. W Irlandii P\u00f3\u0142nocnej wygaszanie nienawi\u015bci mi\u0119dzy protestanck\u0105 wi\u0119kszo\u015bci\u0105 a katolick\u0105 mniejszo\u015bci\u0105 trwa od dziesi\u0119cioleci, to samo czeka kosowskich Alba\u0144czyk\u00f3w muzu\u0142man\u00f3w i prawos\u0142awnych Serb\u00f3w (chyba \u017ce po ptrzyj\u0119ciu planu przez ONZ resztka kosowskich Serb\u00f3w po prostu opu\u015bci swoj\u0105 ma\u0142\u0105 ojczyzn\u0119 w obawie przed jeszcze wi\u0119ksz\u0105 dyskryminacj\u0105 ze strony Alba\u0144czyk\u00f3w). A czy Kosowo w og\u00f3le da sobie rad\u0119 z nawet ograniczon\u0105 suwerenno\u015bci\u0105? Czy b\u0119dzie oczekiwa\u0142o pomocy, a p\u00f3\u017aniej cz\u0142onkostwa w Unii Europejskiej &#8211; w ko\u0144cu ju\u017c teraz ma w obiegu euro, tylko kosowscy Serbowie uparcie trzymaj\u0105 si\u0119 serbskiego dinara?<\/p>\n<p>A jednak my\u015bl\u0119, \u017ce plan Ahtisaariego jest lepszy ni\u017c status quo. Europa powinna go wesprze\u0107. Przed\u0142u\u017canie stanu przej\u015bciowego, jaki powsta\u0142 po wojnie NATO z Milszeviciem w 1999 r., rodzi nie tylko zast\u00f3j ale i frustracj\u0119. Kosowscy Alba\u0144czycy chc\u0105 niepodleg\u0142o\u015bci. Zawsze mog\u0105 si\u0119 znale\u017a\u0107 muzu\u0142manie, kt\u00f3rzy im obiecaj\u0105, \u017ce j\u0105 dla nich wywalcz\u0105 pod sztandarem d\u017cihadu. A dla kosowskich mniejszo\u015bci plan przewiduje mocne gwarancje ochrony, r\u00f3wnych praw i rozwoju. Cerkwie na p\u00f3\u0142nocy maj\u0105 by\u0107 strefami specjalnie chronionymi. Idea planu jest wi\u0119c taka, \u017ce kiedy\u015b w Kosowie powstanie normalne wielokulturowe, wieloetniczne spo\u0142ecze\u0144stwo, a to zredukuje ba\u0142ka\u0144skie napi\u0119cie, na czym Europa tylko skorzysta. W XXi wieku bardzo trudno odm\u00f3wi\u0107 Czarnog\u00f3rcom czy Kosowarom prawa do swobodnego wyboru narodowego losu &#8211; kto zreszt\u0105 w Europie mia\u0142by to zrobi\u0107 i z jakiego nadania? Powitajmy wi\u0119c Kosowo w rodzinie wolnych narod\u00f3w europejskich. A swoj\u0105 drog\u0105, mo\u017ce to i lepiej, \u017ce op\u0142akali\u015bmy i po\u017cegnali Lw\u00f3w i Wilno, kt\u00f3re pozostan\u0105 naszymi mitami, ale nie truj\u0105 polskiej wyobra\u017ani nienawi\u015bci\u0105.<\/p>\n<p>PS. Brawo dla Wpisowiczy za dyskusj\u0119 chi\u0144sko-cywilizacyjn\u0105. Od siebie powt\u00f3rz\u0119: mnie Chiny nie imponuj\u0105 sam\u0105 ekonomi\u0105, ciekawi mnie ewentualna przemiana mentalno-cywilizacyjna Chi\u0144czyk\u00f3w pod wp\u0142ywem kapitalistycznej modernizacji, na razie jej nie widz\u0119.\u00a0\u00a0<\/p>\n","protected":false},"excerpt":{"rendered":"<p>No i po Czarnog\u00f3rze b\u0119dziemy mieli nowe pa\u0144stwo ba\u0142ka\u0144skie &#8211; Kosowo. Ghandi Ba\u0142kan\u00f3w, jak przezwano Ibrahima Rugov\u0119,ojca za\u0142o\u017cyciela kosowskiej niepodleg\u0142o\u015bci, pewno by popar\u0142 plan dla Kosowa przedstawiony dzi\u015b publicznie przez Fina Ahtisaariego jako specjalnego wys\u0142annika ONZ do sprawy Kosowa. Plan nie m\u00f3wi wprost o niepodleg\u0142o\u015bci, ale w praktyce j\u0105 oznacza, cho\u0107 pod kontrol\u0105 mi\u0119dzynarodow\u0105. Plan [&hellip;]<\/p>\n","protected":false},"author":3,"featured_media":0,"comment_status":"open","ping_status":"open","sticky":false,"template":"","format":"standard","meta":{"footnotes":""},"categories":[1],"tags":[],"_links":{"self":[{"href":"https:\/\/blog.polityka.pl\/szostkiewicz\/wp-json\/wp\/v2\/posts\/138"}],"collection":[{"href":"https:\/\/blog.polityka.pl\/szostkiewicz\/wp-json\/wp\/v2\/posts"}],"about":[{"href":"https:\/\/blog.polityka.pl\/szostkiewicz\/wp-json\/wp\/v2\/types\/post"}],"author":[{"embeddable":true,"href":"https:\/\/blog.polityka.pl\/szostkiewicz\/wp-json\/wp\/v2\/users\/3"}],"replies":[{"embeddable":true,"href":"https:\/\/blog.polityka.pl\/szostkiewicz\/wp-json\/wp\/v2\/comments?post=138"}],"version-history":[{"count":0,"href":"https:\/\/blog.polityka.pl\/szostkiewicz\/wp-json\/wp\/v2\/posts\/138\/revisions"}],"wp:attachment":[{"href":"https:\/\/blog.polityka.pl\/szostkiewicz\/wp-json\/wp\/v2\/media?parent=138"}],"wp:term":[{"taxonomy":"category","embeddable":true,"href":"https:\/\/blog.polityka.pl\/szostkiewicz\/wp-json\/wp\/v2\/categories?post=138"},{"taxonomy":"post_tag","embeddable":true,"href":"https:\/\/blog.polityka.pl\/szostkiewicz\/wp-json\/wp\/v2\/tags?post=138"}],"curies":[{"name":"wp","href":"https:\/\/api.w.org\/{rel}","templated":true}]}}