
{"id":13893,"date":"2023-03-24T19:24:03","date_gmt":"2023-03-24T18:24:03","guid":{"rendered":"http:\/\/szostkiewicz.blog.polityka.pl\/?p=13893"},"modified":"2023-03-27T11:43:59","modified_gmt":"2023-03-27T09:43:59","slug":"dostana-baty","status":"publish","type":"post","link":"https:\/\/blog.polityka.pl\/szostkiewicz\/2023\/03\/24\/dostana-baty\/","title":{"rendered":"Dostan\u0105 baty"},"content":{"rendered":"\n<p>Wybory to w demokracji sprawa powa\u017cna. To nie farsa wyborcza jak w PRL, gdy sk\u0142ad Sejmu i rz\u0105du ustalano z g\u00f3ry w &#8222;bia\u0142ym domu&#8221; w Warszawie. Je\u015bli tak, to trzeba m\u00f3wi\u0107 bez ogr\u00f3dek: to przez Ho\u0142owni\u0119 i Kamysza &#8222;ZjeP&#8221; utrzyma w\u0142adz\u0119. Bardziej im zale\u017cy na fotelach w Sejmie ni\u017c na pokonaniu Kaczy\u0144skiego. Kazimierz Or\u0142o\u015b napisa\u0142 w &#8222;GW&#8221;, \u017ce je\u015bli nie przetasuj\u0105 priorytet\u00f3w, to &#8222;odium przegranej spadnie na g\u0142owy tych dw\u00f3ch pan\u00f3w i ich partii&#8221;. <\/p>\n\n\n\n<!--more-->\n\n\n\n<p>Or\u0142o\u015b jest pisarzem, a nie politykiem, zabiera g\u0142os jako obywatel. Nie podpowiada, jak u\u0142o\u017cy\u0107 wsp\u00f3ln\u0105 list\u0119, nie wdaje si\u0119 w detale i technikalia, bo to domena lider\u00f3w partyjnych. Wyra\u017ca po prostu niepok\u00f3j o przysz\u0142o\u015b\u0107 Polski. Bo nie da si\u0119 inaczej przywr\u00f3ci\u0107 s\u0142owom &#8222;prawo&#8221; i &#8222;sprawiedliwo\u015b\u0107&#8221; w\u0142a\u015bciwego sensu &#8211; opisanego w naszej konstytucji, \u0142amanej lub obchodzonej pod rz\u0105dami ZjePu &#8211; jak tylko drog\u0105 wygranej w uczciwych wyborach. A wsp\u00f3lna lista mo\u017ce w tym pom\u00f3c. <\/p>\n\n\n\n<p>B\u0119dzie to moz\u00f3\u0142 jak we wszystkich wyborach po doj\u015bciu PiS do w\u0142adzy. Ale nie ma ucieczki od tej ci\u0119\u017ckiej roboty, je\u015bli naprawd\u0119 chce si\u0119 innej Polski, innej normalno\u015bci, ni\u017c obecna. Tak, wielu Polak\u00f3w nie interesuje to, co zaprz\u0105ta umys\u0142y szczerych demokrat\u00f3w. A jednak ich lider\u00f3w musi interesowa\u0107, co si\u0119 stanie w Polsce, gdy ZjeP utrzyma w\u0142adz\u0119 na kolejn\u0105 kadencj\u0119. To jest ich obowi\u0105zek i z tego b\u0119d\u0105 rozliczeni przez wyborc\u00f3w i zorganizowan\u0105 opini\u0119 publiczn\u0105, p\u00f3ki jeszcze istnieje i p\u00f3ki wybory nie stan\u0105 si\u0119 znowu fars\u0105, czyli dostarczaniem \u0142\u017ce-legitymizacji wci\u0105\u017c jednej i tej samej sitwie partyjno-biznesowej. <\/p>\n\n\n\n<p>W PRL frekwencja wyborcza podawana oficjalnie si\u0119ga\u0142a 80-90 proc. W rzeczywisto\u015bci by\u0142a podkr\u0119cana, by si\u0119 zgadza\u0142a z propagandow\u0105 tez\u0105, \u017ce &#8222;nar\u00f3d z parti\u0105, a partia z narodem&#8221;. R\u00f3\u017cne by\u0142y powody, dla kt\u00f3rych obywatele brali udzia\u0142 w tym politycznym jarmarku: konformizm, strach przed podpadni\u0119ciem w\u0142adzy, g\u0142upota i ignorancja, naiwna wiara, \u017ce &#8222;partia kieruje, rz\u0105d rz\u0105dzi, a ludziom \u017cyje si\u0119 lepiej&#8221;. <\/p>\n\n\n\n<p>Obecny przekaz ZjePu wmawia ludziom to samo i podobnymi metodami. W rz\u0105dowych mediach nie ma afer z udzia\u0142em ludzi obecnej w\u0142adzy, s\u0105 tylko afery przypisywane jej przeciwnikom. Po o\u015bmiu latach takiej dezinformacji obywatel odci\u0119ty od innych przekaz\u00f3w i z g\u00f3ry je odrzucaj\u0105cy uwierzy we wszystko. <\/p>\n\n\n\n<p>Ho\u0142ownia i Kosiniak-Kamysz nie m\u00f3wi\u0105 j\u0119zykiem PiS-u. Punktuj\u0105 obecn\u0105 w\u0142adz\u0119 podobnie, jak Platforma i Lewica. Rzecz w tym, \u017ce trac\u0105 wiarygodno\u015b\u0107, gdy mimo to nie chc\u0105 wsp\u00f3lnej listy. By\u0142 taki muzyk antysystemowy, kt\u00f3ry jak wszed\u0142 do polityki, szybko schowa\u0142 antysystemowe pazury, a dzi\u015b nosi Kaczy\u0144skiemu teczk\u0119. Sko\u0144czy\u0142o si\u0119 to rozpadem jego grupy w Sejmie i zjazdem poparcia na poziom jednocyfrowy. Gdy Tusk ostrzega, \u017ce symetryzm po stronie demokratycznej grozi jego or\u0119downikom, \u017ce dostan\u0105 baty, to w\u0142a\u015bnie to ma na my\u015bli. Za notoryczne lekcewa\u017cenie s\u0142usznych oczekiwa\u0144 elektoratu musi przyj\u015b\u0107 kara. Co to za sukces wej\u015b\u0107 do Sejmu, ale nie zdoby\u0107 wi\u0119kszo\u015bci pozwalaj\u0105cej zacz\u0105\u0107 napraw\u0119 pa\u0144stwa i prawa? <\/p>\n","protected":false},"excerpt":{"rendered":"<p>Wybory to w demokracji sprawa powa\u017cna. To nie farsa wyborcza jak w PRL, gdy sk\u0142ad Sejmu i rz\u0105du ustalano z g\u00f3ry w &#8222;bia\u0142ym domu&#8221; w Warszawie. Je\u015bli tak, to trzeba m\u00f3wi\u0107 bez ogr\u00f3dek: to przez Ho\u0142owni\u0119 i Kamysza &#8222;ZjeP&#8221; utrzyma w\u0142adz\u0119. Bardziej im zale\u017cy na fotelach w Sejmie ni\u017c na pokonaniu Kaczy\u0144skiego. Kazimierz Or\u0142o\u015b napisa\u0142 [&hellip;]<\/p>\n","protected":false},"author":3,"featured_media":13193,"comment_status":"open","ping_status":"closed","sticky":false,"template":"","format":"standard","meta":{"footnotes":""},"categories":[1],"tags":[],"_links":{"self":[{"href":"https:\/\/blog.polityka.pl\/szostkiewicz\/wp-json\/wp\/v2\/posts\/13893"}],"collection":[{"href":"https:\/\/blog.polityka.pl\/szostkiewicz\/wp-json\/wp\/v2\/posts"}],"about":[{"href":"https:\/\/blog.polityka.pl\/szostkiewicz\/wp-json\/wp\/v2\/types\/post"}],"author":[{"embeddable":true,"href":"https:\/\/blog.polityka.pl\/szostkiewicz\/wp-json\/wp\/v2\/users\/3"}],"replies":[{"embeddable":true,"href":"https:\/\/blog.polityka.pl\/szostkiewicz\/wp-json\/wp\/v2\/comments?post=13893"}],"version-history":[{"count":5,"href":"https:\/\/blog.polityka.pl\/szostkiewicz\/wp-json\/wp\/v2\/posts\/13893\/revisions"}],"predecessor-version":[{"id":13900,"href":"https:\/\/blog.polityka.pl\/szostkiewicz\/wp-json\/wp\/v2\/posts\/13893\/revisions\/13900"}],"wp:featuredmedia":[{"embeddable":true,"href":"https:\/\/blog.polityka.pl\/szostkiewicz\/wp-json\/wp\/v2\/media\/13193"}],"wp:attachment":[{"href":"https:\/\/blog.polityka.pl\/szostkiewicz\/wp-json\/wp\/v2\/media?parent=13893"}],"wp:term":[{"taxonomy":"category","embeddable":true,"href":"https:\/\/blog.polityka.pl\/szostkiewicz\/wp-json\/wp\/v2\/categories?post=13893"},{"taxonomy":"post_tag","embeddable":true,"href":"https:\/\/blog.polityka.pl\/szostkiewicz\/wp-json\/wp\/v2\/tags?post=13893"}],"curies":[{"name":"wp","href":"https:\/\/api.w.org\/{rel}","templated":true}]}}