
{"id":14187,"date":"2023-07-07T19:42:03","date_gmt":"2023-07-07T17:42:03","guid":{"rendered":"http:\/\/szostkiewicz.blog.polityka.pl\/?p=14187"},"modified":"2023-07-07T22:34:03","modified_gmt":"2023-07-07T20:34:03","slug":"udalo-sie-z-niemcami-moze-sie-udac-z-ukraincami","status":"publish","type":"post","link":"https:\/\/blog.polityka.pl\/szostkiewicz\/2023\/07\/07\/udalo-sie-z-niemcami-moze-sie-udac-z-ukraincami\/","title":{"rendered":"Uda\u0142o si\u0119 z Niemcami, mo\u017ce si\u0119 uda\u0107 z Ukrai\u0144cami"},"content":{"rendered":"\n<p>List polskich biskup\u00f3w katolickich do niemieckich z pami\u0119tn\u0105 fraz\u0105 &#8222;udzielamy wybaczenia i prosimy o nie&#8221; oburzy\u0142 cz\u0119\u015b\u0107 polskiego spo\u0142ecze\u0144stwa i pos\u0142u\u017cy\u0142 peerelowskiej propagandzie do atak\u00f3w na Ko\u015bci\u00f3\u0142. Og\u0142oszony w 1965 r., 20 lat po zako\u0144czeniu wojny, w trakcie II Soboru Watyka\u0144skiego i w odpowiedzi na pojednawcze wobec Polski gesty katolik\u00f3w i ewangelik\u00f3w w Niemczech Zachodnich, wydawa\u0142 si\u0119 pocz\u0105tkowo wizerunkow\u0105 i polityczn\u0105 katastrof\u0105 Ko\u015bcio\u0142a Wyszy\u0144skiego i Wojty\u0142y (obaj podpisali).<\/p>\n\n\n\n<!--more-->\n\n\n\n<p>Ale gdy emocje opad\u0142y i \u00f3wczesna PZPR-owska elita w\u0142adzy dostrzeg\u0142a interes w normalizacji stosunk\u00f3w z Republik\u0105 Federaln\u0105, ataki i krytyki usta\u0142y. A gdy upad\u0142 w Europie blok sowiecki, nowa elita niepodleg\u0142ej Polski mog\u0142a si\u0119 odwo\u0142a\u0107 do tamtego or\u0119dzia, zapraszaj\u0105c do Polski kanclerza Kohla na rozmowy o nowych stosunkach mi\u0119dzy obu pa\u0144stwami. Do listu odwo\u0142ywali si\u0119 pozytywnie zar\u00f3wno politycy odrodzonej Polski, jak i zjednoczonych Niemiec.<\/p>\n\n\n\n<p>Teraz z okazji 80. rocznicy zbrodni wo\u0142y\u0144skich abp G\u0105decki i abp Szewczuk,   pierwszy szefuje Konferencji Episkopatu Polski, drugi Ukrai\u0144skiemu Ko\u015bcio\u0142owi Greckokatolickiemu, podpisali rocznicowe or\u0119dzie. <a href=\"https:\/\/www.polityka.pl\/tygodnikpolityka\/kraj\/2219046,1,wspolne-oredzie-arcybiskupow-nowy-rozdzial-w-ksiedze-pojednania-polsko-ukrainskiego.read\">Pisz\u0119 o tym na naszej stronie internetowej<\/a>. To kolejny ko\u015bcielny krok ku pojednaniu mi\u0119dzy naszymi narodami. Kontekst polityczny obu dokument\u00f3w jest oczywi\u015bcie inny, ale cel podobny: wychylony w przysz\u0142o\u015b\u0107. Dzi\u015b ob\u00f3z Kaczy\u0144skiego rewiduje kurs przyj\u0119ty po 1989 r. w naszych relacjach z Niemcami. Ale kontynuuje kurs przyj\u0119ty po 1989 w naszych relacjach z Ukrain\u0105.<\/p>\n\n\n\n<p>W pierwszym przypadku zmiana kursu nie s\u0142u\u017cy naszym interesom, w drugim kontynuacja polityki poprzednich ekip im s\u0142u\u017cy. Mo\u017ce przynie\u015b\u0107 wzajemne korzy\u015bci, inaczej ni\u017c pisowska rewizja stosunk\u00f3w z Niemcami, kt\u00f3ra obu stronom przynosi nie korzy\u015bci, tylko straty. Pojednanie Polak\u00f3w z Niemcami i Ukrai\u0144cami nie dokonuje si\u0119 tylko w relacjach mi\u0119dzypa\u0144stwowych, bo te\u017c w kontaktach mi\u0119dzy obywatelami. W tym tkwi nadzieja, \u017ce b\u0142\u0119dy polityk\u00f3w nie zniszcz\u0105 samego procesu.<\/p>\n\n\n\n<p>Pojednanie z Niemcami zacz\u0119\u0142o si\u0119 od odwiedzin obywateli niemieckich w Polsce w ramach pokuty za zbrodnie III Rzeszy. Pot\u0119\u017cnym impulsem by\u0142a masowa akcja humanitarnej pomocy niemieckiej dla spo\u0142ecze\u0144stwa polskiego w stanie wojennym. Po upadku muru berli\u0144skiego elity polityczne Niemiec wspiera\u0142y starania niepodleg\u0142ej Polski o cz\u0142onkostwo w UE. Aktywni na tym polu byli niemieccy katolicy i protestanci. P\u00f3ki pami\u0119\u0107 o tym jest \u017cywa, obecna antyniemiecka propaganda obozu Kaczy\u0144skiego nie jest ca\u0142kowicie skuteczna. By\u0142aby jeszcze mniej skuteczna, gdyby Ko\u015bci\u00f3\u0142  ze swej strony si\u0119 od niej wyra\u017anie odcina\u0142. Milczenie Ko\u015bcio\u0142a na ten temat podwa\u017ca jego w\u0142asne zas\u0142ugi na tym polu.<\/p>\n\n\n\n<p>Pot\u0119\u017cnym impulsem na rzecz pojednania z Ukrai\u0144cami by\u0142a solidarno\u015b\u0107 okazana w Polsce uchod\u017acom po napa\u015bci Rosji. Wp\u0142yn\u0119\u0142a ona na proukrai\u0144sk\u0105 lini\u0119 przyj\u0119t\u0105 w sprawie wojny i pomocy przez obecne w\u0142adze pa\u0144stwowe. Tym razem Ko\u015bci\u00f3\u0142 instytucjonalny, ob\u00f3z Kaczy\u0144skiego i demokratyczna opozycja zaj\u0119\u0142y podobne stanowisko. To spory kapita\u0142 na przysz\u0142o\u015b\u0107 w kwestii pojednania. Obchody rocznicy wo\u0142y\u0144skiej politycy w obu pa\u0144stwach powinni wpisa\u0107 w proces pojednania w imi\u0119 przysz\u0142o\u015bci. Tak jak Niemcy pomaga\u0142y dyplomatycznie Polsce w jej staraniach o wej\u015bcie do UE, podobnie Polska powinna pomaga\u0107 w takich staraniach Ukrainie. Idealny scenariusz to odbudowa relacji z Niemcami i przyjazne s\u0105siedztwo z Ukrain\u0105.<\/p>\n","protected":false},"excerpt":{"rendered":"<p>List polskich biskup\u00f3w katolickich do niemieckich z pami\u0119tn\u0105 fraz\u0105 &#8222;udzielamy wybaczenia i prosimy o nie&#8221; oburzy\u0142 cz\u0119\u015b\u0107 polskiego spo\u0142ecze\u0144stwa i pos\u0142u\u017cy\u0142 peerelowskiej propagandzie do atak\u00f3w na Ko\u015bci\u00f3\u0142. Og\u0142oszony w 1965 r., 20 lat po zako\u0144czeniu wojny, w trakcie II Soboru Watyka\u0144skiego i w odpowiedzi na pojednawcze wobec Polski gesty katolik\u00f3w i ewangelik\u00f3w w Niemczech Zachodnich, [&hellip;]<\/p>\n","protected":false},"author":3,"featured_media":14193,"comment_status":"open","ping_status":"closed","sticky":false,"template":"","format":"standard","meta":{"footnotes":""},"categories":[1],"tags":[],"_links":{"self":[{"href":"https:\/\/blog.polityka.pl\/szostkiewicz\/wp-json\/wp\/v2\/posts\/14187"}],"collection":[{"href":"https:\/\/blog.polityka.pl\/szostkiewicz\/wp-json\/wp\/v2\/posts"}],"about":[{"href":"https:\/\/blog.polityka.pl\/szostkiewicz\/wp-json\/wp\/v2\/types\/post"}],"author":[{"embeddable":true,"href":"https:\/\/blog.polityka.pl\/szostkiewicz\/wp-json\/wp\/v2\/users\/3"}],"replies":[{"embeddable":true,"href":"https:\/\/blog.polityka.pl\/szostkiewicz\/wp-json\/wp\/v2\/comments?post=14187"}],"version-history":[{"count":4,"href":"https:\/\/blog.polityka.pl\/szostkiewicz\/wp-json\/wp\/v2\/posts\/14187\/revisions"}],"predecessor-version":[{"id":14192,"href":"https:\/\/blog.polityka.pl\/szostkiewicz\/wp-json\/wp\/v2\/posts\/14187\/revisions\/14192"}],"wp:featuredmedia":[{"embeddable":true,"href":"https:\/\/blog.polityka.pl\/szostkiewicz\/wp-json\/wp\/v2\/media\/14193"}],"wp:attachment":[{"href":"https:\/\/blog.polityka.pl\/szostkiewicz\/wp-json\/wp\/v2\/media?parent=14187"}],"wp:term":[{"taxonomy":"category","embeddable":true,"href":"https:\/\/blog.polityka.pl\/szostkiewicz\/wp-json\/wp\/v2\/categories?post=14187"},{"taxonomy":"post_tag","embeddable":true,"href":"https:\/\/blog.polityka.pl\/szostkiewicz\/wp-json\/wp\/v2\/tags?post=14187"}],"curies":[{"name":"wp","href":"https:\/\/api.w.org\/{rel}","templated":true}]}}