
{"id":145,"date":"2007-02-15T17:40:30","date_gmt":"2007-02-15T16:40:30","guid":{"rendered":"http:\/\/szostkiewicz.blog.polityka.pl\/?p=145"},"modified":"2007-02-16T10:29:29","modified_gmt":"2007-02-16T09:29:29","slug":"szczesliwe-dzieci","status":"publish","type":"post","link":"https:\/\/blog.polityka.pl\/szostkiewicz\/2007\/02\/15\/szczesliwe-dzieci\/","title":{"rendered":"Szcz\u0119\u015bliwe dzieci"},"content":{"rendered":"<p>Wed\u0142ug raportu ONZ najszcz\u0119\u015bliwszymi dzie\u0107mi na \u015bwiecie s\u0105 holenderskie, trzy kolejne miejsca w czo\u0142\u00f3wce zajmuj\u0105 kraje skandynawskie, Polska jest na 14 miejscu, wyprzedza USA i Wielk\u0105 Brytani\u0119. Czemu dzieci holenderskie s\u0105 takie szcz\u0119\u015bliwe? No bo kraj jest bardzo bogaty, nie\u017cle zorganizowany, co obejmuje te\u017c dobre szkolnictwo i dobr\u0105 s\u0142u\u017cb\u0119 zdrowia, a spo\u0142ecze\u0144stwo jest bardzo otwarte i demokratyczne. Holenderska rodzina dzieci mo\u017ce troch\u0119 rozpieszcza,ale szanuje. M\u0142ode matki znajduj\u0105 czas dla dzieci, bior\u0105 d\u0142ugi urlopy wychowawcze (nie ma to jak panstwo opieku\u0144cze z prawdziwego zdarzenia). Dzieciom pozwala si\u0119 przez ca\u0142y czas na wiele, mo\u017ce bardzo wiele, np. na picie i palenie po 16 roku \u017cycia. Ale r\u00f3wnie wa\u017cne jest to, \u017ce rodziny holenderskie nie znaj\u0105 temat\u00f3w tabu i rozmawia si\u0119 w nim o wszystkim. W miar\u0119 jak dzieci rosn\u0105, rodzice usuwaj\u0105 si\u0119 im z drogi, by mog\u0142y swobodnie eksplorowa\u0107 \u015bwiat i swoje w nim mo\u017cliwo\u015bci.<\/p>\n<p>Wygl\u0105da to na przepis na wychowawcz\u0105 katastrof\u0119 &#8211; dziki liberalizm &#8211; a tu prosz\u0119: m\u0142odzi Holendrzy s\u0105 zadowoleni z \u017cycia, kraj jest powszechnie lubiany i rzadko dziej\u0105 si\u0119 tam jakie\u015b straszne rzeczy, jak cho\u0107by akty przemocy w szko\u0142ach. Ostatnio k\u0142opoty mieli Holendrzy nie z m\u0142odzie\u017c\u0105, lecz z ekstremistami muzu\u0142ma\u0144skimi.<\/p>\n<p>Nie pisz\u0119 o tym, by szuka\u0107 jakich\u015b mora\u0142\u00f3w. Moje dzieci wychowywa\u0142y si\u0119 nieco podobnie i nie \u017ca\u0142uj\u0119. Ciekawe jest natomiast, \u017ce niedawno pisarka Manuela Gretkowska przy\u0142o\u017cy\u0142a w prasie obecnemu pokoleniu m\u0142odych rodzic\u00f3w: jeste\u015bcie niedojrzali, egocentryczni i wychowujecie dzieci na takich samych niedojrza\u0142ych egocentryk\u00f3w. Czy polscy rodzice rzeczywi\u015bcie s\u0105 do niczego? Dzieci mam ju\u017c doros\u0142e, wi\u0119c i mniej kontakt\u00f3w z rodzicami, o kt\u00f3rych pisze Gretkowska.Ale mo\u017ce nie jest tak \u017ale.<\/p>\n<p>\u00a0Model holenderski z r\u00f3\u017cnych powod\u00f3w nie ma u nas szans na szerokie upowszechnienie, przynajmniej w tej dekadzie,cho\u0107by z powodu luki rozwojowej, jak\u0105 b\u0119dziemy musieli zasypywa\u0107 mi\u0119dzy nami a Holandi\u0105 czy Skandynawi\u0105 jeszcze przez d\u0142ugie lata ( a przecie\u017c \u015bwiat nie b\u0119dzie sta\u0142 w miejscu i na nas biernie czeka\u0142, wi\u0119c i tak nie dogonimy). R\u00f3wnie istotny jest pow\u00f3d kulturowy: Polska lubi sw\u00f3j tradycjonalizm wychowawczy &#8211; widok matek czy ojc\u00f3w rugaj\u0105cych dzieci, cz\u0119sto ma\u0142e, na ulicy, albo spuszczaj\u0105cyh im publicznie manto nikogo specjalnie u nas nie bulwersuje). Jeste\u015bmy chyba jedynym krajem w Unii, gdzie publicznie, w powa\u017cnych mediach, w parlamencie, broni si\u0119 bicia dzieci czy kary \u015bmierci, a zarazem \u017c\u0105da warto\u015bci chrze\u015bcijanskich w eurokonstytucji (papie\u017c Benedykt XVI niedawno wyst\u0105pi\u0142 przeciwko karze \u015bmierci). To i tak prawie cud, \u017ce Polska zaj\u0119\u0142a 14 miejsce w tym raporcie. Mo\u017ce za spraw\u0105 i tych tysi\u0119cy rodzic\u00f3w, kt\u00f3rzy wbrew sugestiom Gretkowskiej staraj\u0105 si\u0119 wychowa\u0107 dzieci na dobrych, odpowiedzialnych i ciekawych \u015bwiata ludzi. A robi\u0105 to zwykle bez niczyjej pomocy, ani naszego ,,opieku\u0144czego&#8221; pa\u0144stwa, kt\u00f3re wymy\u015bli\u0142o becikowe, ani bez szerszego wsparcia spo\u0142ecznego, bo w Polsce przecie\u017c ka\u017cdy wie, jak dzieci chowa\u0107 i co mu tam kto\u015b b\u0119dzie&#8230; Wie czy nie, jedno chyba mo\u017cna powiedzie\u0107 \u017ce,szcz\u0119\u015bliwi rodzice wychowuj\u0105 szcz\u0119\u015bliwe dzieci.<\/p>\n","protected":false},"excerpt":{"rendered":"<p>Wed\u0142ug raportu ONZ najszcz\u0119\u015bliwszymi dzie\u0107mi na \u015bwiecie s\u0105 holenderskie, trzy kolejne miejsca w czo\u0142\u00f3wce zajmuj\u0105 kraje skandynawskie, Polska jest na 14 miejscu, wyprzedza USA i Wielk\u0105 Brytani\u0119. Czemu dzieci holenderskie s\u0105 takie szcz\u0119\u015bliwe? No bo kraj jest bardzo bogaty, nie\u017cle zorganizowany, co obejmuje te\u017c dobre szkolnictwo i dobr\u0105 s\u0142u\u017cb\u0119 zdrowia, a spo\u0142ecze\u0144stwo jest bardzo otwarte [&hellip;]<\/p>\n","protected":false},"author":3,"featured_media":0,"comment_status":"open","ping_status":"open","sticky":false,"template":"","format":"standard","meta":{"footnotes":""},"categories":[1],"tags":[],"_links":{"self":[{"href":"https:\/\/blog.polityka.pl\/szostkiewicz\/wp-json\/wp\/v2\/posts\/145"}],"collection":[{"href":"https:\/\/blog.polityka.pl\/szostkiewicz\/wp-json\/wp\/v2\/posts"}],"about":[{"href":"https:\/\/blog.polityka.pl\/szostkiewicz\/wp-json\/wp\/v2\/types\/post"}],"author":[{"embeddable":true,"href":"https:\/\/blog.polityka.pl\/szostkiewicz\/wp-json\/wp\/v2\/users\/3"}],"replies":[{"embeddable":true,"href":"https:\/\/blog.polityka.pl\/szostkiewicz\/wp-json\/wp\/v2\/comments?post=145"}],"version-history":[{"count":0,"href":"https:\/\/blog.polityka.pl\/szostkiewicz\/wp-json\/wp\/v2\/posts\/145\/revisions"}],"wp:attachment":[{"href":"https:\/\/blog.polityka.pl\/szostkiewicz\/wp-json\/wp\/v2\/media?parent=145"}],"wp:term":[{"taxonomy":"category","embeddable":true,"href":"https:\/\/blog.polityka.pl\/szostkiewicz\/wp-json\/wp\/v2\/categories?post=145"},{"taxonomy":"post_tag","embeddable":true,"href":"https:\/\/blog.polityka.pl\/szostkiewicz\/wp-json\/wp\/v2\/tags?post=145"}],"curies":[{"name":"wp","href":"https:\/\/api.w.org\/{rel}","templated":true}]}}