
{"id":148,"date":"2007-02-21T18:16:50","date_gmt":"2007-02-21T17:16:50","guid":{"rendered":"http:\/\/szostkiewicz.blog.polityka.pl\/?p=148"},"modified":"2007-02-21T18:16:50","modified_gmt":"2007-02-21T17:16:50","slug":"komisarz-dimas-broni-rospudy","status":"publish","type":"post","link":"https:\/\/blog.polityka.pl\/szostkiewicz\/2007\/02\/21\/komisarz-dimas-broni-rospudy\/","title":{"rendered":"Komisarz Dimas broni Rospudy"},"content":{"rendered":"<p>Czy\u017cby to Bruksela mia\u0142a uratowa\u0107 moczary Rospudy? Los tej doliny nie jest mi oboj\u0119tny, bo od lat je\u017cdz\u0119 w wakacje przez Suwalszczyzn\u0119 pod sam\u0105 granic\u0119 i ma\u0142o gdzie czuj\u0119 si\u0119 tak dobrze jak z podlaskimi bo\u0107kami, Mi\u0142oszow\u0105 Krasnogrud\u0105\u00a0i pod nocnym rozgwie\u017cd\u017conym niebem w Stankunach. Do walcz\u0105cych ekolog\u00f3w stosunek mam neutralnie \u017cyczliwy, byle nie popadali w fundamentalizm i\u00a0nie si\u0119gali po przemoc. W sporze ochrona \u015brodowiska &#8211; rozw\u00f3j racje s\u0105 mocno podzielone i powszechnie znane, ale przenikanie idei ekologicznej do g\u0142\u00f3wnego nurtu opinii jest faktem, z kt\u00f3rym politycy, Ko\u015bcio\u0142y i media nie mog\u0105 si\u0119 ju\u017c nie liczy\u0107, obracaj\u0105c j\u0105, jak dawniej bywa\u0142o, w wybryki lub mrzonki naiwnej i ckliwej m\u0142odzie\u017cy. Ostatnio nawet brytyjscy konserwaty\u015bci ,,go green&#8221;, a na ca\u0142ego w ekologi\u0119 anga\u017cuje si\u0119 Komisja Europejska.<\/p>\n<p>To jej cz\u0142onek, Grek Stavros Dimas, broni Rospudy jak naszej niepodleg\u0142o\u015bci, cho\u0107 w istocie wezwanie komisarza, by natychmiast wstrzyma\u0107 budow\u0119 szosy Warszawa-Helsinki przez dolin\u0119 Rospudy jest przypomnieniem, \u017ce odk\u0105d weszli\u015bmy do Unii nasza suwerenno\u015b\u0107 zmieni\u0142a tre\u015b\u0107. Gdyby na dodatek Unia przeforsowa\u0142a swoje plany wprowadzenia karanej ci\u0119\u017ckimi grzywnami ,,zbrodni ekologicznej&#8221;, mieliby\u015bmy do czynienia z pierwszym bodaj przejawem bezpo\u015bredniej ingerencji Unii w prawo narodowe, bo kraje cz\u0142onkowskie musia\u0142yby takie przest\u0119pstwo wpisa\u0107 do swych kodeks\u00f3w karnych. Trudno nie zauwa\u017cy\u0107, \u017ce taka sytuacja\u00a0narusza tradycyjne poj\u0119cie suwerenno\u015bci.<\/p>\n<p>Ale czy gra nie jest warta \u015bwieczki? Tylko w krajach na dorobku, o przeci\u0119tnie niewysokiej kulturze prawnej i ekologicznej, twardy kurs Brukseli w tej dziedzinie wywo\u0142uje niech\u0119\u0107. Na Zachodzie nawet najwi\u0119ksze kapitalistyczne ,,\u0142otry&#8221; &#8211; wielonarodowe koncerny &#8211; reklamuj\u0105 si\u0119 jako przyjazne wzgl\u0119dem \u015brodowiska i faktycznie wydaj\u0105 na te cele du\u017ce sumy. Podobnie zwykli obywatele, kt\u00f3rzy mo\u017ce czasem wr\u0119cz z przesadnym entuzjazmem praktykuj\u0105 ,,ekologiczn\u0105 poprawno\u015b\u0107&#8221; w domu, zagrodzie i na wyje\u017adzie. Nam do takich standard\u00f3w wci\u0105\u017c daleko &#8211; wystarczy rzut oka z okna poci\u0105gu lub samochodu na pobocza dr\u00f3g us\u0142ane \u015bmieciami &#8211; i cho\u0107by dlatego akcji takich jak obrona Rospudy nigdy u nas za ma\u0142o.<\/p>\n<p>Nie wiem, jak protest si\u0119 sko\u0144czy &#8211; my\u015bl\u0119, \u017ce szanse odroczenia a mo\u017ce wr\u0119cz zaniechania budowy obwodnicy przez torfowiska rosn\u0105, odk\u0105d komisarz Dimas waln\u0105\u0142 pi\u0119\u015bci\u0105 w st\u00f3\u0142, a warto zauwa\u017cy\u0107 te\u017c nieco (dla mnie) zaskakuj\u0105ce zaanga\u017cowanie rzecznika praw i memoria\u0142 polskich biolog\u00f3w. Komisarz s\u0142a\u0142 ostrze\u017cenia do Warszawy ju\u017c co najmniej od grudnia, \u017ce Polska jest w dw\u00f3ch kwestiach na bakier z prawem europejskim: po pierwsze, w sprawie planowanych bud\u00f3w drogowych przez specjalnie chronione ekostrefy i po drugie, w sprawie obj\u0119cia ochron\u0105 miejsc nawiedzanych przez niekt\u00f3re gatunki ptak\u00f3w. Polska zg\u0142osi\u0142a dot\u0105d 72 takie miejsca, ale komisarz wywodzi, \u017ce to za ma\u0142o. S\u0142owem,<br \/>\nBruksela zach\u0119ca nas z jednej strony do zdecydowanie wi\u0119kszej eko-aktywno\u015bci, a z drugiej do przyhamowania z projektami sprzecznymi z obecn\u0105, zaostrzon\u0105 europejsk\u0105 polityk\u0105 ochrony \u015brodowiska naturalnego. Ciekawe, jak z tym podw\u00f3jnym wyzwaniem poradzi sobie nasz rz\u0105d? Jakie wyka\u017ce zdolno\u015bci wsp\u00f3\u0142pracy w s\u0142usznej przecie\u017c sprawie, jakie umiej\u0119tno\u015bci negocjacyjne? Tak to sprawa Rospudy stanie si\u0119 przez przypadek, ale jak znamienny, testem politycznym przed coraz bli\u017cszym wznowieniem dyskusji o tak zwanej eurokonstytucji. A swoj\u0105 drog\u0105, czy naprawd\u0119 nie lepiej by\u0142o pu\u015bci\u0107 obwodnic\u0119 po nieco innej trasie?\u00a0\u00a0<\/p>\n","protected":false},"excerpt":{"rendered":"<p>Czy\u017cby to Bruksela mia\u0142a uratowa\u0107 moczary Rospudy? Los tej doliny nie jest mi oboj\u0119tny, bo od lat je\u017cdz\u0119 w wakacje przez Suwalszczyzn\u0119 pod sam\u0105 granic\u0119 i ma\u0142o gdzie czuj\u0119 si\u0119 tak dobrze jak z podlaskimi bo\u0107kami, Mi\u0142oszow\u0105 Krasnogrud\u0105\u00a0i pod nocnym rozgwie\u017cd\u017conym niebem w Stankunach. Do walcz\u0105cych ekolog\u00f3w stosunek mam neutralnie \u017cyczliwy, byle nie popadali w [&hellip;]<\/p>\n","protected":false},"author":3,"featured_media":0,"comment_status":"open","ping_status":"open","sticky":false,"template":"","format":"standard","meta":{"footnotes":""},"categories":[1],"tags":[],"_links":{"self":[{"href":"https:\/\/blog.polityka.pl\/szostkiewicz\/wp-json\/wp\/v2\/posts\/148"}],"collection":[{"href":"https:\/\/blog.polityka.pl\/szostkiewicz\/wp-json\/wp\/v2\/posts"}],"about":[{"href":"https:\/\/blog.polityka.pl\/szostkiewicz\/wp-json\/wp\/v2\/types\/post"}],"author":[{"embeddable":true,"href":"https:\/\/blog.polityka.pl\/szostkiewicz\/wp-json\/wp\/v2\/users\/3"}],"replies":[{"embeddable":true,"href":"https:\/\/blog.polityka.pl\/szostkiewicz\/wp-json\/wp\/v2\/comments?post=148"}],"version-history":[{"count":0,"href":"https:\/\/blog.polityka.pl\/szostkiewicz\/wp-json\/wp\/v2\/posts\/148\/revisions"}],"wp:attachment":[{"href":"https:\/\/blog.polityka.pl\/szostkiewicz\/wp-json\/wp\/v2\/media?parent=148"}],"wp:term":[{"taxonomy":"category","embeddable":true,"href":"https:\/\/blog.polityka.pl\/szostkiewicz\/wp-json\/wp\/v2\/categories?post=148"},{"taxonomy":"post_tag","embeddable":true,"href":"https:\/\/blog.polityka.pl\/szostkiewicz\/wp-json\/wp\/v2\/tags?post=148"}],"curies":[{"name":"wp","href":"https:\/\/api.w.org\/{rel}","templated":true}]}}