
{"id":14813,"date":"2024-01-01T12:35:59","date_gmt":"2024-01-01T11:35:59","guid":{"rendered":"http:\/\/szostkiewicz.blog.polityka.pl\/?p=14813"},"modified":"2024-01-01T14:08:34","modified_gmt":"2024-01-01T13:08:34","slug":"pojednanie","status":"publish","type":"post","link":"https:\/\/blog.polityka.pl\/szostkiewicz\/2024\/01\/01\/pojednanie\/","title":{"rendered":"Pojednanie"},"content":{"rendered":"\n<p>Na nowy rok prezydent Duda spod kiczowatego portretu Lecha Kaczy\u0144skiego przem\u00f3wi\u0142 do rodak\u00f3w Mastalerkiem. Zamiast z\u0142o\u017cy\u0107 \u017cyczenia i sko\u0144czy\u0107 po trzech minutach, wda\u0142 si\u0119 w rozwa\u017cania o nowej sytuacji politycznej, tak jakby chcia\u0142 przypomnie\u0107 nowemu rz\u0105dowi, \u017ce on wci\u0105\u017c jest prezydentem i mo\u017ce Tuskowi przy\u0142o\u017cy\u0107.<\/p>\n\n\n\n<!--more-->\n\n\n\n<p>Styl Mastalerka to konfrontacja i takie b\u0119d\u0105 ostatnie miesi\u0105ce prezydentury Dudy. Tusk natychmiast zareagowa\u0142 na zaczepk\u0119 w swoim ironicznym stylu, dzi\u0119kuj\u0105c za cud przemiany prezydenta w obro\u0144c\u0119 konstytucji i praworz\u0105dno\u015bci. W swoim or\u0119dziu noworocznym premier obieca\u0142, \u017ce spe\u0142ni wyborcze obietnice o rozliczeniu i naprawieniu z\u0142a i krzywdy, a zarazem o pojednaniu. Ma\u0142o kto wierzy, \u017ce z pisowcami mo\u017cna si\u0119 pojedna\u0107. Duda m\u00f3wi\u0105cy Mastalerkiem czy Jan Pietrzak grzmi\u0105cy w neoTVPiS, \u017ce znajd\u0105 si\u0119 baraki w O\u015bwi\u0119cimiu i Treblince dla imigrant\u00f3w, to naj\u015bwie\u017csze przyk\u0142ady. Ale Tuskowi nie chodzi o kicz pojednania, tylko o co\u015b du\u017co trwalszego.<\/p>\n\n\n\n<p>Nie ma bowiem sprzeczno\u015bci mi\u0119dzy d\u0105\u017ceniem do pojednania spo\u0142ecznego a poci\u0105gni\u0119ciem do odpowiedzialno\u015bci konkretnych os\u00f3b, kt\u00f3rym w uczciwy i rzetelny spos\u00f3b udowodni z\u0142amanie prawa niezale\u017cny od rz\u0105dz\u0105cej w\u0142adzy wymiar sprawiedliwo\u015bci.<\/p>\n\n\n\n<p>Pojednanie, o jakim m\u00f3wi\u0142 obecny premier,\u00a0\u00a0ma historyczne precedensy. W USA po krwawej wojnie domowej mi\u0119dzy Uni\u0105 a Konfederacj\u0105. W Polsce odrodzonej w 1918 r. W Niemczech po upadku re\u017cimu nazistowskiego. We W\u0142oszech po upadku faszyzmu. W Hiszpanii po upadku frankizmu. W Europie \u015arodkowo-Wschodniej po upadku Rosji sowieckiej. Wsz\u0119dzie nowa w\u0142adza rozlicza\u0142a przest\u0119pczych funkcjonariuszy re\u017cim\u00f3w i budowa\u0142a konsens wok\u00f3\u0142 demokracji. Oczywi\u015bcie nie sz\u0142o to \u0142atwo i nie zawsze skutecznie, ale kierunek by\u0142 jasno wytyczony.<\/p>\n\n\n\n<p>Nie znaczy to, \u017ce wsz\u0119dzie nagle znikaj\u0105 pokonane ideologie i si\u0142y polityczne, a wszyscy padaj\u0105 sobie w ramiona i obiecuj\u0105, \u017ce nigdy wi\u0119cej. Pojednanie, o jakim mowa, polega na zmianie ustrojowej, kt\u00f3r\u0105 akceptuje wi\u0119kszo\u015b\u0107 spo\u0142ecze\u0144stwa.<\/p>\n\n\n\n<p>Tak jak by\u0142o w Polsce po 1989 r. Obro\u0144c\u00f3w &#8222;realnego socjalizmu&#8221; by\u0142o tylu, co kot nap\u0142aka\u0142, kiedy powsta\u0142 rz\u0105d Tadeusza Mazowieckiego. Pojednanie oznacza, \u017ce ludzie chc\u0105 zmiany z r\u00f3\u017cnych przyczyn, ale we wsp\u00f3lnym poczuciu, \u017ce jest potrzebna, by kraj szed\u0142 do przodu, a nie buksowa\u0142. Tego mog\u0105 pragn\u0105\u0107 wyborcy prawicy, centrum i lewicy. Nie pragn\u0105 tego tylko ekstremi\u015bci, dla kt\u00f3rych im gorzej, tym lepiej.<\/p>\n\n\n\n<p>Takie pojednanie nie wyklucza sporu w ramach prawa. Sp\u00f3r jest normalny i po\u017c\u0105dany w systemie demokratycznym. Dzi\u0119ki niemu obywatele podejmuj\u0105 decyzje wyborcze. S\u0142uchaj\u0105 r\u00f3\u017cnych argument\u00f3w, oceniaj\u0105 je przez pryzmat swoich do\u015bwiadcze\u0144, warto\u015bci i interes\u00f3w. Ale przyjmuj\u0105 do wiadomo\u015bci, \u017ce w wolnych wyborach ich faworyci raz wygrywaj\u0105, a innym razem przegrywaj\u0105.<\/p>\n\n\n\n<p>Kiedy przegraj\u0105, gratuluj\u0105 zwyci\u0119zcom i przekazuj\u0105 im w\u0142adz\u0119 bez zb\u0119dnej zw\u0142oki, bo pa\u0144stwo potrzebuje ci\u0105g\u0142o\u015bci i stabilno\u015bci. Destrukcyjn\u0105 alternatyw\u0105 jest odrzucenie wyniku wybor\u00f3w bez przekonuj\u0105cych dowod\u00f3w fa\u0142szerstwa. T\u0119 drog\u0119 &#8211; w istocie antydemokratyczn\u0105 i antypa\u0144stwow\u0105 &#8211; wybra\u0142 ob\u00f3z Trumpa w USA, wywo\u0142uj\u0105c kryzys w najpot\u0119\u017cniejszym pa\u0144stwie \u015bwiata zachodniego.<\/p>\n\n\n\n<p>W Polsce przegrany ob\u00f3z Kaczy\u0144skiego nie posun\u0105\u0142 si\u0119 tak daleko, jednak nie zaakceptowa\u0142 psychologicznie ani politycznie utraty w\u0142adzy, wywo\u0142uj\u0105c obawy, \u017ce b\u0119dzie dzia\u0142a\u0142 tak, jakby nowy rz\u0105d Donalda Tuska nie by\u0142 prawdziwym rz\u0105dem, tylko ekspozytur\u0105 obcych interes\u00f3w. To jest postawa antypolska i antypa\u0144stwowa, obra\u017caj\u0105ca wyborc\u00f3w koalicji 15 pa\u017adziernika.<\/p>\n\n\n\n<p>By\u0142y szef CBA Pawe\u0142 Wojtunik <a href=\"https:\/\/wyborcza.pl\/magazyn\/7,124059,30524688,pawel-wojtunik-pis-bedzie-chcialo-stworzyc-panstwo-rownolegle.html#S.editors_pick_hp-K.P-B.1-L.1.zw\">przestrzeg\u0142<\/a>, \u017ce ludzie Kaczy\u0144skiego chc\u0105 si\u0119 okopa\u0107 w swoim &#8222;podziemno-partyzanckim&#8221; pa\u0144stwie i prowadzi\u0107 wojn\u0119 na wyniszczenie z rz\u0105dem Tuska. Z tymi lud\u017ami pojednanie nie jest ani mo\u017cliwe, ani po\u017c\u0105dane. Tusk nie ich mia\u0142 na my\u015bli, ale ich wyborc\u00f3w, t\u0119 ich cz\u0119\u015b\u0107, kt\u00f3ra odrzuca rewolucyjn\u0105 zasad\u0119, \u017ce im lepiej, tym gorzej.<\/p>\n\n\n\n<p>Pojednanie w rozumieniu demokratycznym oznacza zgod\u0119 ponad r\u00f3\u017cnicami na Polsk\u0119 opisan\u0105 w naszej konstytucji. Tej zgody nie by\u0142o przez osiem lat rz\u0105d\u00f3w obozu Kaczy\u0144skiego, dlatego ich obecne wezwania do przestrzegania konstytucji i regu\u0142 demokratycznych nie s\u0105 bynajmniej wiarygodne, to ob\u0142udny do cna element ich gry o odzyskanie w\u0142adzy.<\/p>\n\n\n\n<p>Gdy Tusk m\u00f3wi o pojednaniu i wsp\u00f3lnocie, to chodzi mu, jak s\u0105dz\u0119, o to, co nazywamy\u00a0&#8222;narodem politycznym&#8221;. Czyli o poparcie w\u015br\u00f3d wi\u0119kszo\u015bci spo\u0142ecze\u0144stwa i reprezentuj\u0105cych j\u0105 polityk\u00f3w i dzia\u0142aczy spo\u0142ecznych dla demokratycznie przyj\u0119tej konstytucji. O wszystko mo\u017cemy si\u0119 spiera\u0107, ale w jej ramach. A je\u015bli chcemy j\u0105 zmieni\u0107, to tylko konstytucyjnie. Tylko i a\u017c tyle.<\/p>\n","protected":false},"excerpt":{"rendered":"<p>Na nowy rok prezydent Duda spod kiczowatego portretu Lecha Kaczy\u0144skiego przem\u00f3wi\u0142 do rodak\u00f3w Mastalerkiem. Zamiast z\u0142o\u017cy\u0107 \u017cyczenia i sko\u0144czy\u0107 po trzech minutach, wda\u0142 si\u0119 w rozwa\u017cania o nowej sytuacji politycznej, tak jakby chcia\u0142 przypomnie\u0107 nowemu rz\u0105dowi, \u017ce on wci\u0105\u017c jest prezydentem i mo\u017ce Tuskowi przy\u0142o\u017cy\u0107.<\/p>\n","protected":false},"author":3,"featured_media":14816,"comment_status":"open","ping_status":"closed","sticky":false,"template":"","format":"standard","meta":{"footnotes":""},"categories":[1],"tags":[],"_links":{"self":[{"href":"https:\/\/blog.polityka.pl\/szostkiewicz\/wp-json\/wp\/v2\/posts\/14813"}],"collection":[{"href":"https:\/\/blog.polityka.pl\/szostkiewicz\/wp-json\/wp\/v2\/posts"}],"about":[{"href":"https:\/\/blog.polityka.pl\/szostkiewicz\/wp-json\/wp\/v2\/types\/post"}],"author":[{"embeddable":true,"href":"https:\/\/blog.polityka.pl\/szostkiewicz\/wp-json\/wp\/v2\/users\/3"}],"replies":[{"embeddable":true,"href":"https:\/\/blog.polityka.pl\/szostkiewicz\/wp-json\/wp\/v2\/comments?post=14813"}],"version-history":[{"count":3,"href":"https:\/\/blog.polityka.pl\/szostkiewicz\/wp-json\/wp\/v2\/posts\/14813\/revisions"}],"predecessor-version":[{"id":14817,"href":"https:\/\/blog.polityka.pl\/szostkiewicz\/wp-json\/wp\/v2\/posts\/14813\/revisions\/14817"}],"wp:featuredmedia":[{"embeddable":true,"href":"https:\/\/blog.polityka.pl\/szostkiewicz\/wp-json\/wp\/v2\/media\/14816"}],"wp:attachment":[{"href":"https:\/\/blog.polityka.pl\/szostkiewicz\/wp-json\/wp\/v2\/media?parent=14813"}],"wp:term":[{"taxonomy":"category","embeddable":true,"href":"https:\/\/blog.polityka.pl\/szostkiewicz\/wp-json\/wp\/v2\/categories?post=14813"},{"taxonomy":"post_tag","embeddable":true,"href":"https:\/\/blog.polityka.pl\/szostkiewicz\/wp-json\/wp\/v2\/tags?post=14813"}],"curies":[{"name":"wp","href":"https:\/\/api.w.org\/{rel}","templated":true}]}}