
{"id":14844,"date":"2024-01-07T16:16:19","date_gmt":"2024-01-07T15:16:19","guid":{"rendered":"http:\/\/szostkiewicz.blog.polityka.pl\/?p=14844"},"modified":"2024-01-07T20:13:22","modified_gmt":"2024-01-07T19:13:22","slug":"__trashed","status":"publish","type":"post","link":"https:\/\/blog.polityka.pl\/szostkiewicz\/2024\/01\/07\/__trashed\/","title":{"rendered":"&#8222;Rz\u0105d przej\u015bciowy&#8221;"},"content":{"rendered":"\n<p>Pisowska prawica chce wywo\u0142a\u0107 wra\u017cenie w spo\u0142ecze\u0144stwie, \u017ce rz\u0105d Tuska wkr\u00f3tce upadnie, a jedyn\u0105 si\u0142\u0105, kt\u00f3ra mo\u017ce rz\u0105dzi\u0107 w Polsce, jest ob\u00f3z Kaczy\u0144skiego. Wszyscy zastanawiamy si\u0119, co przynios\u0105 w tej sytuacji najbli\u017csze dni. Ulg\u0119 i rado\u015b\u0107 po zaprzysi\u0119\u017ceniu rz\u0105du demokratycznej wi\u0119kszo\u015bci zaczyna wypiera\u0107 niepok\u00f3j. I o to chodzi PiS-owi. Szykuje prowokacje, kt\u00f3re maj\u0105 pokaza\u0107, \u017ce obecny uk\u0142ad si\u0142 jest przej\u015bciowy, nie przetrwa do ko\u0144ca obecnej kadencji, a mo\u017ce nawet do ko\u0144ca roku.<\/p>\n\n\n\n<!--more-->\n\n\n\n<p>Wa\u017cnym momentem b\u0119dzie 10 stycznia, kiedy zobaczymy, czy i w jaki spos\u00f3b W\u0105sik i Kami\u0144ski &#8211; ich sprawa to teraz najmocniejszy symbol dewastacji wymiaru sprawiedliwo\u015bci przez Ziobr\u0119 i prezydenta &#8211; zajm\u0105 miejsca w sali plenarnej Sejmu i kiedy neos\u0119dziowie w tzw. Izbie Kontroli Nadzwyczajnej potwierdz\u0105 albo nie potwierdz\u0105 wa\u017cno\u015bci wybor\u00f3w parlamentarnych 15 pa\u017adziernika, w wyniku kt\u00f3rych ob\u00f3z pisowski utraci\u0142 w\u0142adz\u0119 z woli wi\u0119kszo\u015bci wyborc\u00f3w.<\/p>\n\n\n\n<p>Izba Kontroli przy S\u0105dzie Najwy\u017cszym jest rodzajem s\u0105du specjalnego, czyli polityczn\u0105 przybud\u00f3wk\u0105 obozu Kaczy\u0144skiego, kt\u00f3ra ma broni\u0107 i chroni\u0107 jego ludzi przed poniesieniem odpowiedzialno\u015bci za ich bezprawne dzia\u0142ania, a tym samym s\u0142u\u017cy\u0107 interesom tego obozu. Zbigniew Ziobro i jego wsp\u00f3\u0142pracownicy stworzyli w tym celu ci\u0105g technologiczny w wymiarze sprawiedliwo\u015bci.<\/p>\n\n\n\n<p>Ostrzegali przed anarchicznymi skutkami tej konstrukcji liczni prawnicy, eksperci i publicy\u015bci. I teraz machina ruszy\u0142a. Broni W\u0105sika i Kami\u0144skiego przed utrat\u0105 mandat\u00f3w poselskich, grozi marsza\u0142kowi Ho\u0142owni, mo\u017ce zablokowa\u0107 bud\u017cet pa\u0144stwa, rozwi\u0105za\u0107 parlament pod tym pretekstem albo na mocy orzeczenia bezprawnej Izby, \u017ce wybory s\u0105 niewa\u017cne. Zawsze do dyspozycji maj\u0105 jeszcze boj\u00f3wki gotowe do wywo\u0142ania burd pod Sejmem, na ulicach i pod gmachami rz\u0105dowymi. Tak by\u0142o ju\u017c w naszej historii w czasie poprzedzaj\u0105cym wyb\u00f3r prezydenta Narutowicza i po jego zamordowaniu przez nacjonalist\u0119. Dzi\u015b te\u017c chodzi o parali\u017c pa\u0144stwa, maj\u0105cy doprowadzi\u0107 do rych\u0142ego powrotu pisowskich nacjonalist\u00f3w do w\u0142adzy. Strasz\u0105 w tym celu wojn\u0105 domow\u0105, gro\u017c\u0105 demokratom zemst\u0105.<\/p>\n\n\n\n<p>To jest ich cel. Pytanie, czy osi\u0105galny. Nie znam odpowiedzi, ale s\u0105dz\u0119, \u017ce rz\u0105d Tuska to wszystko widzi i przygotowuje odpowied\u017a. Obalenie rz\u0105du demokratycznej, proeuropejskiej wi\u0119kszo\u015bci by\u0142oby katastrof\u0105 por\u00f3wnywaln\u0105 pod wzgl\u0119dem politycznym, mi\u0119dzynarodowym i w sensie psychologii spo\u0142ecznej z zamachem na Solidarno\u015b\u0107. Czyni\u0142oby z Kaczy\u0144skiego Jaruzelskiego mia\u017cd\u017c\u0105cego nadzieje wi\u0119kszo\u015bci Polak\u00f3w na powr\u00f3t demokracji i praworz\u0105dno\u015bci w rozumieniu konstytucji, a nie Nowogrodzkiej.<\/p>\n\n\n\n<p>Co gorsza, Kaczy\u0144ski nie jest dzi\u015b zdolny do racjonalnej oceny sytuacji, takiej, jak\u0105 wykaza\u0142 Jaruzelski, godz\u0105c si\u0119 po latach prze\u015bladowa\u0144 \u00f3wczesnej opozycji na rozpocz\u0119cie z ni\u0105 rozm\u00f3w, kt\u00f3re ostatecznie wyprowadzi\u0142y kraj z matni. Powr\u00f3t obozu Kaczy\u0144skiego do w\u0142adzy drog\u0105 inn\u0105 ni\u017c w wolnych, r\u00f3wnych i uczciwych wyborach nieuchronnie prowadzi\u0142by do wprowadzenia, ju\u017c ca\u0142kowicie i bez \u017cadnych os\u0142onek,   rz\u0105d\u00f3w autorytarnych. Czy tak si\u0119 stanie, zale\u017cy od wielu rzeczy, z kt\u00f3rych wi\u0119kszo\u015b\u0107 jest teraz nieprzewidywalna, wszystkie opcje s\u0105 na stole.<\/p>\n\n\n\n<p>By\u0142o jasne, \u017ce po pisowskich rz\u0105dach &#8222;bez \u017cadnego trybu&#8221; musi by\u0107 chaos &#8211; twierdzi Rafa\u0142 Matyja w rozmowie z krakowsk\u0105 &#8222;GW&#8221;. Uwa\u017ca, \u017ce Tuska i jego rz\u0105d ocenimy po tym, jak sobie poradzi z usuwaniem tego chaosu. Zdaje sobie spraw\u0119, jaka to har\u00f3wka. <br \/><\/p>\n\n\n\n<p>Opinie to jedno, realna polityka to drugie. Rz\u0105d Tuska nie jest przej\u015bciowy, takim chce go widzie\u0107 pisowska propaganda. Przej\u015bciowe nie jest te\u017c nasze pa\u0144stwo, chyba \u017ce w oczach jego wrog\u00f3w zewn\u0119trznych i wewn\u0119trznych.<\/p>\n\n\n\n<p>Rz\u0105d Tuska nie jest &#8222;ideologiczny&#8221; &#8211; to kolejny pomys\u0142 prawicy na jego delegitymizacj\u0119 &#8211; tylko sk\u0142ada si\u0119 z pa\u0144stwowc\u00f3w i lider\u00f3w spo\u0142ecze\u0144stwa obywatelskiego, a to dobre po\u0142\u0105czenie z punktu widzenia pa\u0144stwa i obywateli. Rz\u0105dy pisowskie nie szanowa\u0142y ani pa\u0144stwa opisanego w naszej konstytucji, ani spo\u0142ecze\u0144stwa obywatelskiego, chyba \u017ce jego od\u0142am propisowski. Powr\u00f3t PiS do w\u0142adzy po demokratach oznacza\u0142by ca\u0142kowit\u0105 transformacj\u0119 pa\u0144stwa z demokratycznego na nacjonalistyczno-wyznaniowe. I nie by\u0142yby to schody do nieba, tylko r\u00f3wnia pochy\u0142a. <\/p>\n","protected":false},"excerpt":{"rendered":"<p>Pisowska prawica chce wywo\u0142a\u0107 wra\u017cenie w spo\u0142ecze\u0144stwie, \u017ce rz\u0105d Tuska wkr\u00f3tce upadnie, a jedyn\u0105 si\u0142\u0105, kt\u00f3ra mo\u017ce rz\u0105dzi\u0107 w Polsce, jest ob\u00f3z Kaczy\u0144skiego. Wszyscy zastanawiamy si\u0119, co przynios\u0105 w tej sytuacji najbli\u017csze dni. Ulg\u0119 i rado\u015b\u0107 po zaprzysi\u0119\u017ceniu rz\u0105du demokratycznej wi\u0119kszo\u015bci zaczyna wypiera\u0107 niepok\u00f3j. I o to chodzi PiS-owi. Szykuje prowokacje, kt\u00f3re maj\u0105 pokaza\u0107, \u017ce [&hellip;]<\/p>\n","protected":false},"author":3,"featured_media":13351,"comment_status":"open","ping_status":"closed","sticky":false,"template":"","format":"standard","meta":{"footnotes":""},"categories":[1],"tags":[],"_links":{"self":[{"href":"https:\/\/blog.polityka.pl\/szostkiewicz\/wp-json\/wp\/v2\/posts\/14844"}],"collection":[{"href":"https:\/\/blog.polityka.pl\/szostkiewicz\/wp-json\/wp\/v2\/posts"}],"about":[{"href":"https:\/\/blog.polityka.pl\/szostkiewicz\/wp-json\/wp\/v2\/types\/post"}],"author":[{"embeddable":true,"href":"https:\/\/blog.polityka.pl\/szostkiewicz\/wp-json\/wp\/v2\/users\/3"}],"replies":[{"embeddable":true,"href":"https:\/\/blog.polityka.pl\/szostkiewicz\/wp-json\/wp\/v2\/comments?post=14844"}],"version-history":[{"count":5,"href":"https:\/\/blog.polityka.pl\/szostkiewicz\/wp-json\/wp\/v2\/posts\/14844\/revisions"}],"predecessor-version":[{"id":14849,"href":"https:\/\/blog.polityka.pl\/szostkiewicz\/wp-json\/wp\/v2\/posts\/14844\/revisions\/14849"}],"wp:featuredmedia":[{"embeddable":true,"href":"https:\/\/blog.polityka.pl\/szostkiewicz\/wp-json\/wp\/v2\/media\/13351"}],"wp:attachment":[{"href":"https:\/\/blog.polityka.pl\/szostkiewicz\/wp-json\/wp\/v2\/media?parent=14844"}],"wp:term":[{"taxonomy":"category","embeddable":true,"href":"https:\/\/blog.polityka.pl\/szostkiewicz\/wp-json\/wp\/v2\/categories?post=14844"},{"taxonomy":"post_tag","embeddable":true,"href":"https:\/\/blog.polityka.pl\/szostkiewicz\/wp-json\/wp\/v2\/tags?post=14844"}],"curies":[{"name":"wp","href":"https:\/\/api.w.org\/{rel}","templated":true}]}}