
{"id":14982,"date":"2024-01-31T06:06:19","date_gmt":"2024-01-31T05:06:19","guid":{"rendered":"http:\/\/szostkiewicz.blog.polityka.pl\/?p=14982"},"modified":"2024-01-31T08:13:29","modified_gmt":"2024-01-31T07:13:29","slug":"wciaz-rzna-glupa","status":"publish","type":"post","link":"https:\/\/blog.polityka.pl\/szostkiewicz\/2024\/01\/31\/wciaz-rzna-glupa\/","title":{"rendered":"Wci\u0105\u017c r\u017cn\u0105 g\u0142upa"},"content":{"rendered":"\n<p>R\u017cn\u0105 g\u0142upa, udaj\u0105 greka, inaczej nie potrafi\u0105. I tak ju\u017c ponad trzy miesi\u0105ce od utraty w\u0142adzy, jedynego dobra, kt\u00f3rego \u0142akn\u0105 dla siebie szczerze i \u017carliwie. Im bardziej podkr\u0119caj\u0105, tym mniejsze to robi wra\u017cenie.<\/p>\n\n\n\n<!--more-->\n\n\n\n<p>Prezydent Duda broni pisowskich prokurator\u00f3w, powo\u0142uj\u0105c si\u0119 na pisowskie zmiany w prawie i wymiarze sprawiedliwo\u015bci. Napisa\u0142 list w obronie odwo\u0142anego prokuratora krajowego, cz\u0142owieka Ziobry, przypomnia\u0142, \u017ce skierowa\u0142 do trybuna\u0142u Przy\u0142\u0119bskiej, Paw\u0142owicz i Piotrowicza pytanie o konstytucyjno\u015b\u0107 zmian w prokuraturze wprowadzonych przez ministra Bodnara, a na koniec zagrozi\u0142 jemu i Tuskowi, \u017ce skutki ich dzia\u0142a\u0144 spadn\u0105 na nich.<\/p>\n\n\n\n<p>Jak orzeknie trybuna\u0142 Przy\u0142\u0119bskiej,\u00a0to pytanie retoryczne. Jest przecie\u017c elementem pisowskiego systemu zabezpiecze\u0144 i samoobrony na wypadek utraty w\u0142adzy przez ob\u00f3z Kaczy\u0144skiego. Po przegranej system zosta\u0142 uruchomiony. PiS z Dud\u0105 licz\u0105, \u017ce skutecznie, czyli \u017ce nowa w\u0142adza z t\u0105 kontrofensyw\u0105 sobie nie poradzi. Na razie jednak premier z Bodnarem zachowuj\u0105 zimn\u0105 krew i robi\u0105 swoje.<\/p>\n\n\n\n<p>Powstaje jednak pytanie, czy wi\u0119kszo\u015b\u0107 demokratyczna nie powinna ukr\u00f3ci\u0107 tych antyrz\u0105dowych posuni\u0119\u0107 raz a dobrze. Na przyk\u0142ad przez uchwa\u0142\u0119 o restytucji praworz\u0105dno\u015bci opisanej w naszej konstytucji do stanu sprzed 2015 r. Wydaje si\u0119 to racj\u0105 stanu. Rz\u0105d koalicji 15 pa\u017adziernika nie mo\u017ce by\u0107 zak\u0142adnikiem pisowskiej deformy pa\u0144stwa i prawa.<\/p>\n\n\n\n<p>Tymczasem PiS zapowiada, \u017ce wr\u00f3ci do w\u0142adzy szybciej, ni\u017c si\u0119 to niekt\u00f3rym wydaje. Urz\u0105dza spotkania pod zak\u0142amanym has\u0142em &#8222;b\u0105d\u017amy razem&#8221;, gdy przez osiem lat robi\u0142 wszystko, by spo\u0142ecze\u0144stwo podzieli\u0107 na pisowskie i reszt\u0119. R\u017cnie g\u0142upa, wmawiaj\u0105c wyborcom, \u017ce jest emanacj\u0105 &#8222;wolnych Polak\u00f3w&#8221;, podczas gdy robi\u0142 wszystko, aby zdusi\u0107 wolno\u015bciowe protesty i demokratyczne spo\u0142ecze\u0144stwo obywatelskie.<\/p>\n\n\n\n<p>Aktem wolno\u015bci by\u0142 wynik ostatnich wybor\u00f3w parlamentarnych, kt\u00f3ry Kaczy\u0144ski o\u015bmiela si\u0119 teraz nazywa\u0107 na wiecach efektem k\u0142amstwa i manipulacji ze strony zwyci\u0119skiej koalicji demokratycznej. S\u0142owa Kaczy\u0144skiego i innych zago\u0144czyk\u00f3w pisowskich s\u0105 jawnym podburzaniem przeciwko nowej w\u0142adzy. Na spotkaniach w ramach pisowskiej kampanii delegitymizacji rz\u0105du Tuska i plan\u00f3w rz\u0105dz\u0105cej koalicji mamy do czynienia z totaln\u0105 odmow\u0105 wsp\u00f3\u0142pracy z obozem demokratycznym. Pogr\u00f3\u017cki s\u0105 jej sta\u0142ym elementem, tak jakby szykowa\u0142 si\u0119 zamach stanu.\u00a0I Duda od razu pojecha\u0142 \u015bciska\u0107 si\u0119 z Dud\u0105 od &#8222;Solidarno\u015bci&#8221;, tak jakby zaw\u0142aszczony przez PiS zwi\u0105zek zawodowy mia\u0142 w razie czego s\u0142u\u017cy\u0107 pomoc\u0105 w przegnaniu Ho\u0142owni i demokrat\u00f3w z Sejmu. Ju\u017c raz to zreszt\u0105 zwi\u0105zkowi boj\u00f3wkarze pr\u00f3bowali to zrobi\u0107.<\/p>\n\n\n\n<p>Kaczy\u0144ski osobi\u015bcie m\u00f3wi\u0142 publicznie, \u017ce oczekuje od Dudy radykalnych dzia\u0142a\u0144 blokuj\u0105cych rzekome \u0142amanie prawa i demokracji przez rz\u0105d Tuska. Co to jest, je\u015bli nie pod\u017ceganie do buntu przeciwko demokratycznie wybranemu rz\u0105dowi? Jak d\u0142ugo mo\u017cna tolerowa\u0107 praktyki antydemokratyczne w odbudowywanym systemie demokratycznym?<\/p>\n\n\n\n<p>Nie mog\u0119 si\u0119 pogodzi\u0107, \u017ce takie rzeczy dziej\u0105 si\u0119 w Polsce po 1989 r. S\u0142uchanie pisowskich notabli powtarzaj\u0105cych toczka w toczk\u0119 przekaz demokratycznej opozycji z lat 2015-18,\u00a0\u00a0tylko \u017ce bez \u017cadnej podstawy faktycznej, przyprawia o z\u0142o\u015b\u0107 i oburzenie. Wiem, \u017ce to prowokacje, a jednak nie mie\u015bci mi si\u0119 w g\u0142owie, jak ci ludzie mog\u0105 tak przekracza\u0107 granice przyzwoito\u015bci.<\/p>\n\n\n\n<p>Mo\u017ce tak jak sam Kaczy\u0144ski s\u0105 jednym wielkim chodz\u0105cym kompleksem ni\u017cszo\u015bci i wy\u017cszo\u015bci, niezdolnym do wyrwania si\u0119 ze swojej wyimaginowanej Wielkiej Polski Narodowo-Katolickiej, gdy prawdziwa Polska szykuje si\u0119 do rozliczenia ich rz\u0105d\u00f3w. Wkr\u00f3tce dowiemy si\u0119 o kondycji sp\u00f3\u0142ek skarbu pa\u0144stwa na czele z Orlenem. To w\u0142a\u015bnie rewelacje o milionach zarabianych przez pisowskich hochsztapler\u00f3w i pisowskie t\u0142uste koty, gdzie tylko uda\u0142o si\u0119 je wepchn\u0105\u0107, przewa\u017c\u0105 czar\u0119 wyborczej goryczy.<\/p>\n\n\n\n<p>Wcieleniem tego samego pisowskiego kompleksu jest osiem lat prezydentury Dudy. A jednak do ko\u0144ca dzia\u0142a on i przemawia, jakby traktowa\u0142 siebie i swoje dwie kadencje jako sukces, gdy w rzeczywisto\u015bci by\u0142y pora\u017ck\u0105 i czasem dla Polski zmarnowanym.<\/p>\n\n\n\n<p>Prezydent usi\u0142uje straszy\u0107 Tuska nie tylko odpowiedzialno\u015bci\u0105 za depisyzacj\u0119 prokuratury. Straszy &#8211; r\u00f3wnie bezsensownie &#8211; przes\u0142aniem bud\u017cetu do trybuna\u0142u Przy\u0142\u0119bskiej, a w konsekwencji by\u0107 mo\u017ce przyspieszonymi wyborami. Mastalerek, szef prezydenckiej propagandy, widocznie nie wierzy nawet CBOS, kontrolowanemu dot\u0105d przez PiS, \u017ce Koalicja Obywatelska wyprzedzi\u0142a w sonda\u017cu parti\u0119 Kaczy\u0144skiego.\u00a0A skoro nie wierzy, to podpuszcza Dud\u0119 na rz\u0105d Tuska, jak Kaczy\u0144ski.<\/p>\n\n\n\n<p>Tymczasem Tusk jak zwykle inteligentnie i ironicznie ripostuje, \u017ce Duda to spokojny cz\u0142owiek i raczej nie hazardzista polityczny, wi\u0119c jego gro\u017abami si\u0119 nie przejmuje. Powiedzia\u0142 w kampanii wyborczej, \u017ce PiS ju\u017c nie ma i tego si\u0119 trzyma. Tak, moralnie ob\u00f3z Kaczy\u0144skiego si\u0119 sko\u0144czy\u0142 15 pa\u017adziernika, a politycznie sko\u0144czy si\u0119 w nadchodz\u0105cych tr\u00f3jwyborach. Dzi\u0119ki wolnym i \u015bwiadomym obywatelom Polski. Europa \u015bledzi rozw\u00f3j wydarze\u0144 politycznych w Polsce.<\/p>\n\n\n\n<p>Nasz kraj jako pierwszy wyszed\u0142 z realnego socjalizmu, teraz jako pierwszy tak du\u017cy w UE wychodzi z nacjonalistycznego populizmu. To bezcenna lekcja dla starych demokracji zagro\u017conych doj\u015bciem r\u00f3\u017cnych &#8222;strongmen\u00f3w&#8221; do w\u0142adzy. Polska ma zn\u00f3w szans\u0119 tworzy\u0107 histori\u0119 polityczn\u0105 w skali mi\u0119dzynarodowej.<\/p>\n","protected":false},"excerpt":{"rendered":"<p>R\u017cn\u0105 g\u0142upa, udaj\u0105 greka, inaczej nie potrafi\u0105. I tak ju\u017c ponad trzy miesi\u0105ce od utraty w\u0142adzy, jedynego dobra, kt\u00f3rego \u0142akn\u0105 dla siebie szczerze i \u017carliwie. Im bardziej podkr\u0119caj\u0105, tym mniejsze to robi wra\u017cenie.<\/p>\n","protected":false},"author":3,"featured_media":14986,"comment_status":"open","ping_status":"closed","sticky":false,"template":"","format":"standard","meta":{"footnotes":""},"categories":[1],"tags":[],"_links":{"self":[{"href":"https:\/\/blog.polityka.pl\/szostkiewicz\/wp-json\/wp\/v2\/posts\/14982"}],"collection":[{"href":"https:\/\/blog.polityka.pl\/szostkiewicz\/wp-json\/wp\/v2\/posts"}],"about":[{"href":"https:\/\/blog.polityka.pl\/szostkiewicz\/wp-json\/wp\/v2\/types\/post"}],"author":[{"embeddable":true,"href":"https:\/\/blog.polityka.pl\/szostkiewicz\/wp-json\/wp\/v2\/users\/3"}],"replies":[{"embeddable":true,"href":"https:\/\/blog.polityka.pl\/szostkiewicz\/wp-json\/wp\/v2\/comments?post=14982"}],"version-history":[{"count":2,"href":"https:\/\/blog.polityka.pl\/szostkiewicz\/wp-json\/wp\/v2\/posts\/14982\/revisions"}],"predecessor-version":[{"id":14985,"href":"https:\/\/blog.polityka.pl\/szostkiewicz\/wp-json\/wp\/v2\/posts\/14982\/revisions\/14985"}],"wp:featuredmedia":[{"embeddable":true,"href":"https:\/\/blog.polityka.pl\/szostkiewicz\/wp-json\/wp\/v2\/media\/14986"}],"wp:attachment":[{"href":"https:\/\/blog.polityka.pl\/szostkiewicz\/wp-json\/wp\/v2\/media?parent=14982"}],"wp:term":[{"taxonomy":"category","embeddable":true,"href":"https:\/\/blog.polityka.pl\/szostkiewicz\/wp-json\/wp\/v2\/categories?post=14982"},{"taxonomy":"post_tag","embeddable":true,"href":"https:\/\/blog.polityka.pl\/szostkiewicz\/wp-json\/wp\/v2\/tags?post=14982"}],"curies":[{"name":"wp","href":"https:\/\/api.w.org\/{rel}","templated":true}]}}