
{"id":15067,"date":"2024-02-17T21:40:42","date_gmt":"2024-02-17T20:40:42","guid":{"rendered":"http:\/\/szostkiewicz.blog.polityka.pl\/?p=15067"},"modified":"2024-02-17T22:52:28","modified_gmt":"2024-02-17T21:52:28","slug":"czas-start","status":"publish","type":"post","link":"https:\/\/blog.polityka.pl\/szostkiewicz\/2024\/02\/17\/czas-start\/","title":{"rendered":"Czas, start!"},"content":{"rendered":"\n<p>Rusza oficjalna kampania wyborcza do samorz\u0105d\u00f3w. Koalicja rz\u0105dz\u0105ca p\u00f3jdzie do wybor\u00f3w z osobnymi listami, ale wsp\u00f3lnym celem: wygranej we wszystkich sejmikach wojew\u00f3dzkich. I ma na to szans\u0119. W trzech lutowych sonda\u017cach r\u00f3\u017cnych firm badawczych prowadzi Koalicja Obywatelska. Pierwsze zloty partyjne przed wyborami potwierdzaj\u0105, \u017ce w KO, Trzeciej Drodze\/PSL i Lewicy jest energia i wola walki.<\/p>\n\n\n\n<!--more-->\n\n\n\n<p>Na tym tle PiS wypada niemrawo. Wezwania Kaczy\u0144skiego do jedno\u015bci jego obozu potwierdzaj\u0105 za\u015b, \u017ce ma problem z utrzymaniem partii w ryzach. Pomyli\u0142 nawet imi\u0119 kandydata na prezydenta Warszawy. Aparat partyjny zwraca na takie detale uwag\u0119, bo nieuchronnie zmuszaj\u0105 dzia\u0142aczy r\u00f3\u017cnych szczebli do pytania, czy Kaczy\u0144ski jest jeszcze w stanie sprawnie i skutecznie kierowa\u0107 parti\u0105 w trzech kolejnych elekcjach w tym i przysz\u0142ym roku. Dla ludzi niepisowskich pytanie jest retoryczne, bo wida\u0107, s\u0142ycha\u0107 i czu\u0107, \u017ce opada z si\u0142, a nadrabia zaostrzeniem kursu.<\/p>\n\n\n\n<p>W Opocznie drwi\u0142 z zarzutu, \u017ce jest dyktatorem, bo przecie\u017c gdyby w Polsce pod rz\u0105dami PiS panowa\u0142a dyktatura, to liderzy opozycji podzieliliby los Nawalnego. Tusk na swoim wiecu promuj\u0105cym kandydatur\u0119 Trzaskowskiego na prezydenta stolicy ripostowa\u0142 jednym zdaniem: no patrzcie, jacy \u0142askawcy &#8211; mogli zabi\u0107, a nie zabili. Hm, jednego zabili &#8211; prezydenta Adamowicza.<\/p>\n\n\n\n<p>Taki jest poziom kampanii pisowskiej i to si\u0119 nie zmieni, p\u00f3ki Kaczy\u0144ski, momentami przypominaj\u0105cy z wygl\u0105du starego i chorego papie\u017ca Wojty\u0142\u0119, nie odejdzie na polityczn\u0105 emerytur\u0119. To elementarz kampanii wyborczych w spolaryzowanym spo\u0142ecze\u0144stwie, by zamiast na przekonywaniu ju\u017c przekonanego \u017celaznego elektoratu, skupi\u0107 si\u0119 na dotarciu do wyborc\u00f3w jeszcze niezdecydowanych.<\/p>\n\n\n\n<p>Konwencj\u0119 Trzeciej Drogi\/PSL zorganizowano w Kielcach, &#8222;swinguj\u0105cym&#8221; wojew\u00f3dztwie, kt\u00f3re jest jednym z sze\u015bciu we w\u0142adaniu PiS i ma by\u0107 odbite obozowi Kaczy\u0144skiego wraz z pozosta\u0142ymi pi\u0119cioma na \u015bcianie wschodniej i na po\u0142udniu. Je\u015bli plan si\u0119 powiedzie, koalicja rz\u0105dz\u0105ca skonsoliduje w\u0142adz\u0119 na szczeblu regionalnym, co oczywi\u015bcie pomo\u017ce jej w rz\u0105dzeniu. Ko\u0144cem wie\u0144cz\u0105cym dzie\u0142o depisyzacji b\u0119dzie wygrana kandydata demokratycznego w wyborach prezydenckich. Na to te\u017c wskazuj\u0105 sonda\u017ce.<\/p>\n\n\n\n<p>Ponad 30 komitet\u00f3w wyborczych zarejestrowa\u0142a Pa\u0144stwowa Komisja Wyborcza. Jak zwykle pr\u00f3cz komitet\u00f3w partii parlamentarnych figuruj\u0105 w tym spisie twory egzotyczne, na dodatek cz\u0119sto o bardzo zbli\u017conych nazwach, co jest do\u015b\u0107 prostym chwytem na zdobycie g\u0142os\u00f3w wyborc\u00f3w gorzej si\u0119 orientuj\u0105cych w polskiej polityce. Potem b\u0119d\u0105 si\u0119 \u017cali\u0107, \u017ce zostali wprowadzeni w b\u0142\u0105d. Uwag\u0119 zwraca wsp\u00f3lny komitet Konfederacji z Bezpartyjnymi Samorz\u0105dowcami. Wed\u0142ug sonda\u017cy ta skrajnie prawicowa i &#8222;symetrystyczna&#8221; formacja raczej nie zdob\u0119dzie wi\u0119cej ni\u017c 9-10 proc. i bardzo dobrze.<\/p>\n\n\n\n<p>Walka o samorz\u0105dy, je\u015bli demokraci osi\u0105gn\u0105 sw\u00f3j cel, przekre\u015bli plan PiS, aby pa\u0144stwo jak najg\u0142\u0119biej centralizowa\u0107, ograniczaj\u0105c ich rol\u0119 i dofinansowanie. Odbudowa samorz\u0105dno\u015bci by\u0142a jedn\u0105 z najwa\u017cniejszych obietnic koalicji demokratycznej. S\u0142usznie, bo duch czasu jest w pa\u0144stwach demokratycznych taki, aby stawia\u0107 na decentralizacj\u0119 wsz\u0119dzie, gdzie nie zagra\u017ca to funkcjonowaniu pa\u0144stwa. Emocje wywo\u0142uj\u0105 nie tylko wybory do sejmik\u00f3w, ale te\u017c na prezydent\u00f3w miast, burmistrz\u00f3w, w\u00f3jt\u00f3w, bo s\u0105 rywalizacj\u0105 mi\u0119dzy osobami, podobnie jak wybory prezydenckie, a to zawsze elektryzuje.<\/p>\n\n\n\n<p>W moim Krakowie zmieni si\u0119 w\u0142odarz miasta po 20 latach. PiS na razie nie wskaza\u0142 oficjalnego pretendenta do zaj\u0119cia fotela po prof. Jacku  Majchrowskim, co oznacza, \u017ce chyba straci\u0142 wszelk\u0105 nadziej\u0119 na wygran\u0105 w dawnej stolicy Rzeczpospolitej, dzi\u015b drugim najludniejszym mie\u015bcie w Polsce (\u0141odzi uby\u0142o ok. 200 tys. mieszka\u0144c\u00f3w). Surrealny politycznie szczeg\u00f3\u0142 to poparcie liderki lokalnego oddzia\u0142u partii Razem dla kandydata, kt\u00f3rego kampani\u0119 wspiera finansowo jego ojciec deweloper. Sam kandydat obiecuje zacz\u0105\u0107 budow\u0119 metra w Krakowie. Majchrowski nie uleg\u0142 naciskom w tej sprawie. Zapowiada si\u0119 naprawd\u0119 ciekawie.<\/p>\n","protected":false},"excerpt":{"rendered":"<p>Rusza oficjalna kampania wyborcza do samorz\u0105d\u00f3w. Koalicja rz\u0105dz\u0105ca p\u00f3jdzie do wybor\u00f3w z osobnymi listami, ale wsp\u00f3lnym celem: wygranej we wszystkich sejmikach wojew\u00f3dzkich. I ma na to szans\u0119. W trzech lutowych sonda\u017cach r\u00f3\u017cnych firm badawczych prowadzi Koalicja Obywatelska. Pierwsze zloty partyjne przed wyborami potwierdzaj\u0105, \u017ce w KO, Trzeciej Drodze\/PSL i Lewicy jest energia i wola walki.<\/p>\n","protected":false},"author":3,"featured_media":15069,"comment_status":"open","ping_status":"closed","sticky":false,"template":"","format":"standard","meta":{"footnotes":""},"categories":[1],"tags":[],"_links":{"self":[{"href":"https:\/\/blog.polityka.pl\/szostkiewicz\/wp-json\/wp\/v2\/posts\/15067"}],"collection":[{"href":"https:\/\/blog.polityka.pl\/szostkiewicz\/wp-json\/wp\/v2\/posts"}],"about":[{"href":"https:\/\/blog.polityka.pl\/szostkiewicz\/wp-json\/wp\/v2\/types\/post"}],"author":[{"embeddable":true,"href":"https:\/\/blog.polityka.pl\/szostkiewicz\/wp-json\/wp\/v2\/users\/3"}],"replies":[{"embeddable":true,"href":"https:\/\/blog.polityka.pl\/szostkiewicz\/wp-json\/wp\/v2\/comments?post=15067"}],"version-history":[{"count":2,"href":"https:\/\/blog.polityka.pl\/szostkiewicz\/wp-json\/wp\/v2\/posts\/15067\/revisions"}],"predecessor-version":[{"id":15070,"href":"https:\/\/blog.polityka.pl\/szostkiewicz\/wp-json\/wp\/v2\/posts\/15067\/revisions\/15070"}],"wp:featuredmedia":[{"embeddable":true,"href":"https:\/\/blog.polityka.pl\/szostkiewicz\/wp-json\/wp\/v2\/media\/15069"}],"wp:attachment":[{"href":"https:\/\/blog.polityka.pl\/szostkiewicz\/wp-json\/wp\/v2\/media?parent=15067"}],"wp:term":[{"taxonomy":"category","embeddable":true,"href":"https:\/\/blog.polityka.pl\/szostkiewicz\/wp-json\/wp\/v2\/categories?post=15067"},{"taxonomy":"post_tag","embeddable":true,"href":"https:\/\/blog.polityka.pl\/szostkiewicz\/wp-json\/wp\/v2\/tags?post=15067"}],"curies":[{"name":"wp","href":"https:\/\/api.w.org\/{rel}","templated":true}]}}