
{"id":15144,"date":"2024-02-29T14:57:13","date_gmt":"2024-02-29T13:57:13","guid":{"rendered":"http:\/\/szostkiewicz.blog.polityka.pl\/?p=15144"},"modified":"2024-02-29T16:52:24","modified_gmt":"2024-02-29T15:52:24","slug":"co-z-ta-aborcja","status":"publish","type":"post","link":"https:\/\/blog.polityka.pl\/szostkiewicz\/2024\/02\/29\/co-z-ta-aborcja\/","title":{"rendered":"Co z t\u0105 aborcj\u0105?"},"content":{"rendered":"\n<p>Z t\u0105 spraw\u0105 nie warto czeka\u0107. Gdy prawos\u0142awna kulturowo Grecja zalegalizowa\u0142a &#8211; z inicjatywy konserwatywnego rz\u0105du &#8211; ma\u0142\u017ce\u0144stwa os\u00f3b homoseksualnych i ich prawo do adopcji dzieci, u nas trwaj\u0105 przepychanki w rz\u0105dz\u0105cej koalicji demokratycznej dotycz\u0105ce legalizacji aborcji do 12. tygodnia niechcianej lub wadliwej ci\u0105\u017cy. A przecie\u017c z tym has\u0142em demokraci szli do wybor\u00f3w, kt\u00f3re wygrali m.in. dzi\u0119ki poparciu kobiet, kt\u00f3re t\u0119 obietnic\u0119 potraktowa\u0142y serio i teraz oczekuj\u0105 jej spe\u0142nienia. Bo prawo do wyboru w sprawie aborcji im si\u0119 po prostu nale\u017cy. W j\u0119zyku legislacyjnym ujmuje si\u0119 to jako prawo do \u015bwiadczenia zdrowotnego.<\/p>\n\n\n\n<!--more-->\n\n\n\n<p>W pa\u0144stwach UE tylko ma\u0142a katolicka Malta zakazuje kobietom ca\u0142kowicie aborcji i grozi im za ni\u0105 kar\u0105 do trzech lat. W innych krajach kulturowo katolickich aborcja na wniosek kobiety jest legalna. Tylko w Polsce mamy niemal ca\u0142kowity zakaz aborcji wskutek decyzji trybuna\u0142u Przy\u0142\u0119bskiej. Utrata w\u0142adzy przez ob\u00f3z Kaczy\u0144skiego pozwoli\u0142a na powr\u00f3t tematu do debaty parlamentarnej i publicznej.<\/p>\n\n\n\n<p>Projekty ustaw zg\u0142osi\u0142y Lewica (dwa), Koalicja Obywatelska i TD\/PSL. Lewica i KO przywracaj\u0105 prawo do aborcji na wniosek kobiety, projekt &#8222;trzeciodro\u017cnych&#8221; zmierza do rozpisania w tej sprawie referendum. Projekty Lewicy i KO wychodz\u0105 naprzeciw oczekiwaniom wi\u0119kszo\u015bci obywateli, projekt TD\/PSL jest ostro\u017cny, by nie rzec: unikowy. Na tym tle dosz\u0142o do spi\u0119\u0107 w koalicji. Lewica i KO s\u0105 wyra\u017anie za liberalizacj\u0105, TD\/PSL stawia warunek w postaci referendum. Zaakceptuje jednak jego wynik, a ten b\u0119dzie prawdopodobnie na TAK dla legalnej i bezpiecznej aborcji. Wi\u0119c po co kosztowne referendum (zapewne 100 mln z\u0142), skoro jego wynik mo\u017cna ju\u017c dzi\u015b przewidzie\u0107?<\/p>\n\n\n\n<p>Uczciwe rozwi\u0105zanie polega na dyskusji i g\u0142osowaniach nad projektami w parlamencie. Im szybciej, tym lepiej, bo \u0142aska wyborc\u00f3w na pstrym koniu je\u017adzi. Zbli\u017caj\u0105 si\u0119 wybory samorz\u0105dowe i parlamentarne, pierwsze demokratyczne sprawdziany. Marsza\u0142ek Ho\u0142ownia mia\u0142 najpierw plan, by dyskusj\u0119 przeprowadzi\u0107 po wyborach samorz\u0105dowych. Ale ostatnio nie wykluczy\u0142, \u017ce jednak przed nimi, mo\u017ce nawet ju\u017c w marcu. Wie przecie\u017c, \u017ce nawet jego elektorat w du\u017cej cz\u0119\u015bci jest za liberalizacj\u0105.<\/p>\n\n\n\n<p>Nie ma si\u0119 czego obawia\u0107. Ko\u015bci\u00f3\u0142 rzymskokatolicki b\u0119dzie protestowa\u0142, ale dzi\u015b jego wp\u0142ywy na spo\u0142ecze\u0144stwo s\u0105 coraz mniejsze. Podobnie z PiS i Konfederacj\u0105. &#8222;M\u0119ski punkt widzenia&#8221; ogranicza si\u0119 do ich twardych elektorat\u00f3w, a to g\u00f3ra jedna czwarta spo\u0142ecze\u0144stwa (odliczam kilkunastoprocentow\u0105 grup\u0119 ich wyborc\u00f3w gotowych g\u0142osowa\u0107 za liberalizacj\u0105). I przypomnijmy, \u017ce prawo do aborcji nie oznacza nakazu, tylko mo\u017cliwo\u015b\u0107.<\/p>\n","protected":false},"excerpt":{"rendered":"<p>Z t\u0105 spraw\u0105 nie warto czeka\u0107. Gdy prawos\u0142awna kulturowo Grecja zalegalizowa\u0142a &#8211; z inicjatywy konserwatywnego rz\u0105du &#8211; ma\u0142\u017ce\u0144stwa os\u00f3b homoseksualnych i ich prawo do adopcji dzieci, u nas trwaj\u0105 przepychanki w rz\u0105dz\u0105cej koalicji demokratycznej dotycz\u0105ce legalizacji aborcji do 12. tygodnia niechcianej lub wadliwej ci\u0105\u017cy. A przecie\u017c z tym has\u0142em demokraci szli do wybor\u00f3w, kt\u00f3re wygrali [&hellip;]<\/p>\n","protected":false},"author":3,"featured_media":12592,"comment_status":"open","ping_status":"closed","sticky":false,"template":"","format":"standard","meta":{"footnotes":""},"categories":[1],"tags":[],"_links":{"self":[{"href":"https:\/\/blog.polityka.pl\/szostkiewicz\/wp-json\/wp\/v2\/posts\/15144"}],"collection":[{"href":"https:\/\/blog.polityka.pl\/szostkiewicz\/wp-json\/wp\/v2\/posts"}],"about":[{"href":"https:\/\/blog.polityka.pl\/szostkiewicz\/wp-json\/wp\/v2\/types\/post"}],"author":[{"embeddable":true,"href":"https:\/\/blog.polityka.pl\/szostkiewicz\/wp-json\/wp\/v2\/users\/3"}],"replies":[{"embeddable":true,"href":"https:\/\/blog.polityka.pl\/szostkiewicz\/wp-json\/wp\/v2\/comments?post=15144"}],"version-history":[{"count":5,"href":"https:\/\/blog.polityka.pl\/szostkiewicz\/wp-json\/wp\/v2\/posts\/15144\/revisions"}],"predecessor-version":[{"id":15150,"href":"https:\/\/blog.polityka.pl\/szostkiewicz\/wp-json\/wp\/v2\/posts\/15144\/revisions\/15150"}],"wp:featuredmedia":[{"embeddable":true,"href":"https:\/\/blog.polityka.pl\/szostkiewicz\/wp-json\/wp\/v2\/media\/12592"}],"wp:attachment":[{"href":"https:\/\/blog.polityka.pl\/szostkiewicz\/wp-json\/wp\/v2\/media?parent=15144"}],"wp:term":[{"taxonomy":"category","embeddable":true,"href":"https:\/\/blog.polityka.pl\/szostkiewicz\/wp-json\/wp\/v2\/categories?post=15144"},{"taxonomy":"post_tag","embeddable":true,"href":"https:\/\/blog.polityka.pl\/szostkiewicz\/wp-json\/wp\/v2\/tags?post=15144"}],"curies":[{"name":"wp","href":"https:\/\/api.w.org\/{rel}","templated":true}]}}