
{"id":15284,"date":"2024-04-05T08:14:10","date_gmt":"2024-04-05T06:14:10","guid":{"rendered":"http:\/\/szostkiewicz.blog.polityka.pl\/?p=15284"},"modified":"2024-04-05T19:16:27","modified_gmt":"2024-04-05T17:16:27","slug":"__trashed-3","status":"publish","type":"post","link":"https:\/\/blog.polityka.pl\/szostkiewicz\/2024\/04\/05\/__trashed-3\/","title":{"rendered":"Z\u0142ote rady w sprawie Gazy"},"content":{"rendered":"\n<p>Kaczy\u0144ski z Dud\u0105 w\u0142\u0105czyli si\u0119 do dyskusji w sprawie Gazy. Jak zwykle po to, aby j\u0105trzy\u0107. Gdy zgin\u0105\u0142 Polak, a ambasador Izraela za jego \u015bmier\u0107 nie chcia\u0142 &#8222;przeprosi\u0107&#8221; mimo nacisk\u00f3w przes\u0142uchuj\u0105cego go polskiego dziennikarza, zacz\u0119\u0142a si\u0119 nagonka na dyplomat\u0119. Podpad\u0142 wszystkim od lewa do prawa w polskiej polityce, bo nie chcia\u0142 z g\u00f3ry przes\u0105dza\u0107, jak dosz\u0142o do tragedii. Sprawa wojny w Gazie zesz\u0142a na plan dalszy. Na plan pierwszy wysun\u0105\u0142 si\u0119 sojusz Bosaka z \u017bukowsk\u0105 pod has\u0142em &#8222;zbrodni wojennych&#8221; Izraela na Palesty\u0144czykach. I seria dobrych rad dla Izraela.<\/p>\n\n\n\n<!--more-->\n\n\n\n<p>Kaczy\u0144ski za\u017c\u0105da\u0142 wydalenia ambasadora Liwne z Polski, Duda nazwa\u0142 go &#8222;najwi\u0119kszym problemem Izraela&#8221; w relacjach z Polsk\u0105 i za\u017c\u0105da\u0142 odszkodowa\u0144 dla rodziny polskiego woluntariusza (to czemu prezydent przyj\u0105\u0142 od ambasadora listy uwierzytelniaj\u0105ce i czemu nie naprawi prawdziwego problemu, jakim jest wakat w ambasadzie RP w Tel Awiwie?).<\/p>\n\n\n\n<p>A przecie\u017c ambasador powiedzia\u0142 prawd\u0119 o ga\u015bnicowym Braunie, wysypie antysemickiego hejtu na ulicach polskich miast i w internecie, sojuszu skrajnej prawicy ze skrajn\u0105 lewic\u0105 w sprawie totalnej krytyki wojny Izraela z Hamasem. Mo\u017ce jak na dyplomat\u0119 niezbyt dyplomatycznie, ale \u017ceby zaraz go wzywa\u0107 na dywanik do MSZ i wytyka\u0107, \u017ce si\u0119 urodzi\u0142 w Moskwie i pracowa\u0142 w Rosji jako dyplomata? Co to ma do rzeczy, po co traktowa\u0107 go jak ambasadora Rosji? Jak\u0105 ma z tego korzy\u015b\u0107 demokratyczne pa\u0144stwo polskie?<br \/><br \/>\u015amier\u0107 Polaka w Gazie to tragedia. Tak samo jak \u015bmier\u0107 niewinnego Palesty\u0144czyka, Amerykanina i Brytyjczyk\u00f3w, kt\u00f3rzy zgin\u0119li w ostrzale konwoju humanitarnego World Central Kitchen przez wojsko izraelskie. Tak samo jak \u015bmier\u0107 ka\u017cdego niewinnego cz\u0142owieka w ka\u017cdym konflikcie na ziemi, od Ukrainy przez Bliski Wsch\u00f3d po Afryk\u0119 i Azj\u0119.<\/p>\n\n\n\n<p>Wykorzystywanie tych tragedii w polityce jest nieuniknione. Szczeg\u00f3lnie w epoce wszechobecno\u015bci informacji (i dezinformacji) wizualnej. Wojna si\u0119 &#8222;dobrze sprzedaje&#8221;. Ludzie lubi\u0105 popatrze\u0107 i oburzy\u0107 si\u0119 z bezpiecznego oddalenia na wojenny koszmar. Wielu obrazy popychaj\u0105 jednak do dzia\u0142ania. Raz w s\u0142usznej sprawie, raz w niebezpiecznie uproszczonej.<\/p>\n\n\n\n<p>Wojn\u0119 Izraela z Hamasem sprowokowa\u0142 Hamas. Mieszka\u0144cy Gazy s\u0105 zak\u0142adnikami Hamasu w jego starciu z Izraelem. Im wi\u0119cej ich ginie, tym wi\u0119cej Hamas zyskuje na tym propagandowo, przedstawiaj\u0105c si\u0119 jako ofiara nieuzasadnionej agresji i obro\u0144ca Gazy przed &#8222;holokaustem&#8221; urz\u0105dzonym jej przez \u017byd\u00f3w.<\/p>\n\n\n\n<p>To mobilizuje przeciwko Izraelowi obywateli r\u00f3\u017cnych pa\u0144stw, tak\u017ce na Zachodzie. W rzeczywisto\u015bci Hamas swoj\u0105 polityk\u0105, sk\u0142\u00f3ceniem samych Palesty\u0144czyk\u00f3w blokuj\u0105cym <em>de facto<\/em> marzenie o niepodleg\u0142ym pa\u0144stwie, nie zas\u0142uguje na solidarno\u015b\u0107. Robienie polityki na trupach to moralna ohyda. Hamas zamieni\u0142 Gaz\u0119 w bastion terroryzmu, nie pytaj\u0105c jej mieszka\u0144c\u00f3w o zgod\u0119 i zastraszaj\u0105c palesty\u0144sk\u0105 opozycj\u0119.<\/p>\n\n\n\n<p>Kiedy i jak zako\u0144czy si\u0119 ofensywa Izraela, na to wp\u0142ywu nie mamy. Jest to kwestia z jednej strony bezpiecze\u0144stwa narodowego Izraela, a z drugiej rozgrywki politycznej mi\u0119dzy Bibim a jego politycznymi przeciwnikami. Domaganie si\u0119 od napadni\u0119tego Izraela natychmiastowego przerwania dzia\u0142a\u0144 wojskowych jest tyle warte co domaganie si\u0119 od napadni\u0119tej Ukrainy kapitulacji na warunkach Putina.<\/p>\n\n\n\n<p>W \u015bwiecie muzu\u0142ma\u0144skim rywalizuj\u0105 o supremacj\u0119 Arabia Saudyjska z teokracj\u0105 ira\u0144sk\u0105. Hamas, Hezbollah, jeme\u0144scy Huti s\u0105 finansowane przez Iran. A Iran chce zepchn\u0105\u0107 Izrael do morza. Powtarzanie w Polsce refrenu &#8222;from the river to the sea&#8221; jest przys\u0142ug\u0105 wy\u015bwiadczan\u0105 Hamasowi i Iranowi, skrajnie antyzachodnim i antyizraelskim od\u0142amom islamu politycznego. Izrael stoi ko\u015bci\u0105 w gardle tym si\u0142om. Polska nie ma \u017cadnego interesu, by im pomaga\u0107 w jakikolwiek spos\u00f3b.<\/p>\n\n\n\n<p>Wojna Izraela z Hamasem jest konfliktem zast\u0119pczym Iranu z Izraelem. Hamas uderzy\u0142 w zesz\u0142ym roku na Izrael, gdy blisko by\u0142o do porozumienia izraelsko-saudyjskiego, kt\u00f3re Iran, rywal Saudii w regionie, chcia\u0142 storpedowa\u0107. W tej krwawej grze o prymat Gaza jest \u015brodkiem, a ludno\u015b\u0107 Strefy nie ma co liczy\u0107 na realn\u0105 solidarno\u015b\u0107 ze strony satrapii arabskich. Przypominaj\u0105 one sobie o Palesty\u0144czykach dopiero wtedy, gdy co\u015b mog\u0105 na tym politycznie ugra\u0107 na polu mi\u0119dzynarodowym. Realn\u0105 pomoc humanitarn\u0105 i dyplomatyczn\u0105 Palesty\u0144czycy otrzymuj\u0105 g\u0142\u00f3wnie z Zachodu, w tym USA.<\/p>\n\n\n\n<p>Szczerze wsp\u00f3\u0142czuj\u0119 wszystkim niewinnym ofiarom konfliktu wywo\u0142anego przez Hamas &#8211; w Strefie Gazy, w Izraelu i wszystkim ludziom dobrej woli, takim jak polski wolontariusz. Ale widz\u0119, jak w t\u0119 spraw\u0119 w\u0142\u0105czaj\u0105 si\u0119 politycy, kt\u00f3rych sprawa palesty\u0144ska guzik obchodzi, za to ch\u0119tnie j\u0105 wykorzystuj\u0105 do podgrzewania emocji antyizraelskich i antysemickich, aby zbija\u0107 na tym kapita\u0142 wyborczy. Fa\u0142sz i ob\u0142uda.<\/p>\n","protected":false},"excerpt":{"rendered":"<p>Kaczy\u0144ski z Dud\u0105 w\u0142\u0105czyli si\u0119 do dyskusji w sprawie Gazy. Jak zwykle po to, aby j\u0105trzy\u0107. Gdy zgin\u0105\u0142 Polak, a ambasador Izraela za jego \u015bmier\u0107 nie chcia\u0142 &#8222;przeprosi\u0107&#8221; mimo nacisk\u00f3w przes\u0142uchuj\u0105cego go polskiego dziennikarza, zacz\u0119\u0142a si\u0119 nagonka na dyplomat\u0119. Podpad\u0142 wszystkim od lewa do prawa w polskiej polityce, bo nie chcia\u0142 z g\u00f3ry przes\u0105dza\u0107, jak [&hellip;]<\/p>\n","protected":false},"author":3,"featured_media":15294,"comment_status":"open","ping_status":"closed","sticky":false,"template":"","format":"standard","meta":{"footnotes":""},"categories":[1],"tags":[],"_links":{"self":[{"href":"https:\/\/blog.polityka.pl\/szostkiewicz\/wp-json\/wp\/v2\/posts\/15284"}],"collection":[{"href":"https:\/\/blog.polityka.pl\/szostkiewicz\/wp-json\/wp\/v2\/posts"}],"about":[{"href":"https:\/\/blog.polityka.pl\/szostkiewicz\/wp-json\/wp\/v2\/types\/post"}],"author":[{"embeddable":true,"href":"https:\/\/blog.polityka.pl\/szostkiewicz\/wp-json\/wp\/v2\/users\/3"}],"replies":[{"embeddable":true,"href":"https:\/\/blog.polityka.pl\/szostkiewicz\/wp-json\/wp\/v2\/comments?post=15284"}],"version-history":[{"count":9,"href":"https:\/\/blog.polityka.pl\/szostkiewicz\/wp-json\/wp\/v2\/posts\/15284\/revisions"}],"predecessor-version":[{"id":15295,"href":"https:\/\/blog.polityka.pl\/szostkiewicz\/wp-json\/wp\/v2\/posts\/15284\/revisions\/15295"}],"wp:featuredmedia":[{"embeddable":true,"href":"https:\/\/blog.polityka.pl\/szostkiewicz\/wp-json\/wp\/v2\/media\/15294"}],"wp:attachment":[{"href":"https:\/\/blog.polityka.pl\/szostkiewicz\/wp-json\/wp\/v2\/media?parent=15284"}],"wp:term":[{"taxonomy":"category","embeddable":true,"href":"https:\/\/blog.polityka.pl\/szostkiewicz\/wp-json\/wp\/v2\/categories?post=15284"},{"taxonomy":"post_tag","embeddable":true,"href":"https:\/\/blog.polityka.pl\/szostkiewicz\/wp-json\/wp\/v2\/tags?post=15284"}],"curies":[{"name":"wp","href":"https:\/\/api.w.org\/{rel}","templated":true}]}}