
{"id":15423,"date":"2024-05-05T13:50:57","date_gmt":"2024-05-05T11:50:57","guid":{"rendered":"http:\/\/szostkiewicz.blog.polityka.pl\/?p=15423"},"modified":"2024-05-05T15:16:21","modified_gmt":"2024-05-05T13:16:21","slug":"fronty-wojenne","status":"publish","type":"post","link":"https:\/\/blog.polityka.pl\/szostkiewicz\/2024\/05\/05\/fronty-wojenne\/","title":{"rendered":"Fronty wojenne"},"content":{"rendered":"\n<p>Niemal codziennie s\u0142yszymy z\u0142e wie\u015bci z dwu szczeg\u00f3lnie wa\u017cnych front\u00f3w wojny: tej w Ukrainie i tej w Strefie Gazy. Przepchni\u0119cie przez Kongres ameryka\u0144ski ustawy przyznaj\u0105cej Ukrainie 61 mld dol. pomocy zabra\u0142o p\u00f3\u0142 roku. W tym czasie armia wykrwawia\u0142a si\u0119 w obronie terytorium pa\u0144stwa. Dostawy sprz\u0119tu mog\u0105 dotrze\u0107 na front za dwa, trzy miesi\u0105ce, tymczasem si\u0142y rosyjskie szykuj\u0105 si\u0119 do ofensywy ju\u017c w najbli\u017cszych tygodniach.<\/p>\n\n\n\n<!--more-->\n\n\n\n<p>Armii potrzebne s\u0105 posi\u0142ki, tymczasem planowana mobilizacja 500 tys. poborowych jest tylko na papierze. Wywo\u0142a\u0142a za to gor\u0105cy sp\u00f3r w Ukrainie. Bez znacz\u0105cego wzmocnienia sprz\u0119tem i lud\u017ami si\u0142y ukrai\u0144skie nie dadz\u0105 rady stawi\u0107 dostateczne oporu nadci\u0105gaj\u0105cym wojskom Rosji. Tak uwa\u017caj\u0105 analitycy zachodni. Nie zawsze maj\u0105 racj\u0119, o czym przekonali\u015bmy si\u0119, gdy wieszczyli, \u017ce Ukraina nie b\u0119dzie w stanie broni\u0107 si\u0119 przed inwazj\u0105 d\u0142u\u017cej ni\u017c kilka dni. Teraz jednak mog\u0105 mie\u0107 s\u0142uszno\u015b\u0107.<\/p>\n\n\n\n<p>Prze\u0142amanie przez Rosj\u0119 frontu w Ukrainie by\u0142oby dramatem. Nie tylko militarnym, ale te\u017c humanitarnym. Prezydent Francji w tym kontek\u015bcie wypu\u015bci\u0142 balon pr\u00f3bny, sugeruj\u0105c, \u017ce nadchodzi czas, by rozwa\u017cy\u0107 wys\u0142anie Ukrai\u0144com na pomoc wojsk zachodnich. Macron uchodzi\u0142 za go\u0142\u0119bia, a przedzierzgn\u0105\u0142 si\u0119 w jastrz\u0119bia. To pokazuje, jak zmienia si\u0119 sytuacja. Niekoniecznie niestety na lepsze, bo apel Macrona zosta\u0142 przyj\u0119ty z rezerw\u0105 w pa\u0144stwach Zachodu.<\/p>\n\n\n\n<p>W trzecim roku agresji rosyjskiej Zach\u00f3d jest podzielony i czeka na wynik wybor\u00f3w prezydenckich w USA. To b\u0142\u0105d, bo Zach\u00f3d musi wypracowa\u0107 wsp\u00f3lny sp\u00f3jny plan, jak nie da\u0107 wygra\u0107 Rosji. Ka\u017cdy dzie\u0144 bez takiego planu zwi\u0119ksza prawdopodobie\u0144stwo, \u017ce Putin postawi na swoim. To wy\u015bcig z czasem.<\/p>\n\n\n\n<p>Na froncie wojny Izraela z Hamasem sytuacja te\u017c nie jest jasna. Ma\u0142o kto spodziewa\u0142 si\u0119, \u017ce konflikt b\u0119dzie trwa\u0142 tak d\u0142ugo. Wojny Izraela kojarzy\u0142y si\u0119 dot\u0105d z blitzkriegami. Zw\u0142aszcza \u017ce Hamas to nie jest regularna armia, tylko hybryda partyzantki z komandosami. Przed\u0142u\u017canie si\u0119 interwencji zbrojnej si\u0142 izraelskich w Strefie Gazy wywo\u0142uje nie tylko wra\u017cenie, \u017ce Izrael nie jest tak silny i skuteczny, jak si\u0119 wydawa\u0142o. Wywo\u0142uje tak\u017ce silne napi\u0119cia w polityce i spo\u0142ecze\u0144stwie samego Izraela.<\/p>\n\n\n\n<p>Ka\u017cdy dzie\u0144 bez rozejmu pogarsza wizerunek Izraela na Zachodzie, na czele z USA i Wielk\u0105 Brytani\u0105. Fala protest\u00f3w i kontrprotest\u00f3w na uniwersytetach ameryka\u0144skich przyku\u0142a uwag\u0119 medi\u00f3w \u015bwiatowych. W Londynie wielotysi\u0119czne manifestacje propalesty\u0144skie i antyizraelskie budz\u0105 wi\u0119ksze zainteresowanie i wi\u0119cej sympatii ni\u017c zmagania Ukrainy z Rosj\u0105. Wiarygodno\u015b\u0107 doniesie\u0144 ze Strefy Gazy &#8211; jak i z frontu ukrai\u0144skiego &#8211; trudno niezale\u017cnie zweryfikowa\u0107. Ta &#8222;mg\u0142a wojny&#8221; utrudnia wyrobienie sobie opinii o tym, co si\u0119 dzieje i jak rozwi\u0105za\u0107 oba konflikty.<\/p>\n\n\n\n<p>Znany polski analityk polityki mi\u0119dzynarodowej w prywatnej rozmowie zada\u0142 mi ciekawe pytanie: czemu Hamas nie wpu\u015bci do swych podziemnych  korytarzy czy tunel\u00f3w palesty\u0144skich cywil\u00f3w, skoro codziennie wo\u0142a o &#8222;ludob\u00f3jstwie&#8221; pope\u0142nianym przez Izrael na mieszka\u0144cach Gazy? Podziemny labirynt finansowany prawdopodobnie tak\u017ce z humanitarnych fundusz\u00f3w pomocowych m\u00f3g\u0142by odegra\u0107 podobn\u0105 rol\u0119 jak korytarze kijowskiego metra: m\u00f3g\u0142by by\u0107 schronieniem. Nic takiego, o ile wiadomo, si\u0119 nie dzieje. Pewno dlatego, \u017ce labirynt ma s\u0142u\u017cy\u0107 nie ratowaniu cywil\u00f3w, tylko Hamasu.<\/p>\n\n\n\n<p>Podobnie trudno ustali\u0107, jakie s\u0105 prawdziwe liczby ofiar cywilnych w Strefie Gazy. Statystyki og\u0142asza kontrolowane politycznie przez Hamas ministerstwo zdrowia. Nie da si\u0119 zweryfikowa\u0107 dramatycznych i drastycznych filmik\u00f3w wrzucanych do internetu z frontu w Gazie. Specjali\u015bci dobrze wiedz\u0105, \u017ce takie filmiki mog\u0105 by\u0107 &#8222;ustawkami&#8221; wykorzystywanymi do rozbudzania emocji. Tylko niezale\u017cne i dobrze przygotowane technicznie i merytorycznie ekipy dziennikarskie mog\u0142yby tu pom\u00f3c, ale w\u0142a\u015bnie dlatego nie s\u0105 mile widziane ani przez Hamas, ani przez armi\u0119 izraelsk\u0105.<\/p>\n\n\n\n<p>To wszystko kiedy\u015b zostanie dok\u0142adnie zbadane i opisane. Ale p\u00f3ki tocz\u0105 si\u0119 dzia\u0142ania zbrojne i zakulisowe negocjacje, pe\u0142nej prawdy nie znamy. Na razie pozostaj\u0105 nam rzeczy fundamentalne jako punkt odniesienia w uczciwych dyskusjach. Rosja zaatakowa\u0142a Ukrain\u0119 bezprawnie. Hamas zaatakowa\u0142 Izrael, wykorzystuj\u0105c wewn\u0119trzny konflikt polityczny w Izraelu. Napa\u015b\u0107 mia\u0142a wsparcie Iranu, kt\u00f3ry chcia\u0142 zablokowa\u0107 uznanie Izraela przez Saudi\u0119.<\/p>\n\n\n\n<p>W obu przypadkach stawk\u0105 jest kwestia pa\u0144stwowa. Ukraina broni swej niepodleg\u0142o\u015bci, Palesty\u0144czycy oczekuj\u0105 realnej mapy drogowej, maj\u0105cej doprowadzi\u0107 do powstania ich pe\u0142nej pa\u0144stwowo\u015bci. Zar\u00f3wno Izrael, jak i Palesty\u0144czycy maj\u0105 prawo do w\u0142asnego pa\u0144stwa. Tak samo jak Ukrai\u0144cy maj\u0105 prawo do zachowania pa\u0144stwowej i narodowej niezale\u017cno\u015bci od Rosji. Rzecz\u0105 wolnego, demokratycznego Zachodu jest udzielenie ze swej strony Ukrainie, Izraelowi i Palesty\u0144czykom gwarancji, \u017ce mog\u0105 na tym polu na niego liczy\u0107.<\/p>\n","protected":false},"excerpt":{"rendered":"<p>Niemal codziennie s\u0142yszymy z\u0142e wie\u015bci z dwu szczeg\u00f3lnie wa\u017cnych front\u00f3w wojny: tej w Ukrainie i tej w Strefie Gazy. Przepchni\u0119cie przez Kongres ameryka\u0144ski ustawy przyznaj\u0105cej Ukrainie 61 mld dol. pomocy zabra\u0142o p\u00f3\u0142 roku. W tym czasie armia wykrwawia\u0142a si\u0119 w obronie terytorium pa\u0144stwa. Dostawy sprz\u0119tu mog\u0105 dotrze\u0107 na front za dwa, trzy miesi\u0105ce, tymczasem si\u0142y [&hellip;]<\/p>\n","protected":false},"author":3,"featured_media":13828,"comment_status":"open","ping_status":"closed","sticky":false,"template":"","format":"standard","meta":{"footnotes":""},"categories":[1],"tags":[],"_links":{"self":[{"href":"https:\/\/blog.polityka.pl\/szostkiewicz\/wp-json\/wp\/v2\/posts\/15423"}],"collection":[{"href":"https:\/\/blog.polityka.pl\/szostkiewicz\/wp-json\/wp\/v2\/posts"}],"about":[{"href":"https:\/\/blog.polityka.pl\/szostkiewicz\/wp-json\/wp\/v2\/types\/post"}],"author":[{"embeddable":true,"href":"https:\/\/blog.polityka.pl\/szostkiewicz\/wp-json\/wp\/v2\/users\/3"}],"replies":[{"embeddable":true,"href":"https:\/\/blog.polityka.pl\/szostkiewicz\/wp-json\/wp\/v2\/comments?post=15423"}],"version-history":[{"count":2,"href":"https:\/\/blog.polityka.pl\/szostkiewicz\/wp-json\/wp\/v2\/posts\/15423\/revisions"}],"predecessor-version":[{"id":15425,"href":"https:\/\/blog.polityka.pl\/szostkiewicz\/wp-json\/wp\/v2\/posts\/15423\/revisions\/15425"}],"wp:featuredmedia":[{"embeddable":true,"href":"https:\/\/blog.polityka.pl\/szostkiewicz\/wp-json\/wp\/v2\/media\/13828"}],"wp:attachment":[{"href":"https:\/\/blog.polityka.pl\/szostkiewicz\/wp-json\/wp\/v2\/media?parent=15423"}],"wp:term":[{"taxonomy":"category","embeddable":true,"href":"https:\/\/blog.polityka.pl\/szostkiewicz\/wp-json\/wp\/v2\/categories?post=15423"},{"taxonomy":"post_tag","embeddable":true,"href":"https:\/\/blog.polityka.pl\/szostkiewicz\/wp-json\/wp\/v2\/tags?post=15423"}],"curies":[{"name":"wp","href":"https:\/\/api.w.org\/{rel}","templated":true}]}}